{"id":196136,"date":"2025-03-17T14:13:16","date_gmt":"2025-03-17T11:13:16","guid":{"rendered":"https:\/\/www.enerjigazetesi.ist\/?p=196136"},"modified":"2025-03-17T14:13:16","modified_gmt":"2025-03-17T11:13:16","slug":"can2-termikten-genclerle-tarihe-yolculuk","status":"publish","type":"post","link":"https:\/\/www.enerjigazetesi.ist\/en\/can2-termikten-genclerle-tarihe-yolculuk\/","title":{"rendered":"(Turkish) \u00c7an2 Termik\u2019ten Gen\u00e7lerle Tarihe Yolculuk"},"content":{"rendered":"<p class=\"qtranxs-available-languages-message qtranxs-available-languages-message-en\">Sorry, this entry is only available in <a href=\"https:\/\/www.enerjigazetesi.ist\/tr\/wp-json\/wp\/v2\/posts\/196136\" class=\"qtranxs-available-language-link qtranxs-available-language-link-tr\" title=\"Turkish\">Turkish<\/a>. For the sake of viewer convenience, the content is shown below in the alternative language. You may click the link to switch the active language.<\/p><p><\/p>\n<h2><strong>\u00c7an2 Termik, bu y\u0131l da \u00c7an \u0130l\u00e7e E\u011fitim M\u00fcd\u00fcrl\u00fc\u011f\u00fc i\u015f birli\u011fiyle, yedi ortaokulun \u00f6\u011frencileri ile \u00c7anakkale \u015eehitli\u011fi\u2019ni ziyaret etti.<\/strong><\/h2>\n<p style=\"text-align: center;\"><img loading=\"lazy\" class=\"aligncenter wp-image-196138\" src=\"https:\/\/www.enerjigazetesi.ist\/wp-content\/uploads\/2025\/03\/can2-termikten-genclerle-tarihe-yolculuk.jpg\" alt=\"\" width=\"500\" height=\"375\" srcset=\"https:\/\/www.enerjigazetesi.ist\/wp-content\/uploads\/2025\/03\/can2-termikten-genclerle-tarihe-yolculuk.jpg 550w, https:\/\/www.enerjigazetesi.ist\/wp-content\/uploads\/2025\/03\/can2-termikten-genclerle-tarihe-yolculuk-300x225.jpg 300w, https:\/\/www.enerjigazetesi.ist\/wp-content\/uploads\/2025\/03\/can2-termikten-genclerle-tarihe-yolculuk-500x375.jpg 500w, https:\/\/www.enerjigazetesi.ist\/wp-content\/uploads\/2025\/03\/can2-termikten-genclerle-tarihe-yolculuk-67x50.jpg 67w\" sizes=\"(max-width: 500px) 100vw, 500px\" \/><\/p>\n<p>\u00c7an2 Termik Santrali taraf\u0131ndan, \u00c7anakkale Zaferi\u2019nin anlam\u0131n\u0131 ve ruhunu gen\u00e7 nesillere aktarmak amac\u0131yla d\u00fczenlenen geleneksel \u015fehitlik ziyareti, bu y\u0131l da ger\u00e7ekle\u015fti. \u00c7an2 Termik ve \u00c7an \u0130l\u00e7e Milli E\u011fitim M\u00fcd\u00fcrl\u00fc\u011f\u00fc i\u015f birli\u011fiyle hayata ge\u00e7irilen organizasyon kapsam\u0131nda, 13-14 Mart tarihinde \u00c7an\u2019daki yedi ayr\u0131 ortaokuldan 340 \u00f6\u011frenci, \u00c7anakkale \u015eehitli\u011fi\u2019ni ziyaret etti. Tarihe Yolculuk projesi kapsam\u0131nda ger\u00e7ekle\u015ftirilen gezide \u00f6\u011frenciler, rehberler e\u015fli\u011finde \u00c7anakkale \u015eehitli\u011fi\u2019ni ziyaret etti.<\/p>\n<h3><strong>\u00c7anakkale Zaferi Yerinde An\u0131ld\u0131<\/strong><\/h3>\n<p>Gen\u00e7lerin tarihi de\u011ferleri bizzat yerinde g\u00f6rerek milli bilinci g\u00fc\u00e7lendirmelerinin \u00f6nemine dikkat \u00e7eken\u00a0<strong>\u00c7an2 Termik Y\u00f6netim Kurulu \u00dcyesi Ali Kemal Kazanc\u0131<\/strong>, etkinli\u011fe dair \u015funlar\u0131 s\u00f6yledi: \u201c<em>\u00c7anakkale Zaferi, milletimizin inanc\u0131n\u0131, azmini ve fedak\u00e2rl\u0131\u011f\u0131n\u0131 t\u00fcm d\u00fcnyaya g\u00f6sterdi\u011fi bir kahramanl\u0131k destan\u0131d\u0131r. Gen\u00e7lerin tarih\u00ee de\u011ferleri daha derinden kavrayarak milli bilinci g\u00fc\u00e7lendirmeleri d\u00fc\u015f\u00fcncesiyle, gen\u00e7lerimizin bu tarihi miras\u0131 yaln\u0131zca kitaplardan de\u011fil, bizzat o topraklar\u0131 g\u00f6rerek, hissederek \u00f6\u011frenmesinin \u00e7ok k\u0131ymetli oldu\u011funa inan\u0131yoruz. Bu nedenle \u00c7an2 Termik olarak, bu y\u0131l da gen\u00e7lerimizi \u00c7anakkale ruhuyla bulu\u015fturman\u0131n gururunu ya\u015f\u0131yoruz. Ya\u015fayacaklar\u0131 bu deneyim onlar\u0131n tarihimize ve milli de\u011ferlerimize ba\u011fl\u0131l\u0131kla yeti\u015fmelerine katk\u0131 sa\u011flayaca\u011f\u0131na eminiz. Bu anlaml\u0131 organizasyon, \u00c7an2 Termik\u2019in sosyal sorumluluk \u00e7al\u0131\u015fmalar\u0131 kapsam\u0131nda e\u011fitime ve gen\u00e7lerin geli\u015fimine verdi\u011fi \u00f6nemin bir yans\u0131mas\u0131 olarak \u00f6n\u00fcm\u00fczdeki y\u0131llarda da devam edecek.\u201d<\/em><\/p>","protected":false},"excerpt":{"rendered":"<p>Sorry, this entry is only available in Turkish. For the sake of viewer convenience, the content is shown below in the alternative language. You may click the link to switch the active language. \u00c7an2 Termik, bu y\u0131l da \u00c7an \u0130l\u00e7e E\u011fitim M\u00fcd\u00fcrl\u00fc\u011f\u00fc i\u015f birli\u011fiyle, yedi ortaokulun \u00f6\u011frencileri ile \u00c7anakkale \u015eehitli\u011fi\u2019ni ziyaret etti. \u00c7an2 Termik Santrali [&hellip;]<\/p>\n","protected":false},"author":1,"featured_media":196138,"comment_status":"open","ping_status":"open","sticky":false,"template":"","format":"standard","meta":[],"categories":[53,24649],"tags":[111615,88156,45800],"views":13,"_links":{"self":[{"href":"https:\/\/www.enerjigazetesi.ist\/en\/wp-json\/wp\/v2\/posts\/196136"}],"collection":[{"href":"https:\/\/www.enerjigazetesi.ist\/en\/wp-json\/wp\/v2\/posts"}],"about":[{"href":"https:\/\/www.enerjigazetesi.ist\/en\/wp-json\/wp\/v2\/types\/post"}],"author":[{"embeddable":true,"href":"https:\/\/www.enerjigazetesi.ist\/en\/wp-json\/wp\/v2\/users\/1"}],"replies":[{"embeddable":true,"href":"https:\/\/www.enerjigazetesi.ist\/en\/wp-json\/wp\/v2\/comments?post=196136"}],"version-history":[{"count":0,"href":"https:\/\/www.enerjigazetesi.ist\/en\/wp-json\/wp\/v2\/posts\/196136\/revisions"}],"wp:featuredmedia":[{"embeddable":true,"href":"https:\/\/www.enerjigazetesi.ist\/en\/wp-json\/wp\/v2\/media\/196138"}],"wp:attachment":[{"href":"https:\/\/www.enerjigazetesi.ist\/en\/wp-json\/wp\/v2\/media?parent=196136"}],"wp:term":[{"taxonomy":"category","embeddable":true,"href":"https:\/\/www.enerjigazetesi.ist\/en\/wp-json\/wp\/v2\/categories?post=196136"},{"taxonomy":"post_tag","embeddable":true,"href":"https:\/\/www.enerjigazetesi.ist\/en\/wp-json\/wp\/v2\/tags?post=196136"}],"curies":[{"name":"wp","href":"https:\/\/api.w.org\/{rel}","templated":true}]}}