{"id":196105,"date":"2025-03-17T11:22:37","date_gmt":"2025-03-17T08:22:37","guid":{"rendered":"https:\/\/www.enerjigazetesi.ist\/?p=196105"},"modified":"2025-03-17T11:22:37","modified_gmt":"2025-03-17T08:22:37","slug":"socar-turkiye-ve-odtu-is-birligiyle-enerji-konferansi-duzenlendi","status":"publish","type":"post","link":"https:\/\/www.enerjigazetesi.ist\/en\/socar-turkiye-ve-odtu-is-birligiyle-enerji-konferansi-duzenlendi\/","title":{"rendered":"(Turkish) SOCAR T\u00fcrkiye ve ODT\u00dc \u0130\u015f Birli\u011fiyle \u201cEnerji Konferans\u0131\u201d D\u00fczenlendi"},"content":{"rendered":"<p class=\"qtranxs-available-languages-message qtranxs-available-languages-message-en\">Sorry, this entry is only available in <a href=\"https:\/\/www.enerjigazetesi.ist\/tr\/wp-json\/wp\/v2\/posts\/196105\" class=\"qtranxs-available-language-link qtranxs-available-language-link-tr\" title=\"Turkish\">Turkish<\/a>. For the sake of viewer convenience, the content is shown below in the alternative language. You may click the link to switch the active language.<\/p><p><\/p>\n<h2><strong>SOCAR T\u00fcrkiye<\/strong><strong> ve Orta Do\u011fu Teknik \u00dcniversitesi i\u015f birli\u011fi ile ger\u00e7ekle\u015ftirilen konferansta, enerji sekt\u00f6r\u00fcndeki k\u00fcresel ve b\u00f6lgesel geli\u015fmeler ve trendler ele al\u0131nd\u0131. Enerjinin farkl\u0131 alanlar\u0131na y\u00f6nelik ger\u00e7ekle\u015fen oturumlara ev sahipli\u011fi yapan konferans, kamu ve \u00f6zel sekt\u00f6r temsilcileri ile alan\u0131nda uzman akademisyenleri bir araya getirdi.<\/strong><\/h2>\n<p style=\"text-align: center;\"><img loading=\"lazy\" class=\"aligncenter wp-image-196107\" src=\"https:\/\/www.enerjigazetesi.ist\/wp-content\/uploads\/2025\/03\/socar-turkiye-ve-odtu-is-birligiyle-enerji-konferansi-duzenlendi-1.jpg\" alt=\"\" width=\"500\" height=\"334\" srcset=\"https:\/\/www.enerjigazetesi.ist\/wp-content\/uploads\/2025\/03\/socar-turkiye-ve-odtu-is-birligiyle-enerji-konferansi-duzenlendi-1.jpg 550w, https:\/\/www.enerjigazetesi.ist\/wp-content\/uploads\/2025\/03\/socar-turkiye-ve-odtu-is-birligiyle-enerji-konferansi-duzenlendi-1-300x200.jpg 300w, https:\/\/www.enerjigazetesi.ist\/wp-content\/uploads\/2025\/03\/socar-turkiye-ve-odtu-is-birligiyle-enerji-konferansi-duzenlendi-1-500x334.jpg 500w, https:\/\/www.enerjigazetesi.ist\/wp-content\/uploads\/2025\/03\/socar-turkiye-ve-odtu-is-birligiyle-enerji-konferansi-duzenlendi-1-75x50.jpg 75w, https:\/\/www.enerjigazetesi.ist\/wp-content\/uploads\/2025\/03\/socar-turkiye-ve-odtu-is-birligiyle-enerji-konferansi-duzenlendi-1-450x300.jpg 450w\" sizes=\"(max-width: 500px) 100vw, 500px\" \/><\/p>\n<p>T\u00fcrkiye\u2019nin en b\u00fcy\u00fck do\u011frudan d\u0131\u015f yat\u0131r\u0131mc\u0131s\u0131 ve entegre end\u00fcstri grubu SOCAR T\u00fcrkiye taraf\u0131ndan Orta Do\u011fu Teknik \u00dcniversitesi (ODT\u00dc) i\u015f birli\u011fiyle d\u00fczenlenen \u201cEnerji Konferans\u0131\u201d, sekt\u00f6r\u00fcn \u00f6nemli payda\u015flar\u0131n\u0131 bulu\u015fturarak enerji alan\u0131nda bilgi ve deneyim payla\u015f\u0131m\u0131na ortam yaratan konferansta, enerji politikalar\u0131 ve b\u00f6lgesel i\u015f birli\u011fi, Azerbaycan-T\u00fcrkiye enerji ortakl\u0131\u011f\u0131, enerji d\u00f6n\u00fc\u015f\u00fcm\u00fcnde petrol ve do\u011fal gaz\u0131n rol\u00fc, s\u00fcrd\u00fcr\u00fclebilirlik ve \u00e7evresel etkiler, yenilenebilir enerji teknolojileri ve sekt\u00f6rde inovatif \u00e7\u00f6z\u00fcmler gibi ba\u015fl\u0131klar ele al\u0131nd\u0131.<\/p>\n<p>ODT\u00dc Ara\u015ft\u0131rma Park\u0131 B\u00fcy\u00fck Seminer Salonu\u2019nda ger\u00e7ekle\u015fen etkinli\u011fin a\u00e7\u0131l\u0131\u015f konu\u015fmalar\u0131n\u0131 Azerbaycan Cumhuriyeti Ankara B\u00fcy\u00fckel\u00e7isi Dr. Rashad Mammadov, Enerji ve Tabii Kaynaklar Bakan Yard\u0131mc\u0131s\u0131 Nevzat \u015eat\u0131ro\u011flu, SOCAR T\u00fcrkiye CEO\u2019su Elchin Ibadov ve ODT\u00dc Rekt\u00f6r\u00fc Prof. Dr. Ahmet Yozgatl\u0131gil \u00a0ger\u00e7ekle\u015ftirdi.<\/p>\n<h3><strong>\u201cGelece\u011fin Enerji Stratejilerini, Ancak Bilgi ve Deneyim Payla\u015f\u0131m\u0131n\u0131 Art\u0131rarak Daha Sa\u011flam Temellere Oturtabiliriz.\u201d<\/strong><\/h3>\n<p><strong>SOCAR T\u00fcrkiye CEO\u2019su Elchin Ibadov<\/strong>, konu\u015fmas\u0131nda akademinin rehberli\u011fi ve kamu-\u00f6zel sekt\u00f6r i\u015f birli\u011finin ortak gelecek i\u00e7in kritik \u00f6nem ta\u015f\u0131d\u0131\u011f\u0131n\u0131 vurgulad\u0131 ve <em>\u201cSOCAR T\u00fcrkiye olarak, enerji alan\u0131ndaki bilgi ve deneyimlerimizi aktarabilece\u011fimiz, sekt\u00f6r\u00fcn bug\u00fcn\u00fc ve gelece\u011fini, alan\u0131nda uzman konu\u015fmac\u0131larla birlikte tart\u0131\u015fabilece\u011fimiz bir platform yaratmak istedik. \u00a0Gelece\u011fin enerji stratejilerini, ancak bilgi ve deneyim payla\u015f\u0131m\u0131n\u0131 art\u0131rarak daha sa\u011flam temellere oturtabiliriz. Akademik d\u00fcnyan\u0131n bilimsel bak\u0131\u015f a\u00e7\u0131s\u0131n\u0131 sekt\u00f6r\u00fcn deneyimiyle bulu\u015fturman\u0131n hepimize yeni bak\u0131\u015f a\u00e7\u0131lar\u0131 kazand\u0131raca\u011f\u0131na inan\u0131yoruz\u201d<\/em> dedi.<\/p>\n<h3><strong>SOCAR T\u00fcrkiye ve ODT\u00dc \u0130\u015f Birli\u011fiyle Enerji Alan\u0131nda Sertifika Program\u0131 Olu\u015fturulacak<\/strong><\/h3>\n<p>Elchin Ibadov, SOCAR T\u00fcrkiye olarak enerji alan\u0131nda nitelikli insan kayna\u011f\u0131 yeti\u015ftirmeye b\u00fcy\u00fck \u00f6nem verdiklerini belirterek s\u00f6zlerine \u015f\u00f6yle devam etti: <em>\u201cUzun bir ge\u00e7mi\u015fe dayanan bilgi ve deneyimlerimizi, enerji alan\u0131nda uzmanla\u015fmak isteyen ki\u015filerle payla\u015fman\u0131n bir sorumluluk oldu\u011funu d\u00fc\u015f\u00fcnerek ge\u00e7ti\u011fimiz y\u0131llarda SOCAR Energy School program\u0131n\u0131 hayata ge\u00e7irmi\u015ftik. Bu platformun bir benzerini \u015fimdi de ODT\u00dc ile ger\u00e7ekle\u015ftirmek i\u00e7in \u00e7al\u0131\u015fmalar\u0131m\u0131za ba\u015flad\u0131k. \u0130nan\u0131yoruz ki, de\u011ferli akademisyenlerimizin katk\u0131lar\u0131yla bu muazzam bilgi ve deneyimi daha geni\u015f kitlelere ula\u015ft\u0131rabilece\u011fiz. Birlikte olu\u015fturaca\u011f\u0131m\u0131z sertifika program\u0131n\u0131n detayl\u0131 i\u00e7eri\u011fini \u00e7ok yak\u0131nda payla\u015faca\u011f\u0131z.\u201d<\/em><\/p>\n<p>SOCAR T\u00fcrkiye, ODT\u00dc ile s\u00fcrd\u00fcrd\u00fc\u011f\u00fc bu i\u015f birli\u011fini gelecekte de devam ettirerek, sekt\u00f6r temsilcileriyle akademisyenleri bulu\u015fturmaya ve s\u00fcrd\u00fcr\u00fclebilir enerji \u00e7\u00f6z\u00fcmleri konusunda fark\u0131ndal\u0131k yaratmaya devam etmeyi hedefliyor.<\/p>","protected":false},"excerpt":{"rendered":"<p>Sorry, this entry is only available in Turkish. For the sake of viewer convenience, the content is shown below in the alternative language. You may click the link to switch the active language. SOCAR T\u00fcrkiye ve Orta Do\u011fu Teknik \u00dcniversitesi i\u015f birli\u011fi ile ger\u00e7ekle\u015ftirilen konferansta, enerji sekt\u00f6r\u00fcndeki k\u00fcresel ve b\u00f6lgesel geli\u015fmeler ve trendler ele al\u0131nd\u0131. [&hellip;]<\/p>\n","protected":false},"author":1,"featured_media":196108,"comment_status":"open","ping_status":"open","sticky":false,"template":"","format":"standard","meta":[],"categories":[46,53,44],"tags":[977,985,1567,50491],"views":25,"_links":{"self":[{"href":"https:\/\/www.enerjigazetesi.ist\/en\/wp-json\/wp\/v2\/posts\/196105"}],"collection":[{"href":"https:\/\/www.enerjigazetesi.ist\/en\/wp-json\/wp\/v2\/posts"}],"about":[{"href":"https:\/\/www.enerjigazetesi.ist\/en\/wp-json\/wp\/v2\/types\/post"}],"author":[{"embeddable":true,"href":"https:\/\/www.enerjigazetesi.ist\/en\/wp-json\/wp\/v2\/users\/1"}],"replies":[{"embeddable":true,"href":"https:\/\/www.enerjigazetesi.ist\/en\/wp-json\/wp\/v2\/comments?post=196105"}],"version-history":[{"count":0,"href":"https:\/\/www.enerjigazetesi.ist\/en\/wp-json\/wp\/v2\/posts\/196105\/revisions"}],"wp:featuredmedia":[{"embeddable":true,"href":"https:\/\/www.enerjigazetesi.ist\/en\/wp-json\/wp\/v2\/media\/196108"}],"wp:attachment":[{"href":"https:\/\/www.enerjigazetesi.ist\/en\/wp-json\/wp\/v2\/media?parent=196105"}],"wp:term":[{"taxonomy":"category","embeddable":true,"href":"https:\/\/www.enerjigazetesi.ist\/en\/wp-json\/wp\/v2\/categories?post=196105"},{"taxonomy":"post_tag","embeddable":true,"href":"https:\/\/www.enerjigazetesi.ist\/en\/wp-json\/wp\/v2\/tags?post=196105"}],"curies":[{"name":"wp","href":"https:\/\/api.w.org\/{rel}","templated":true}]}}