{"id":196084,"date":"2025-03-14T15:47:39","date_gmt":"2025-03-14T12:47:39","guid":{"rendered":"https:\/\/www.enerjigazetesi.ist\/?p=196084"},"modified":"2025-03-14T15:49:57","modified_gmt":"2025-03-14T12:49:57","slug":"yeka-ges-2024-yarismalarina-yonelik-sozlesmeler-imzalandi","status":"publish","type":"post","link":"https:\/\/www.enerjigazetesi.ist\/en\/yeka-ges-2024-yarismalarina-yonelik-sozlesmeler-imzalandi\/","title":{"rendered":"(Turkish) YEKA GES-2024 Yar\u0131\u015fmalar\u0131na Y\u00f6nelik S\u00f6zle\u015fmeler \u0130mzaland\u0131"},"content":{"rendered":"<p class=\"qtranxs-available-languages-message qtranxs-available-languages-message-en\">Sorry, this entry is only available in <a href=\"https:\/\/www.enerjigazetesi.ist\/tr\/wp-json\/wp\/v2\/posts\/196084\" class=\"qtranxs-available-language-link qtranxs-available-language-link-tr\" title=\"Turkish\">Turkish<\/a>. For the sake of viewer convenience, the content is shown below in the alternative language. You may click the link to switch the active language.<\/p><p><\/p>\n<h2><strong>Enerji ve Tabii Kaynaklar Bakanl\u0131\u011f\u0131&#8217;n\u0131n d\u00fczenledi\u011fi g\u00fcne\u015f enerjisine dayal\u0131 Yenilenebilir Enerji Kaynak Alanlar\u0131 (YEKA GES-2024) yar\u0131\u015fmalar\u0131 \u00e7er\u00e7evesinde, 6 farkl\u0131 alanda toplam da 800 megavat kapasite i\u00e7in tahsis edilen projelere y\u00f6nelik s\u00f6zle\u015fmeler imzaland\u0131.<\/strong><\/h2>\n<p style=\"text-align: center;\"><img loading=\"lazy\" class=\"aligncenter wp-image-196087\" src=\"https:\/\/www.enerjigazetesi.ist\/wp-content\/uploads\/2025\/03\/yeka-ges-2024-yarismalarina-yonelik-sozlesmeler-imzalandi.jpg\" alt=\"\" width=\"500\" height=\"300\" srcset=\"https:\/\/www.enerjigazetesi.ist\/wp-content\/uploads\/2025\/03\/yeka-ges-2024-yarismalarina-yonelik-sozlesmeler-imzalandi.jpg 550w, https:\/\/www.enerjigazetesi.ist\/wp-content\/uploads\/2025\/03\/yeka-ges-2024-yarismalarina-yonelik-sozlesmeler-imzalandi-300x180.jpg 300w, https:\/\/www.enerjigazetesi.ist\/wp-content\/uploads\/2025\/03\/yeka-ges-2024-yarismalarina-yonelik-sozlesmeler-imzalandi-500x300.jpg 500w, https:\/\/www.enerjigazetesi.ist\/wp-content\/uploads\/2025\/03\/yeka-ges-2024-yarismalarina-yonelik-sozlesmeler-imzalandi-80x48.jpg 80w\" sizes=\"(max-width: 500px) 100vw, 500px\" \/><\/p>\n<p>Bakanl\u0131\u011f\u0131n a\u00e7\u0131klamas\u0131na g\u00f6re, yar\u0131\u015fmalardan<strong> 100 milyon 755 bin dolar<\/strong> katk\u0131 pay\u0131 elde edildi. YEKA RES-2024 yar\u0131\u015fmalar\u0131 s\u00f6zle\u015fmelerinden hemen sonra, 4 \u015eubat\u2019ta ger\u00e7ekle\u015ftirilen YEKA GES-2024 yar\u0131\u015fmalar\u0131n\u0131n s\u00f6zle\u015fmeleri de <strong>Enerji ve Tabii Kaynaklar Bakan Yard\u0131mc\u0131s\u0131 Zafer Demircan<\/strong>\u2019\u0131n himayelerinde <strong>Enerji \u0130\u015fleri Genel M\u00fcd\u00fcr\u00fc Ahmet \u00d6zkaya<\/strong> ve yar\u0131\u015fmay\u0131 kazanan firmalar\u0131n yetkililerince bakanl\u0131kta imzaland\u0131.<\/p>\n<p>S\u00f6zle\u015fmelerin imzalanmas\u0131 ile \u015firketler i\u00e7in <strong>60 ayl\u0131k serbest piyasada sat\u0131\u015f s\u00fcreci<\/strong> resmen ba\u015flam\u0131\u015f oldu. A\u00e7\u0131klamada, t\u00f6rendeki konu\u015fmas\u0131na yer verilen Demircan, YEKA projelerinin T\u00fcrkiye\u2019nin yenilenebilir enerji hedeflerine ula\u015fmas\u0131nda kritik bir rol oynad\u0131\u011f\u0131na vurgu yaparak, <em>\u201cHepimiz i\u00e7in yeni bir s\u00fcre\u00e7 ba\u015fl\u0131yor. S\u00fcrecin h\u0131zland\u0131r\u0131lmas\u0131 ad\u0131na Bakanl\u0131\u011f\u0131m\u0131z \u00fczerine d\u00fc\u015feni yapmaya devam edecek. Bu projelerin ba\u015far\u0131l\u0131 olabilmesi i\u00e7in gerekli olan idari deste\u011fi veriyoruz, vermeye de devam edece\u011fiz. Sizlerden de i\u015finizi h\u0131zl\u0131 ve usul\u00fcne uygun bir \u015fekilde y\u00fcr\u00fctmenizi bekliyoruz.\u201d <\/em>dedi.<\/p>\n<p>\u015eirket yetkililerine s\u00fcrece y\u00f6nelik bilgi sunan Demircan, \u00f6nlisans ba\u015fvurular\u0131n\u0131n 15 g\u00fcn i\u00e7inde tamamlanmas\u0131 ve i\u015f programlar\u0131n\u0131n 30 g\u00fcn i\u00e7erisinde Enerji \u0130\u015fleri Genel M\u00fcd\u00fcrl\u00fc\u011f\u00fcne sunulmas\u0131n\u0131n gerekti\u011fini belirtti. Demircan, \u00c7evresel Etki De\u011ferlendirme (\u00c7ED) devir i\u015flemlerinin h\u0131zla tamamlanmas\u0131 gerekti\u011fine de vurgu yaparak, Bakanl\u0131k\u00e7a projelerin \u00c7ED s\u00fcre\u00e7lerinin de ba\u015flad\u0131\u011f\u0131n\u0131 belirtti.<\/p>","protected":false},"excerpt":{"rendered":"<p>Sorry, this entry is only available in Turkish. For the sake of viewer convenience, the content is shown below in the alternative language. You may click the link to switch the active language. Enerji ve Tabii Kaynaklar Bakanl\u0131\u011f\u0131&#8217;n\u0131n d\u00fczenledi\u011fi g\u00fcne\u015f enerjisine dayal\u0131 Yenilenebilir Enerji Kaynak Alanlar\u0131 (YEKA GES-2024) yar\u0131\u015fmalar\u0131 \u00e7er\u00e7evesinde, 6 farkl\u0131 alanda toplam da [&hellip;]<\/p>\n","protected":false},"author":1,"featured_media":196089,"comment_status":"open","ping_status":"open","sticky":false,"template":"","format":"standard","meta":[],"categories":[53,49],"tags":[2326,2206,6286,115472,35318,115920,31711],"views":17,"_links":{"self":[{"href":"https:\/\/www.enerjigazetesi.ist\/en\/wp-json\/wp\/v2\/posts\/196084"}],"collection":[{"href":"https:\/\/www.enerjigazetesi.ist\/en\/wp-json\/wp\/v2\/posts"}],"about":[{"href":"https:\/\/www.enerjigazetesi.ist\/en\/wp-json\/wp\/v2\/types\/post"}],"author":[{"embeddable":true,"href":"https:\/\/www.enerjigazetesi.ist\/en\/wp-json\/wp\/v2\/users\/1"}],"replies":[{"embeddable":true,"href":"https:\/\/www.enerjigazetesi.ist\/en\/wp-json\/wp\/v2\/comments?post=196084"}],"version-history":[{"count":0,"href":"https:\/\/www.enerjigazetesi.ist\/en\/wp-json\/wp\/v2\/posts\/196084\/revisions"}],"wp:featuredmedia":[{"embeddable":true,"href":"https:\/\/www.enerjigazetesi.ist\/en\/wp-json\/wp\/v2\/media\/196089"}],"wp:attachment":[{"href":"https:\/\/www.enerjigazetesi.ist\/en\/wp-json\/wp\/v2\/media?parent=196084"}],"wp:term":[{"taxonomy":"category","embeddable":true,"href":"https:\/\/www.enerjigazetesi.ist\/en\/wp-json\/wp\/v2\/categories?post=196084"},{"taxonomy":"post_tag","embeddable":true,"href":"https:\/\/www.enerjigazetesi.ist\/en\/wp-json\/wp\/v2\/tags?post=196084"}],"curies":[{"name":"wp","href":"https:\/\/api.w.org\/{rel}","templated":true}]}}