{"id":196029,"date":"2025-03-14T10:51:42","date_gmt":"2025-03-14T07:51:42","guid":{"rendered":"https:\/\/www.enerjigazetesi.ist\/?p=196029"},"modified":"2025-03-14T10:51:42","modified_gmt":"2025-03-14T07:51:42","slug":"eksim-enerjiden-56-mwlik-yeni-ruzgar-turbini-yatirimi","status":"publish","type":"post","link":"https:\/\/www.enerjigazetesi.ist\/en\/eksim-enerjiden-56-mwlik-yeni-ruzgar-turbini-yatirimi\/","title":{"rendered":"(Turkish) &#8217;Eksim Enerji&#8217;den 56 MW\u2019l\u0131k Yeni R\u00fczgar T\u00fcrbini Yat\u0131r\u0131m\u0131"},"content":{"rendered":"<p class=\"qtranxs-available-languages-message qtranxs-available-languages-message-en\">Sorry, this entry is only available in <a href=\"https:\/\/www.enerjigazetesi.ist\/tr\/wp-json\/wp\/v2\/posts\/196029\" class=\"qtranxs-available-language-link qtranxs-available-language-link-tr\" title=\"Turkish\">Turkish<\/a>. For the sake of viewer convenience, the content is shown below in the alternative language. You may click the link to switch the active language.<\/p><p><\/p>\n<h2><strong>Eksim Enerji,r\u00fczgar t\u00fcrbini alan\u0131nda d\u00fcnyan\u0131n lider \u00fcreticilerinden Nordex Group ile 56 MW kapasiteli toplam 8 adet t\u00fcrbin al\u0131m\u0131 anla\u015fmas\u0131 yapt\u0131. 2025 ve 2026 y\u0131llar\u0131n\u0131 kapsayan yat\u0131r\u0131m do\u011frultusunda tedarik edilecek r\u00fczgar t\u00fcrbinlerinin Marmara, Ege, Akdeniz ve Karadeniz b\u00f6lgelerinde yer alan Eksim Enerji santrallerinde kapasite art\u0131\u015f\u0131n\u0131 sa\u011flamak amac\u0131yla devreye al\u0131nmas\u0131 planlan\u0131yor.<\/strong><\/h2>\n<p style=\"text-align: center;\"><img loading=\"lazy\" class=\"aligncenter wp-image-196032\" src=\"https:\/\/www.enerjigazetesi.ist\/wp-content\/uploads\/2025\/03\/eksim-enerjiden-56-mwlik-yeni-ruzgar-turbini-yatirimi.jpg\" alt=\"\" width=\"500\" height=\"360\" srcset=\"https:\/\/www.enerjigazetesi.ist\/wp-content\/uploads\/2025\/03\/eksim-enerjiden-56-mwlik-yeni-ruzgar-turbini-yatirimi.jpg 550w, https:\/\/www.enerjigazetesi.ist\/wp-content\/uploads\/2025\/03\/eksim-enerjiden-56-mwlik-yeni-ruzgar-turbini-yatirimi-300x216.jpg 300w, https:\/\/www.enerjigazetesi.ist\/wp-content\/uploads\/2025\/03\/eksim-enerjiden-56-mwlik-yeni-ruzgar-turbini-yatirimi-500x360.jpg 500w, https:\/\/www.enerjigazetesi.ist\/wp-content\/uploads\/2025\/03\/eksim-enerjiden-56-mwlik-yeni-ruzgar-turbini-yatirimi-69x50.jpg 69w\" sizes=\"(max-width: 500px) 100vw, 500px\" \/><\/p>\n<p>T\u00fcrkiye\u2019nin her b\u00f6lgesinde ger\u00e7ekle\u015ftirdi\u011fi yat\u0131r\u0131mlarla ye\u015fil enerjinin geli\u015fimine ve yayg\u0131nla\u015fmas\u0131na katk\u0131da bulunan Eksim Enerji, 2025 y\u0131l\u0131yla birlikte yeni r\u00fczgar t\u00fcrbini yat\u0131r\u0131mlar\u0131n\u0131 devreye almaya odakland\u0131. Bu kapsamda \u015firket, d\u00fcnyan\u0131n \u00f6nde gelen r\u00fczgar t\u00fcrbinleri tasar\u0131mc\u0131s\u0131 ve \u00fcreticisi<strong>\u00a0N<\/strong>ordex ile kapasite art\u0131\u015f\u0131 \u00a0yat\u0131r\u0131mlar\u0131 do\u011frultusunda toplam 56 MW kapasiteli 8 adet N163\/6.X t\u00fcrbin i\u00e7in el s\u0131k\u0131\u015ft\u0131.<\/p>\n<p>R\u00fczgar t\u00fcrbinleri<strong>,\u00a0<\/strong>Eksim Enerji\u2019nin Marmara, Ege, Akdeniz ve Karadeniz b\u00f6lgelerinde bulunan Silivri, Susurluk, Ovac\u0131k, Seferihisar, Hasanbeyli ve Killik RES\u2019lerde devreye al\u0131nacak. Anla\u015fma kapsam\u0131nda Nordex, 10 y\u0131l boyunca Eksim Enerji\u2019ye premium bak\u0131m ve destek hizmeti de sunacak.<\/p>\n<h3><strong>\u201cT\u00fcrkiye\u2019nin Ye\u015fil Gelece\u011fine Yat\u0131r\u0131m Yap\u0131yoruz\u201d<\/strong><\/h3>\n<div id=\"attachment_196031\" style=\"width: 510px\" class=\"wp-caption aligncenter\"><img aria-describedby=\"caption-attachment-196031\" loading=\"lazy\" class=\"wp-image-196031\" src=\"https:\/\/www.enerjigazetesi.ist\/wp-content\/uploads\/2025\/03\/eksim-enerjiden-56-mwlik-yeni-ruzgar-turbini-yatirimi-1.jpg\" alt=\"\" width=\"500\" height=\"387\" srcset=\"https:\/\/www.enerjigazetesi.ist\/wp-content\/uploads\/2025\/03\/eksim-enerjiden-56-mwlik-yeni-ruzgar-turbini-yatirimi-1.jpg 550w, https:\/\/www.enerjigazetesi.ist\/wp-content\/uploads\/2025\/03\/eksim-enerjiden-56-mwlik-yeni-ruzgar-turbini-yatirimi-1-300x232.jpg 300w, https:\/\/www.enerjigazetesi.ist\/wp-content\/uploads\/2025\/03\/eksim-enerjiden-56-mwlik-yeni-ruzgar-turbini-yatirimi-1-500x387.jpg 500w, https:\/\/www.enerjigazetesi.ist\/wp-content\/uploads\/2025\/03\/eksim-enerjiden-56-mwlik-yeni-ruzgar-turbini-yatirimi-1-65x50.jpg 65w, https:\/\/www.enerjigazetesi.ist\/wp-content\/uploads\/2025\/03\/eksim-enerjiden-56-mwlik-yeni-ruzgar-turbini-yatirimi-1-260x200.jpg 260w\" sizes=\"(max-width: 500px) 100vw, 500px\" \/><p id=\"caption-attachment-196031\" class=\"wp-caption-text\">Eksim Enerji CEO\u2019su Ark\u0131n Akbay<\/p><\/div>\n<p><strong>Eksim Enerji CEO\u2019su Ark\u0131n Akbay<\/strong> elektrik talebindeki b\u00fcy\u00fcme h\u0131z\u0131 ve \u00fclkemizin karasal r\u00fczgar enerjisi potansiyeli dikkate al\u0131nd\u0131\u011f\u0131nda ye\u015fil enerji yat\u0131r\u0131mlar\u0131n\u0131n \u00f6ne \u00e7\u0131kt\u0131\u011f\u0131na de\u011findi. Akbay; <em>\u201cElektrik \u00fcretiminin ger\u00e7ek maliyetlerinin tarifeler yoluyla ve t\u00fcketicinin<strong>\u00a0<\/strong>korunmas\u0131 amac\u0131yla, k\u0131smen t\u00fcketiciye yans\u0131t\u0131lmas\u0131na ve yat\u0131r\u0131m finansman maliyetlerinin art\u0131\u015f\u0131na ra\u011fmen \u00fclkemizin ye\u015fil gelece\u011fi i\u00e7in sosyal ve \u00e7evresel s\u00fcrd\u00fcr\u00fclebilirli\u011fi \u00f6nceliyor, yat\u0131r\u0131mlar\u0131m\u0131za h\u0131z kesmeden devam ediyoruz.\u00a0\u015eirket olarak kapasite kullan\u0131m\u0131m\u0131z\u0131 ve birim alandan daha fazla enerji \u00fcretimini art\u0131rmak ve 2053 net s\u0131f\u0131r hedefine daha h\u0131zl\u0131 ula\u015fmak i\u00e7ingerek teknoloji gerekse santral yat\u0131r\u0131mlar\u0131m\u0131zda, alan\u0131ndaki en y\u00fcksek kalitedeki ekipman ve hizmet tedarik\u00e7ileri ile \u00e7al\u0131\u015f\u0131yoruz\u201d<\/em> dedi.<\/p>\n<p>Eksim Enerji\u2019nin stratejik i\u015f birliklerine verdi\u011fi \u00f6nemin alt\u0131n\u0131 \u00e7izen Akbay,<em> \u201c\u00dclkemizde \u00f6rnek bir yenilenebilir enerji \u015firketi konumuna gelmemizde \u00e7al\u0131\u015fma arkada\u015flar\u0131m\u0131z\u0131n tecr\u00fcbesi, s\u00fcrekli iyile\u015ftirme k\u00fclt\u00fcr\u00fcm\u00fcz ve organizasyonel varl\u0131\u011f\u0131m\u0131z kadar, i\u015f ortaklar\u0131m\u0131z\u0131n da b\u00fcy\u00fck katk\u0131lar\u0131 bulunuyor.\u00a0<strong>2029\u2019a kadar 1.412 MW\u2019l\u0131k yenilenebilir enerji projemizi hayata ge\u00e7irme yolunda Nordex\u2019den ger\u00e7ekle\u015ftirece\u011fimiz t\u00fcrbin tedariki, 56 MW\u2019l\u0131k b\u00fcy\u00fckl\u00fc\u011f\u00fcyle uzun soluklu i\u015f birli\u011fimize ivme kazand\u0131ran \u00f6nemli bir ad\u0131m<\/strong><strong>\u201d<\/strong><\/em> \u015feklinde konu\u015ftu. Akbay, Nordex Group\u2019tan son olarak 2022 y\u0131l\u0131nda Geyve ve Silivri\u2019de yer alan tesisleri i\u00e7in 22 adet 163\/6.X t\u00fcrbin sipari\u015fi verdiklerini de s\u00f6zlerine ekledi.<\/p>\n<h3><strong>T\u00fcrkiye\u2019nin Her B\u00f6lgesine Yat\u0131r\u0131m Yap\u0131yor<\/strong><\/h3>\n<p>Yaln\u0131zca y\u00fczde y\u00fcz yenilenebilir enerji alan\u0131na yat\u0131r\u0131m yapmay\u0131 s\u00fcrd\u00fcren Eksim Enerji, T\u00fcrkiye\u2019nin her b\u00f6lgesinde bulunan yat\u0131r\u0131mlar\u0131yla RES, GES, HES ve BES\u2019ten enerji \u00fcretimi ger\u00e7ekle\u015ftiriyor. Akbay, <em>\u201cT\u00fcrkiye\u2019nin her b\u00f6lgesinde yat\u0131r\u0131m yaparak \u00fclkemizin enerji arz\u0131na, enerji ba\u011f\u0131ms\u0131zl\u0131\u011f\u0131na, s\u00fcrd\u00fcr\u00fclebilirlik hedeflerine ve ekonomisine katk\u0131da bulunmaktan gurur duyuyoruz. Yat\u0131r\u0131m yapt\u0131\u011f\u0131m\u0131z b\u00f6lgelerde ger\u00e7ekle\u015ftirdi\u011fimiz sosyal sorumluluk faaliyetleriyle de b\u00f6lge halk\u0131n\u0131n refah\u0131na, geli\u015fimine ve ya\u015fam kalitesinin art\u0131r\u0131lmas\u0131na destek oluyoruz. Bu topraklar\u0131n bereketli ikliminden kazand\u0131\u011f\u0131m\u0131z\u0131\u0131, yine bu topraklara harcamak bizim i\u00e7in b\u00fcy\u00fck k\u0131van\u00e7\u201d<\/em> dedi.<\/p>\n<h3><strong>\u201cSadece T\u00fcrkiye&#8217;de De\u011fil, Farkl\u0131 Co\u011frafyalarda da \u00c7e\u015fitli Projelerimiz Var\u201d\u00a0<\/strong><\/h3>\n<p><strong>Nordex Enerji A.\u015e. T\u00fcrkiye ve Ortado\u011fu B\u00f6lgesi Ba\u015fkan Yard\u0131mc\u0131s\u0131 ve Genel M\u00fcd\u00fcr\u00fc Ender \u00d6zatay<\/strong> da anla\u015fmaya y\u00f6nelik yapt\u0131\u011f\u0131 a\u00e7\u0131klamada, Eksim Enerji ile i\u015f birliklerinin uzun y\u0131llar \u00f6ncesine dayand\u0131\u011f\u0131n\u0131 vurgulad\u0131.<\/p>\n<p>Ender \u00d6zatay, <em>\u201cNordex Group, T\u00fcrkiye&#8217;ye ilk ad\u0131m att\u0131\u011f\u0131nda yerel pazarda bilinirli\u011fini hen\u00fcz sa\u011fl\u0131yor olmas\u0131na ra\u011fmen Eksim Enerji bize inand\u0131 ve farkl\u0131 b\u00f6lgelerde farkl\u0131 co\u011frafi ko\u015fullarda kurulmak \u00fczere Nordex t\u00fcrbinlerini se\u00e7ti. Bug\u00fcn kapasite art\u0131\u015f\u0131 i\u00e7in yeniden anla\u015fma yapt\u0131k. Daha \u00f6nce kurulumunu ger\u00e7ekle\u015ftirdi\u011fimiz Nordex t\u00fcrbinlerinin yan\u0131na g\u00fcncel teknoloji ile geli\u015ftirdi\u011fimiz yeni t\u00fcrbinleri de ekleyecek olman\u0131n mutlulu\u011fu i\u00e7indeyiz. Eksim Enerji ile sadece T\u00fcrkiye&#8217;de de\u011fil, farkl\u0131 co\u011frafyalarda da \u00e7e\u015fitli projelerimiz var. Artarak devam eden bu i\u015f birli\u011fimizi olduk\u00e7a k\u0131ymetli buluyorum\u201d<\/em> \u015feklinde konu\u015ftu.<\/p>","protected":false},"excerpt":{"rendered":"<p>Sorry, this entry is only available in Turkish. For the sake of viewer convenience, the content is shown below in the alternative language. You may click the link to switch the active language. Eksim Enerji,r\u00fczgar t\u00fcrbini alan\u0131nda d\u00fcnyan\u0131n lider \u00fcreticilerinden Nordex Group ile 56 MW kapasiteli toplam 8 adet t\u00fcrbin al\u0131m\u0131 anla\u015fmas\u0131 yapt\u0131. 2025 ve [&hellip;]<\/p>\n","protected":false},"author":1,"featured_media":196032,"comment_status":"open","ping_status":"open","sticky":false,"template":"","format":"standard","meta":[],"categories":[53,50],"tags":[116359,97192,12091,474,324],"views":24,"_links":{"self":[{"href":"https:\/\/www.enerjigazetesi.ist\/en\/wp-json\/wp\/v2\/posts\/196029"}],"collection":[{"href":"https:\/\/www.enerjigazetesi.ist\/en\/wp-json\/wp\/v2\/posts"}],"about":[{"href":"https:\/\/www.enerjigazetesi.ist\/en\/wp-json\/wp\/v2\/types\/post"}],"author":[{"embeddable":true,"href":"https:\/\/www.enerjigazetesi.ist\/en\/wp-json\/wp\/v2\/users\/1"}],"replies":[{"embeddable":true,"href":"https:\/\/www.enerjigazetesi.ist\/en\/wp-json\/wp\/v2\/comments?post=196029"}],"version-history":[{"count":0,"href":"https:\/\/www.enerjigazetesi.ist\/en\/wp-json\/wp\/v2\/posts\/196029\/revisions"}],"wp:featuredmedia":[{"embeddable":true,"href":"https:\/\/www.enerjigazetesi.ist\/en\/wp-json\/wp\/v2\/media\/196032"}],"wp:attachment":[{"href":"https:\/\/www.enerjigazetesi.ist\/en\/wp-json\/wp\/v2\/media?parent=196029"}],"wp:term":[{"taxonomy":"category","embeddable":true,"href":"https:\/\/www.enerjigazetesi.ist\/en\/wp-json\/wp\/v2\/categories?post=196029"},{"taxonomy":"post_tag","embeddable":true,"href":"https:\/\/www.enerjigazetesi.ist\/en\/wp-json\/wp\/v2\/tags?post=196029"}],"curies":[{"name":"wp","href":"https:\/\/api.w.org\/{rel}","templated":true}]}}