{"id":196012,"date":"2025-03-12T15:21:39","date_gmt":"2025-03-12T12:21:39","guid":{"rendered":"https:\/\/www.enerjigazetesi.ist\/?p=196012"},"modified":"2025-03-12T15:23:12","modified_gmt":"2025-03-12T12:23:12","slug":"escevder-in-kabul-edilen-iklim-kanunu-teklifi-hakkindaki-gorusleri","status":"publish","type":"post","link":"https:\/\/www.enerjigazetesi.ist\/en\/escevder-in-kabul-edilen-iklim-kanunu-teklifi-hakkindaki-gorusleri\/","title":{"rendered":"(Turkish) ES\u00c7EVDER&#8217;in Kabul Edilen \u0130klim Kanunu Teklifi Hakk\u0131ndaki G\u00f6r\u00fc\u015fleri"},"content":{"rendered":"<p class=\"qtranxs-available-languages-message qtranxs-available-languages-message-en\">Sorry, this entry is only available in <a href=\"https:\/\/www.enerjigazetesi.ist\/tr\/wp-json\/wp\/v2\/posts\/196012\" class=\"qtranxs-available-language-link qtranxs-available-language-link-tr\" title=\"Turkish\">Turkish<\/a>. For the sake of viewer convenience, the content is shown below in the alternative language. You may click the link to switch the active language.<\/p><p><\/p>\n<h2>Son y\u0131llarda \u00fclkemizin ve d\u00fcnyan\u0131n d\u00f6rt bir yan\u0131nda ya\u015fanan son derece \u015fiddetli kurakl\u0131klar, sel felaketleri, orman yang\u0131nlar\u0131, \u00e7\u00f6lle\u015fmeyle iklim de\u011fi\u015fikli\u011finin etkilerini kayg\u0131yla deneyimliyoruz. T\u00fcrkiye, bu de\u011fi\u015fiklikleri en fazla hisseden \u00fclkelerden biri.<\/h2>\n<p style=\"text-align: center;\"><img loading=\"lazy\" class=\"aligncenter wp-image-196016\" src=\"https:\/\/www.enerjigazetesi.ist\/wp-content\/uploads\/2025\/03\/escevder-in-kabul-edilen-iklim-kanunu-teklifi-hakkindaki-gorusleri.jpg\" alt=\"\" width=\"500\" height=\"334\" srcset=\"https:\/\/www.enerjigazetesi.ist\/wp-content\/uploads\/2025\/03\/escevder-in-kabul-edilen-iklim-kanunu-teklifi-hakkindaki-gorusleri.jpg 550w, https:\/\/www.enerjigazetesi.ist\/wp-content\/uploads\/2025\/03\/escevder-in-kabul-edilen-iklim-kanunu-teklifi-hakkindaki-gorusleri-300x200.jpg 300w, https:\/\/www.enerjigazetesi.ist\/wp-content\/uploads\/2025\/03\/escevder-in-kabul-edilen-iklim-kanunu-teklifi-hakkindaki-gorusleri-500x334.jpg 500w, https:\/\/www.enerjigazetesi.ist\/wp-content\/uploads\/2025\/03\/escevder-in-kabul-edilen-iklim-kanunu-teklifi-hakkindaki-gorusleri-75x50.jpg 75w, https:\/\/www.enerjigazetesi.ist\/wp-content\/uploads\/2025\/03\/escevder-in-kabul-edilen-iklim-kanunu-teklifi-hakkindaki-gorusleri-450x300.jpg 450w\" sizes=\"(max-width: 500px) 100vw, 500px\" \/><\/p>\n<p>Bilindi\u011fi gibi 20.02.2025 tarihinde \u0130klim Kanunu yasa teklifi TBMM Ba\u015fkanl\u0131\u011f\u0131\u2019na sunuldu. Muhalif milletvekilleri ve davet edilen baz\u0131 kurum kurulu\u015f temsilcileri taraf\u0131ndan bir\u00e7ok y\u00f6n\u00fc ele\u015ftirilen kanun teklifi, bu ele\u015ftirilerin hi\u00e7biri dikkate al\u0131nmaks\u0131z\u0131n komisyonda kabul edildi. Maalesef bu kanunun, bu haliyle iklim de\u011fi\u015fikli\u011fi m\u00fccadelesine halk\u0131m\u0131z ve \u00fclkemiz yarar\u0131na bir katk\u0131s\u0131 olamayaca\u011f\u0131 kanaatindeyiz.<\/p>\n<p>Do\u011fay\u0131 ve do\u011fal kaynaklar\u0131 alelade hammadde olarak kabul eden, bu kaynaklar\u0131 insanl\u0131\u011f\u0131n ihtiya\u00e7lar\u0131 do\u011frultusunda de\u011fil sermayedarlar\u0131n kar marj\u0131na g\u00f6re t\u00fcketen bu ekonomik sosyal d\u00fczenin t\u00fcm \u00e7evresel sorunlar\u0131n ba\u015f sorumlusu oldu\u011funu d\u00fc\u015f\u00fcn\u00fcyoruz. \u0130klim Kanunu teklifi de maalesef bu genel d\u00fczenin bir par\u00e7as\u0131 olacak \u015fekilde, i\u015f d\u00fcnyas\u0131 ve sermayenin \u00e7\u0131karlar\u0131 do\u011frultusunda, onlar\u0131n bu alanda yapacaklar\u0131 yat\u0131r\u0131mlar ve b\u00f6ylece kurulacak emisyon ticareti ve karbon piyasas\u0131ndan para kazanmalar\u0131n\u0131 \u00f6ng\u00f6ren, neoliberal politikalara dayal\u0131, k\u00fcreselle\u015fme ve pazar ekonomisinin i\u015fleyi\u015fini kolayla\u015ft\u0131rmay\u0131 hedefleyen bir kanun teklifidir.<\/p>\n<p>Kanun, teknik olarak da yetersizdir. <em>\u00d6zellikle mutlak emisyon azalt\u0131m hedefine ula\u015fmak i\u00e7in fosil yak\u0131tlardan \u00e7\u0131k\u0131lmas\u0131, k\u00f6m\u00fcr\u00fcn zaman i\u00e7inde a\u015famayla terk edilmesi gibi iklim de\u011fi\u015fikli\u011finin \u00f6n\u00fcne ge\u00e7mekte en temel gereklilikler<\/em>in hangi yollarla ve nas\u0131l bir programla hayata ge\u00e7irilmesinin planland\u0131\u011f\u0131 belirsizdir. Teklif, s\u0131f\u0131r emisyon hedefine nas\u0131l ve hangi yollarla ula\u015f\u0131laca\u011f\u0131na, fosil yak\u0131tlar\u0131n kullan\u0131m\u0131n\u0131n nas\u0131l terk edilece\u011fine, elektrik \u00fcretiminde k\u00f6m\u00fcr kullan\u0131m\u0131na hangi y\u00f6ntemlerle son verilece\u011fine, end\u00fcstriyle \u00fcretimde k\u00f6m\u00fcrs\u00fcz elektrifikasyonun nas\u0131l sa\u011flanaca\u011f\u0131na dair net politikalar i\u00e7ermemektedir. Ayr\u0131ca kanun, kendisine ba\u011fl\u0131 geni\u015f bir mevzuat d\u00fczenlemesine de muhta\u00e7 oldu\u011fundan, bu alanda olumlu hi\u00e7bir de\u011fi\u015fiklik sa\u011flayamayacakt\u0131r.<\/p>\n<p>S\u0131f\u0131r emisyon ve fosil yak\u0131tlar\u0131n terk edilmesine dair bir program ortaya koyulmad\u0131\u011f\u0131 gibi, fosil yak\u0131tl\u0131 sistemler ve onlarla ba\u011flant\u0131l\u0131 alt sistemler, sekt\u00f6rler ya da alt sekt\u00f6rlerde \u00e7al\u0131\u015fanlar\u0131n yeni d\u00fczene uyum g\u00f6stermesini kapsayan adil ge\u00e7i\u015fin nas\u0131l sa\u011flanaca\u011f\u0131 konu dahi edilmemekte, bu ge\u00e7i\u015fin sosyo ekonomik maliyetinin emek\u00e7ilerin s\u0131rt\u0131na y\u00fcklenece\u011fi anla\u015f\u0131lmaktad\u0131r.<\/p>\n<p>Kanun teklifi bu haliyle liberal, piyasac\u0131 \u00e7evrecili\u011fin parlak bir \u00f6rne\u011fidir. Bu anlay\u0131\u015f terk edilmeden \u00e7evresel sorunlar\u0131n ger\u00e7ek \u00e7\u00f6z\u00fcm\u00fc yolunda ad\u0131m at\u0131lmas\u0131 maalesef m\u00fcmk\u00fcn de\u011fildir. Ancak bu ko\u015fullarda bile demokratik \u00f6rg\u00fctlenmeler, akademik \u00e7al\u0131\u015fmalar ve bilim insanlar\u0131n\u0131n g\u00f6r\u00fc\u015f ve \u00f6nerileri do\u011frultusunda, do\u011fan\u0131n ve toplumun yarar\u0131na olacak bir kanun haz\u0131rlanmas\u0131 m\u00fcmk\u00fcnd\u00fcr.<\/p>\n<p>Kapitalist d\u00fcnyada iklim politikalar\u0131 do\u011fay\u0131 ve toplumu de\u011fil, ticareti ve sermaye kar\u0131n\u0131 korumak \u00fczerine in\u015fa edilmektedir. \u0130nsanlar\u0131n temiz ve sa\u011fl\u0131kl\u0131 bir do\u011fadan e\u015fit faydalanmalar\u0131 \u00fclk\u00fcs\u00fc yerine k\u00fc\u00e7\u00fck bir sermaye s\u0131n\u0131f\u0131n\u0131n ticari kar\u0131n\u0131 koyan kanun ger\u00e7ek bir iklim kanunu de\u011fildir.<\/p>\n<p>Sadece iklim de\u011fi\u015fikli\u011fi de\u011fil, t\u00fcm \u00e7evresel sorunlar\u0131n \u00e7\u00f6z\u00fcm\u00fcnde\u00a0 korunmaya \u00e7al\u0131\u015f\u0131lan ticaret ve ticari kar de\u011fil do\u011fan\u0131n ve toplumun gelece\u011fi olmal\u0131d\u0131r. K\u00f6m\u00fcr ve fosil yak\u0131t kullan\u0131m\u0131n\u0131n terk edilmesi i\u00e7in net bir plan ortaya koyulmal\u0131, bu s\u00fcrecin ortaya \u00e7\u0131karaca\u011f\u0131 sosyo ekonomik maliyet bunca y\u0131ld\u0131r bu kaynaklarla zenginle\u015fenler aras\u0131nda adil bir \u015fekilde payla\u015ft\u0131r\u0131lmal\u0131d\u0131r. T\u00fcm bu s\u00fcre\u00e7te halk sa\u011fl\u0131\u011f\u0131 g\u00fcvence alt\u0131na al\u0131nmal\u0131, t\u00fcm ekolojik su\u00e7lara kar\u015f\u0131 yapt\u0131r\u0131mlar a\u011f\u0131rla\u015ft\u0131r\u0131lmal\u0131d\u0131r.<\/p>\n<p>Merkezinde de\u011fil, par\u00e7as\u0131 oldu\u011fumuz ya\u015fanabilir temiz bir do\u011fadan e\u015fit faydalanmak, temel bir insan hakk\u0131d\u0131r. Bu e\u015fitlik g\u00f6zetilmeden at\u0131lan hi\u00e7bir ad\u0131m, y\u00fcr\u00fcrl\u00fc\u011fe konulan hi\u00e7bir kanun \u00e7evreci de\u011fildir.<\/p>\n<p>Kamuoyuna sayg\u0131yla duyurulur.<\/p>\n<p>Eski\u015fehir, 10.03.2025<\/p>\n<p><strong>ES\u00c7EVDER\u00a0 \/ ESK\u0130\u015eEH\u0130R \u00c7EVRE KORUMA ve GEL\u0130\u015eT\u0130RME DERNE\u011e\u0130 Ad\u0131na<\/strong><\/p>\n<p><strong>Av.\u00d6zg\u00fcr \u00d6zlem \u00d6NGEL &#8211;\u00a0Y\u00f6netim Kurulu Sekreter \u00dcye<\/strong><\/p>","protected":false},"excerpt":{"rendered":"<p>Sorry, this entry is only available in Turkish. For the sake of viewer convenience, the content is shown below in the alternative language. You may click the link to switch the active language. Son y\u0131llarda \u00fclkemizin ve d\u00fcnyan\u0131n d\u00f6rt bir yan\u0131nda ya\u015fanan son derece \u015fiddetli kurakl\u0131klar, sel felaketleri, orman yang\u0131nlar\u0131, \u00e7\u00f6lle\u015fmeyle iklim de\u011fi\u015fikli\u011finin etkilerini kayg\u0131yla [&hellip;]<\/p>\n","protected":false},"author":1,"featured_media":196016,"comment_status":"open","ping_status":"open","sticky":false,"template":"","format":"standard","meta":[],"categories":[53,52,24649],"tags":[26378,1999,6562,101183,2660,88560,116355,13250,95144,116356],"views":20,"_links":{"self":[{"href":"https:\/\/www.enerjigazetesi.ist\/en\/wp-json\/wp\/v2\/posts\/196012"}],"collection":[{"href":"https:\/\/www.enerjigazetesi.ist\/en\/wp-json\/wp\/v2\/posts"}],"about":[{"href":"https:\/\/www.enerjigazetesi.ist\/en\/wp-json\/wp\/v2\/types\/post"}],"author":[{"embeddable":true,"href":"https:\/\/www.enerjigazetesi.ist\/en\/wp-json\/wp\/v2\/users\/1"}],"replies":[{"embeddable":true,"href":"https:\/\/www.enerjigazetesi.ist\/en\/wp-json\/wp\/v2\/comments?post=196012"}],"version-history":[{"count":0,"href":"https:\/\/www.enerjigazetesi.ist\/en\/wp-json\/wp\/v2\/posts\/196012\/revisions"}],"wp:featuredmedia":[{"embeddable":true,"href":"https:\/\/www.enerjigazetesi.ist\/en\/wp-json\/wp\/v2\/media\/196016"}],"wp:attachment":[{"href":"https:\/\/www.enerjigazetesi.ist\/en\/wp-json\/wp\/v2\/media?parent=196012"}],"wp:term":[{"taxonomy":"category","embeddable":true,"href":"https:\/\/www.enerjigazetesi.ist\/en\/wp-json\/wp\/v2\/categories?post=196012"},{"taxonomy":"post_tag","embeddable":true,"href":"https:\/\/www.enerjigazetesi.ist\/en\/wp-json\/wp\/v2\/tags?post=196012"}],"curies":[{"name":"wp","href":"https:\/\/api.w.org\/{rel}","templated":true}]}}