{"id":195947,"date":"2025-03-12T10:31:31","date_gmt":"2025-03-12T07:31:31","guid":{"rendered":"https:\/\/www.enerjigazetesi.ist\/?p=195947"},"modified":"2025-03-12T10:35:31","modified_gmt":"2025-03-12T07:35:31","slug":"efor-holdingten-160-mwlik-ruzgar-enerjisi-santrali-icin-buyuk-adim","status":"publish","type":"post","link":"https:\/\/www.enerjigazetesi.ist\/en\/efor-holdingten-160-mwlik-ruzgar-enerjisi-santrali-icin-buyuk-adim\/","title":{"rendered":"(Turkish) &#8217;Efor Holding&#8217;ten 160 MW\u2019l\u0131k R\u00fczgar Enerjisi Santrali \u0130\u00e7in B\u00fcy\u00fck Ad\u0131m"},"content":{"rendered":"<p class=\"qtranxs-available-languages-message qtranxs-available-languages-message-en\">Sorry, this entry is only available in <a href=\"https:\/\/www.enerjigazetesi.ist\/tr\/wp-json\/wp\/v2\/posts\/195947\" class=\"qtranxs-available-language-link qtranxs-available-language-link-tr\" title=\"Turkish\">Turkish<\/a>. For the sake of viewer convenience, the content is shown below in the alternative language. You may click the link to switch the active language.<\/p><p><\/p>\n<h2><strong>Efor Holding, yenilenebilir enerji yat\u0131r\u0131mlar\u0131na bir yenisi daha ekledi. YEKA \u2013 RES 2024 yar\u0131\u015fmalar\u0131nda Yellice RES projesi i\u00e7in en iyi teklifi veren \u015firket, Enerji ve Tabii Kaynaklar Bakanl\u0131\u011f\u0131 ile projenin hayata ge\u00e7irilmesine y\u00f6nelik ilk imzas\u0131n\u0131 att\u0131.<\/strong><\/h2>\n<p style=\"text-align: center;\"><img loading=\"lazy\" class=\"aligncenter wp-image-195950\" src=\"https:\/\/www.enerjigazetesi.ist\/wp-content\/uploads\/2025\/03\/efor-holdingten-160-mwlik-ruzgar-enerjisi-santrali-icin-buyuk-adim-1.jpg\" alt=\"\" width=\"500\" height=\"308\" srcset=\"https:\/\/www.enerjigazetesi.ist\/wp-content\/uploads\/2025\/03\/efor-holdingten-160-mwlik-ruzgar-enerjisi-santrali-icin-buyuk-adim-1.jpg 550w, https:\/\/www.enerjigazetesi.ist\/wp-content\/uploads\/2025\/03\/efor-holdingten-160-mwlik-ruzgar-enerjisi-santrali-icin-buyuk-adim-1-300x185.jpg 300w, https:\/\/www.enerjigazetesi.ist\/wp-content\/uploads\/2025\/03\/efor-holdingten-160-mwlik-ruzgar-enerjisi-santrali-icin-buyuk-adim-1-500x308.jpg 500w, https:\/\/www.enerjigazetesi.ist\/wp-content\/uploads\/2025\/03\/efor-holdingten-160-mwlik-ruzgar-enerjisi-santrali-icin-buyuk-adim-1-80x50.jpg 80w\" sizes=\"(max-width: 500px) 100vw, 500px\" \/><\/p>\n<p>Efor Holding, yenilenebilir enerji yat\u0131r\u0131mlar\u0131yla sekt\u00f6rdeki g\u00fc\u00e7l\u00fc konumunu peki\u015ftirmeye devam ediyor. R\u00fczgar Enerjisi Yenilenebilir Enerji Kaynak Alanlar\u0131 (YEKA) ihalesinde 160 MW\u2019l\u0131k Yellice RES projesi i\u00e7in en iyi teklifi sunan \u015firket, ba\u015far\u0131yla sonu\u00e7lanan ihale s\u00fcrecinin ard\u0131ndan Enerji ve Tabii Kaynaklar Bakanl\u0131\u011f\u0131\u2019nda ilk imzay\u0131 att\u0131.<\/p>\n<p>Yakla\u015f\u0131k 200 milyon dolarl\u0131k yat\u0131r\u0131mla hayata ge\u00e7irilecek olan Yellice RES projesinin iki y\u0131l i\u00e7inde tamamlanmas\u0131 planlan\u0131yor. Proje, tam kapasiteyle faaliyete ge\u00e7ti\u011finde y\u0131ll\u0131k 450 GW enerji \u00fcretecek ve 24,8 milyon kg karbondioksit sal\u0131m\u0131n\u0131 \u00f6nleyerek \u00e7evresel s\u00fcrd\u00fcr\u00fclebilirli\u011fe \u00f6nemli bir katk\u0131 sa\u011flayacak.<\/p>\n<p>Bu yat\u0131r\u0131m yaln\u0131zca \u00e7evresel s\u00fcrd\u00fcr\u00fclebilirli\u011fi desteklemekle kalmayacak, ayn\u0131 zamanda yerel istihdam\u0131 art\u0131rarak ekonomik b\u00fcy\u00fcmeye de katk\u0131 sa\u011flayacak. Proje s\u00fcrecinde bir\u00e7ok m\u00fchendis, teknisyen ve saha \u00e7al\u0131\u015fan\u0131na yeni istihdam imk\u00e2n\u0131 yarat\u0131lacak. Ayr\u0131ca, yenilenebilir enerji alan\u0131nda yap\u0131lan bu t\u00fcr b\u00fcy\u00fck \u00f6l\u00e7ekli yat\u0131r\u0131mlar, T\u00fcrkiye\u2019nin k\u00fcresel arenadaki rekabet g\u00fcc\u00fcn\u00fc art\u0131rarak ye\u015fil enerji ekonomisine ge\u00e7i\u015fini h\u0131zland\u0131racak.<\/p>\n<h3><strong>\u2018\u2019\u00c7al\u0131\u015fmalar\u0131m\u0131za H\u0131z Kesmeden Devam Edece\u011fiz\u2019\u2019<\/strong><\/h3>\n<p>Yellice RES projesine ili\u015fkin g\u00f6r\u00fc\u015flerini aktaran <strong>Efor Holding Y\u00f6netim Kurulu \u00dcyesi Muhammet Akku\u015f, <\/strong><em>&#8220;Efor Holding olarak gelecek y\u0131l hedeflerimiz, yenilenebilir enerji yat\u0131r\u0131mlar\u0131m\u0131z\u0131 art\u0131rarak \u00fclkemizin enerji ihtiyac\u0131n\u0131 \u00e7evre dostu ve s\u00fcrd\u00fcr\u00fclebilir kaynaklardan kar\u015f\u0131lamak, inovatif \u00e7\u00f6z\u00fcmlerle enerji verimlili\u011fini en \u00fcst seviyeye \u00e7\u0131karmak ve karbon ayak izimizi minimize etmek olacak. \u015eirket olarak, enerji sekt\u00f6r\u00fcndeki yat\u0131r\u0131mlar\u0131m\u0131z\u0131 art\u0131rarak yenilenebilir kaynaklara dayal\u0131 projeleri hayata ge\u00e7irmeyi s\u00fcrd\u00fcrerek \u00fclke ekonomisine ve \u00e7evreye pozitif etkiler sa\u011flamay\u0131 ama\u00e7l\u0131yoruz. T\u00fcrkiye\u2019nin enerji d\u00f6n\u00fc\u015f\u00fcm\u00fcnde \u00f6nemli bir d\u00f6n\u00fcm noktas\u0131 olacak Yellice RES projesi ile daha temiz, s\u00fcrd\u00fcr\u00fclebilir ve g\u00fc\u00e7l\u00fc bir gelecek i\u00e7in \u00e7al\u0131\u015fmalar\u0131m\u0131za h\u0131z kesmeden devam edece\u011fiz.&#8221;<\/em> dedi.<\/p>","protected":false},"excerpt":{"rendered":"<p>Sorry, this entry is only available in Turkish. For the sake of viewer convenience, the content is shown below in the alternative language. You may click the link to switch the active language. Efor Holding, yenilenebilir enerji yat\u0131r\u0131mlar\u0131na bir yenisi daha ekledi. YEKA \u2013 RES 2024 yar\u0131\u015fmalar\u0131nda Yellice RES projesi i\u00e7in en iyi teklifi veren [&hellip;]<\/p>\n","protected":false},"author":1,"featured_media":195952,"comment_status":"open","ping_status":"open","sticky":false,"template":"","format":"standard","meta":[],"categories":[53,50],"tags":[115662,474,231,115920,116345,358],"views":29,"_links":{"self":[{"href":"https:\/\/www.enerjigazetesi.ist\/en\/wp-json\/wp\/v2\/posts\/195947"}],"collection":[{"href":"https:\/\/www.enerjigazetesi.ist\/en\/wp-json\/wp\/v2\/posts"}],"about":[{"href":"https:\/\/www.enerjigazetesi.ist\/en\/wp-json\/wp\/v2\/types\/post"}],"author":[{"embeddable":true,"href":"https:\/\/www.enerjigazetesi.ist\/en\/wp-json\/wp\/v2\/users\/1"}],"replies":[{"embeddable":true,"href":"https:\/\/www.enerjigazetesi.ist\/en\/wp-json\/wp\/v2\/comments?post=195947"}],"version-history":[{"count":0,"href":"https:\/\/www.enerjigazetesi.ist\/en\/wp-json\/wp\/v2\/posts\/195947\/revisions"}],"wp:featuredmedia":[{"embeddable":true,"href":"https:\/\/www.enerjigazetesi.ist\/en\/wp-json\/wp\/v2\/media\/195952"}],"wp:attachment":[{"href":"https:\/\/www.enerjigazetesi.ist\/en\/wp-json\/wp\/v2\/media?parent=195947"}],"wp:term":[{"taxonomy":"category","embeddable":true,"href":"https:\/\/www.enerjigazetesi.ist\/en\/wp-json\/wp\/v2\/categories?post=195947"},{"taxonomy":"post_tag","embeddable":true,"href":"https:\/\/www.enerjigazetesi.ist\/en\/wp-json\/wp\/v2\/tags?post=195947"}],"curies":[{"name":"wp","href":"https:\/\/api.w.org\/{rel}","templated":true}]}}