{"id":19588,"date":"2013-12-18T17:09:01","date_gmt":"2013-12-18T14:09:01","guid":{"rendered":"https:\/\/www.enerjigazetesi.ist\/?p=19588"},"modified":"2013-12-18T17:09:01","modified_gmt":"2013-12-18T14:09:01","slug":"fukusima-felaketi-sebebiyle-olenlerin-sayisi-1600u-gecti","status":"publish","type":"post","link":"https:\/\/www.enerjigazetesi.ist\/en\/fukusima-felaketi-sebebiyle-olenlerin-sayisi-1600u-gecti\/","title":{"rendered":"(Turkish) Fuku\u015fima Felaketi Sebebiyle \u00d6lenlerin Say\u0131s\u0131 1600\u2019\u00fc Ge\u00e7ti!"},"content":{"rendered":"<p class=\"qtranxs-available-languages-message qtranxs-available-languages-message-en\">Sorry, this entry is only available in <a href=\"https:\/\/www.enerjigazetesi.ist\/tr\/wp-json\/wp\/v2\/posts\/19588\" class=\"qtranxs-available-language-link qtranxs-available-language-link-tr\" title=\"Turkish\">Turkish<\/a>. For the sake of viewer convenience, the content is shown below in the alternative language. You may click the link to switch the active language.<\/p><p><strong>Japonya\u2019da yay\u0131n yapan Mainichi Gazetesi taraf\u0131ndan ge\u00e7ilen haberde, Fuku\u015fima N\u00fckleer Santrali\u2019nde meydana gelen kazan\u0131n etkilerinden do<a href=\"https:\/\/www.enerjigazetesi.ist\/wp-content\/uploads\/2013\/12\/fukusima-felaketi-sebebiyle-olenlerin-sayisi-1600u-gecti.jpg\"><img loading=\"lazy\" class=\"alignleft size-medium wp-image-19589\" title=\"fukusima-felaketi-sebebiyle-olenlerin-sayisi-1600u-gecti\" src=\"https:\/\/www.enerjigazetesi.ist\/wp-content\/uploads\/2013\/12\/fukusima-felaketi-sebebiyle-olenlerin-sayisi-1600u-gecti-300x195.jpg\" alt=\"\" width=\"300\" height=\"195\" srcset=\"https:\/\/www.enerjigazetesi.ist\/wp-content\/uploads\/2013\/12\/fukusima-felaketi-sebebiyle-olenlerin-sayisi-1600u-gecti-300x195.jpg 300w, https:\/\/www.enerjigazetesi.ist\/wp-content\/uploads\/2013\/12\/fukusima-felaketi-sebebiyle-olenlerin-sayisi-1600u-gecti-76x50.jpg 76w, https:\/\/www.enerjigazetesi.ist\/wp-content\/uploads\/2013\/12\/fukusima-felaketi-sebebiyle-olenlerin-sayisi-1600u-gecti.jpg 441w\" sizes=\"(max-width: 300px) 100vw, 300px\" \/><\/a>lay\u0131 Fuku\u015fima B\u00f6lgesi\u2019nde hayat\u0131n\u0131 kaybedenlerin say\u0131s\u0131n\u0131n 1600\u2019\u00fc ge\u00e7ti\u011fi bildirildi.<\/strong><\/p>\n<p>Gazetenin aktard\u0131\u011f\u0131 bilgilere g\u00f6re, kazadan etkilenen ki\u015filer, y\u00fcksek orandaki radyasyona ba\u011fl\u0131 akut hasatl\u0131klar, etkisiz tedavi y\u00f6ntemleri ve b\u00f6lgede k\u00f6t\u00fcle\u015fen ya\u015fam ko\u015fullar\u0131 y\u00fcz\u00fcnden hayatlar\u0131n\u0131 kaybetti. Gazete, ilgili haberin devam\u0131nda, kazadan sonra baz\u0131 Fuku\u015fimal\u0131lar\u0131n da intihar ederek hayat\u0131na son verdi\u011fi bilgisini okurlar\u0131na aktard\u0131.<\/p>\n<p>11 Mart 2011 tarihinde okyanus taban\u0131nda meydana gelen \u015fiddetli deprem ve buna ba\u011fl\u0131 olarak olu\u015fan dev tsunami dalgalar\u0131 Fuku\u015fima 1 N\u00fckleer Enerji Santrali\u2019ni vurmu\u015f, santralde meydana gelen afet, 1986 y\u0131l\u0131nda \u00c7ernobil\u2019de meydana gelen felaketten bu yana ya\u015fanan en b\u00fcy\u00fck n\u00fckleer kaza olarak kay\u0131tlara ge\u00e7mi\u015fti.<\/p>\n<p>Kaynak: <a href=\"http:\/\/enerjienstitusu.com\/2013\/12\/18\/fukusima-felaketi-sebebiyle-olenlerin-sayisi-1600u-gecti\/\" target=\"_blank\">Enerji Enstit\u00fcs\u00fc<\/a><\/p>","protected":false},"excerpt":{"rendered":"<p>Sorry, this entry is only available in Turkish. For the sake of viewer convenience, the content is shown below in the alternative language. You may click the link to switch the active language.Japonya\u2019da yay\u0131n yapan Mainichi Gazetesi taraf\u0131ndan ge\u00e7ilen haberde, Fuku\u015fima N\u00fckleer Santrali\u2019nde meydana gelen kazan\u0131n etkilerinden dolay\u0131 Fuku\u015fima B\u00f6lgesi\u2019nde hayat\u0131n\u0131 kaybedenlerin say\u0131s\u0131n\u0131n 1600\u2019\u00fc ge\u00e7ti\u011fi [&hellip;]<\/p>\n","protected":false},"author":1,"featured_media":19589,"comment_status":"open","ping_status":"open","sticky":false,"template":"","format":"standard","meta":[],"categories":[53,43],"tags":[63,67,1009,165,9248,1546,1547,71,21,11402],"views":783,"_links":{"self":[{"href":"https:\/\/www.enerjigazetesi.ist\/en\/wp-json\/wp\/v2\/posts\/19588"}],"collection":[{"href":"https:\/\/www.enerjigazetesi.ist\/en\/wp-json\/wp\/v2\/posts"}],"about":[{"href":"https:\/\/www.enerjigazetesi.ist\/en\/wp-json\/wp\/v2\/types\/post"}],"author":[{"embeddable":true,"href":"https:\/\/www.enerjigazetesi.ist\/en\/wp-json\/wp\/v2\/users\/1"}],"replies":[{"embeddable":true,"href":"https:\/\/www.enerjigazetesi.ist\/en\/wp-json\/wp\/v2\/comments?post=19588"}],"version-history":[{"count":1,"href":"https:\/\/www.enerjigazetesi.ist\/en\/wp-json\/wp\/v2\/posts\/19588\/revisions"}],"predecessor-version":[{"id":19590,"href":"https:\/\/www.enerjigazetesi.ist\/en\/wp-json\/wp\/v2\/posts\/19588\/revisions\/19590"}],"wp:featuredmedia":[{"embeddable":true,"href":"https:\/\/www.enerjigazetesi.ist\/en\/wp-json\/wp\/v2\/media\/19589"}],"wp:attachment":[{"href":"https:\/\/www.enerjigazetesi.ist\/en\/wp-json\/wp\/v2\/media?parent=19588"}],"wp:term":[{"taxonomy":"category","embeddable":true,"href":"https:\/\/www.enerjigazetesi.ist\/en\/wp-json\/wp\/v2\/categories?post=19588"},{"taxonomy":"post_tag","embeddable":true,"href":"https:\/\/www.enerjigazetesi.ist\/en\/wp-json\/wp\/v2\/tags?post=19588"}],"curies":[{"name":"wp","href":"https:\/\/api.w.org\/{rel}","templated":true}]}}