{"id":195823,"date":"2025-03-06T12:33:18","date_gmt":"2025-03-06T09:33:18","guid":{"rendered":"https:\/\/www.enerjigazetesi.ist\/?p=195823"},"modified":"2025-03-06T12:33:18","modified_gmt":"2025-03-06T09:33:18","slug":"vakifbank-cdp-iklim-ve-su-guvenligi-programi-global-a-listesinde","status":"publish","type":"post","link":"https:\/\/www.enerjigazetesi.ist\/en\/vakifbank-cdp-iklim-ve-su-guvenligi-programi-global-a-listesinde\/","title":{"rendered":"(Turkish) &#8217;Vak\u0131fBank&#8217; CDP \u0130klim ve Su G\u00fcvenli\u011fi Program\u0131 &#8220;Global A&#8221; Listesinde!"},"content":{"rendered":"<p class=\"qtranxs-available-languages-message qtranxs-available-languages-message-en\">Sorry, this entry is only available in <a href=\"https:\/\/www.enerjigazetesi.ist\/tr\/wp-json\/wp\/v2\/posts\/195823\" class=\"qtranxs-available-language-link qtranxs-available-language-link-tr\" title=\"Turkish\">Turkish<\/a>. For the sake of viewer convenience, the content is shown below in the alternative language. You may click the link to switch the active language.<\/p><p><\/p>\n<h2><strong>Vak\u0131fBank, iklim de\u011fi\u015fikli\u011fiyle m\u00fccadelede g\u00f6sterdi\u011fi ba\u015far\u0131l\u0131 performansla, d\u00fcnyan\u0131n en b\u00fcy\u00fck \u00e7evresel raporlama platformu olan Karbon Saydaml\u0131k Projesi (CDP) taraf\u0131ndan en y\u00fcksek seviyede de\u011ferlendirildi. 2024 y\u0131l\u0131 CDP sonu\u00e7lar\u0131na g\u00f6re, Banka \u0130klim De\u011fi\u015fikli\u011fi Program\u0131\u2019ndaki \u201cA\u201d notunu korurken, Su G\u00fcvenli\u011fi Program\u0131\u2019ndaki notunu bir basamak y\u00fckselterek \u201cA\u201d seviyesine \u00e7\u0131kard\u0131.<\/strong> <strong>B\u00f6ylece, CDP\u2019nin 2024 Global A Listesi&#8217;nde \u0130klim De\u011fi\u015fikli\u011fi ve Su G\u00fcvenli\u011fi programlar\u0131nda yer alma ba\u015far\u0131s\u0131n\u0131 g\u00f6sterdi.<\/strong><\/h2>\n<p style=\"text-align: center;\"><img loading=\"lazy\" class=\"aligncenter wp-image-195826\" src=\"https:\/\/www.enerjigazetesi.ist\/wp-content\/uploads\/2025\/03\/vakifbank-cdp-iklim-ve-su-guvenligi-programi-global-a-listesinde.jpg\" alt=\"\" width=\"500\" height=\"399\" srcset=\"https:\/\/www.enerjigazetesi.ist\/wp-content\/uploads\/2025\/03\/vakifbank-cdp-iklim-ve-su-guvenligi-programi-global-a-listesinde.jpg 550w, https:\/\/www.enerjigazetesi.ist\/wp-content\/uploads\/2025\/03\/vakifbank-cdp-iklim-ve-su-guvenligi-programi-global-a-listesinde-300x239.jpg 300w, https:\/\/www.enerjigazetesi.ist\/wp-content\/uploads\/2025\/03\/vakifbank-cdp-iklim-ve-su-guvenligi-programi-global-a-listesinde-500x399.jpg 500w, https:\/\/www.enerjigazetesi.ist\/wp-content\/uploads\/2025\/03\/vakifbank-cdp-iklim-ve-su-guvenligi-programi-global-a-listesinde-63x50.jpg 63w\" sizes=\"(max-width: 500px) 100vw, 500px\" \/><\/p>\n<p>S\u00fcrd\u00fcr\u00fclebilirlik ekseninde geli\u015ftirdi\u011fi yenilik\u00e7i \u00fcr\u00fcn ve hizmetlerle bankac\u0131l\u0131k sekt\u00f6r\u00fcne y\u00f6n g\u00f6steren Vak\u0131fBank, 2015 y\u0131l\u0131ndan bu yana CDP \u0130klim De\u011fi\u015fikli\u011fi Program\u0131\u2019na kat\u0131l\u0131m sa\u011flayarak iklim de\u011fi\u015fikli\u011fi ile m\u00fccadele stratejisini uluslararas\u0131 yat\u0131r\u0131mc\u0131lar ve kamuoyu ile payla\u015f\u0131yor. Vak\u0131fBank\u2019\u0131n s\u00fcrd\u00fcr\u00fclebilirlik alan\u0131ndaki kararl\u0131l\u0131\u011f\u0131 ve \u00e7evresel etkilerini \u015feffaf bir \u015fekilde y\u00f6netme yakla\u015f\u0131m\u0131 ise CDP taraf\u0131ndan en \u00fcst seviyede takdir ediliyor.<\/p>\n<p>S\u00fcrd\u00fcr\u00fclebilirlik perspektifinde ortaya koydu\u011fu performans\u0131 d\u00fcnyan\u0131n en b\u00fcy\u00fck \u00e7evresel raporlama platformu olan CDP\u2019ye b\u00fcy\u00fck bir titizlikle raporlayan Vak\u0131fBank, Su G\u00fcvenli\u011fi Program\u0131\u2019nda notunu bir basamak y\u00fckselterek \u201cA\u201d seviyesine ta\u015f\u0131d\u0131. Banka, \u0130klim De\u011fi\u015fikli\u011fi Program\u0131\u2019ndaki \u201cA\u201d notunu ise korumay\u0131 ba\u015fararak daha ya\u015fanabilir bir d\u00fcnya in\u015fa etme idealine olan ba\u011fl\u0131l\u0131\u011f\u0131n\u0131 bir kez daha kan\u0131tlad\u0131.<\/p>\n<h3><strong>\u201cFinansal G\u00fcc\u00fcm\u00fcz\u00fc, Yaln\u0131zca Ekonomik B\u00fcy\u00fcme \u0130\u00e7in De\u011fil, Ayn\u0131 Zamanda Gelecek Nesillere Ya\u015fanabilir Bir D\u00fcnya B\u0131rakmak \u0130\u00e7in Seferber Ediyoruz\u201d<\/strong><\/h3>\n<div id=\"attachment_195825\" style=\"width: 510px\" class=\"wp-caption aligncenter\"><img aria-describedby=\"caption-attachment-195825\" loading=\"lazy\" class=\"wp-image-195825\" src=\"https:\/\/www.enerjigazetesi.ist\/wp-content\/uploads\/2025\/03\/vakifbank-cdp-iklim-ve-su-guvenligi-programi-global-a-listesinde-1.jpg\" alt=\"\" width=\"500\" height=\"361\" srcset=\"https:\/\/www.enerjigazetesi.ist\/wp-content\/uploads\/2025\/03\/vakifbank-cdp-iklim-ve-su-guvenligi-programi-global-a-listesinde-1.jpg 550w, https:\/\/www.enerjigazetesi.ist\/wp-content\/uploads\/2025\/03\/vakifbank-cdp-iklim-ve-su-guvenligi-programi-global-a-listesinde-1-300x217.jpg 300w, https:\/\/www.enerjigazetesi.ist\/wp-content\/uploads\/2025\/03\/vakifbank-cdp-iklim-ve-su-guvenligi-programi-global-a-listesinde-1-500x361.jpg 500w, https:\/\/www.enerjigazetesi.ist\/wp-content\/uploads\/2025\/03\/vakifbank-cdp-iklim-ve-su-guvenligi-programi-global-a-listesinde-1-69x50.jpg 69w\" sizes=\"(max-width: 500px) 100vw, 500px\" \/><p id=\"caption-attachment-195825\" class=\"wp-caption-text\">Vak\u0131fBank Genel M\u00fcd\u00fcr\u00fc Abdi Serdar \u00dcst\u00fcnsalih<\/p><\/div>\n<p>D\u00fcnyan\u0131n gelece\u011fine katk\u0131da bulunmay\u0131 temel misyonlar\u0131ndan biri olarak tan\u0131mlad\u0131klar\u0131n\u0131 kaydeden <strong>Vak\u0131fBank Genel M\u00fcd\u00fcr\u00fc Abdi Serdar \u00dcst\u00fcnsalih<\/strong>, <em>\u201cCDP\u2019de elde etti\u011fimiz bu \u00e7ifte \u2018A\u2019 derecesi, gezegenimize kar\u015f\u0131 sorumlulu\u011fumuzun da g\u00fc\u00e7l\u00fc bir yans\u0131mas\u0131d\u0131r. Her iki programda \u201cGlobal A\u201d listesinde yer almak, \u00e7evresel etkilerimizi en aza indirme, kaynak verimlili\u011fini art\u0131rma konusundaki istikrarl\u0131 \u00e7abalar\u0131m\u0131z\u0131n uluslararas\u0131 \u00f6l\u00e7ekte takdir edilmesi anlam\u0131na geliyor.<\/em><\/p>\n<p><em>\u0130klim krizi ve su g\u00fcvenli\u011fi gibi k\u00fcresel sorunlara kar\u015f\u0131 ortak bir ak\u0131l \u00e7er\u00e7evesinde \u00e7\u00f6z\u00fcm \u00fcretmenin art\u0131k kurumsal bir tercih de\u011fil, bir zorunluluk haline geldi\u011fi g\u00fcn\u00fcm\u00fczde, inovasyon ve s\u00fcrd\u00fcr\u00fclebilirlik odakl\u0131 \u00e7\u00f6z\u00fcmlerimizle bankac\u0131l\u0131k sekt\u00f6r\u00fcne \u00f6nc\u00fcl\u00fck ediyoruz. Finansal g\u00fcc\u00fcm\u00fcz\u00fc, yaln\u0131zca ekonomik b\u00fcy\u00fcme i\u00e7in de\u011fil, ayn\u0131 zamanda do\u011fal kaynaklar\u0131 korumak ve gelecek nesillere ya\u015fanabilir bir d\u00fcnya b\u0131rakmak i\u00e7in seferber ediyoruz. Bug\u00fcn oldu\u011fu gibi gelecekte de t\u00fcm payda\u015flar\u0131m\u0131zla el ele vererek daha ye\u015fil, daha adil ve daha s\u00fcrd\u00fcr\u00fclebilir bir gelecek i\u00e7in \u00e7al\u0131\u015fmaya devam edece\u011fiz. \u00c7\u00fcnk\u00fc biliyoruz ki insanl\u0131\u011f\u0131n yar\u0131nlar\u0131 gezegenimizle uyum i\u00e7erisinde ya\u015famam\u0131za ba\u011fl\u0131\u201d<\/em> dedi.<\/p>\n<h3><strong>Vak\u0131fBank, S\u00fcrd\u00fcr\u00fclebilir Bir Gelecek \u0130\u00e7in Kararl\u0131l\u0131kla \u00c7al\u0131\u015fmaya Devam Ediyor\u00a0<\/strong><\/h3>\n<p>Vak\u0131fBank, 2024 y\u0131l\u0131nda d\u00fcnya \u00e7ap\u0131nda 25 bine yak\u0131n kurulu\u015fun dahil oldu\u011fu CDP de\u011ferlendirmelerinde elde etti\u011fi bu \u00e7ifte ba\u015far\u0131yla, sadece finansal alanda de\u011fil, \u00e7evresel ve sosyal alanlarda da ne kadar g\u00fc\u00e7l\u00fc bir kurumsal yap\u0131ya sahip oldu\u011funu g\u00f6zler \u00f6n\u00fcne serdi.<\/p>\n<p>Vak\u0131fBank\u2019\u0131n CDP\u2019den ald\u0131\u011f\u0131 bu prestijli dereceler, bankan\u0131n do\u011fal kaynaklar\u0131 koruma, iklim de\u011fi\u015fikli\u011fi ile m\u00fccadele ve su g\u00fcvenli\u011fi alan\u0131ndaki kararl\u0131l\u0131\u011f\u0131n\u0131 g\u00f6stermenin yan\u0131 s\u0131ra s\u00fcrd\u00fcr\u00fclebilirlik odakl\u0131 stratejilerinin de uluslararas\u0131 standartlara uygunlu\u011funu teyit ediyor.<\/p>\n<p>Vak\u0131fBank\u2019\u0131n kaydetti\u011fi bu g\u00fc\u00e7l\u00fc performans, \u00e7evresel sorumluluk anlay\u0131\u015f\u0131n\u0131 ve gelece\u011fe y\u00f6nelik taahh\u00fctlerini peki\u015ftirirken, payda\u015flar\u0131yla birlikte daha s\u00fcrd\u00fcr\u00fclebilir bir d\u00fcnya i\u00e7in kararl\u0131l\u0131kla \u00e7al\u0131\u015ft\u0131\u011f\u0131n\u0131 g\u00f6stermesi bak\u0131m\u0131ndan da \u00f6nem arz ediyor.<\/p>","protected":false},"excerpt":{"rendered":"<p>Sorry, this entry is only available in Turkish. For the sake of viewer convenience, the content is shown below in the alternative language. You may click the link to switch the active language. Vak\u0131fBank, iklim de\u011fi\u015fikli\u011fiyle m\u00fccadelede g\u00f6sterdi\u011fi ba\u015far\u0131l\u0131 performansla, d\u00fcnyan\u0131n en b\u00fcy\u00fck \u00e7evresel raporlama platformu olan Karbon Saydaml\u0131k Projesi (CDP) taraf\u0131ndan en y\u00fcksek seviyede [&hellip;]<\/p>\n","protected":false},"author":1,"featured_media":195826,"comment_status":"open","ping_status":"open","sticky":false,"template":"","format":"standard","meta":[],"categories":[53,52],"tags":[116285,66788,32109,10921,65424,67009,2718],"views":22,"_links":{"self":[{"href":"https:\/\/www.enerjigazetesi.ist\/en\/wp-json\/wp\/v2\/posts\/195823"}],"collection":[{"href":"https:\/\/www.enerjigazetesi.ist\/en\/wp-json\/wp\/v2\/posts"}],"about":[{"href":"https:\/\/www.enerjigazetesi.ist\/en\/wp-json\/wp\/v2\/types\/post"}],"author":[{"embeddable":true,"href":"https:\/\/www.enerjigazetesi.ist\/en\/wp-json\/wp\/v2\/users\/1"}],"replies":[{"embeddable":true,"href":"https:\/\/www.enerjigazetesi.ist\/en\/wp-json\/wp\/v2\/comments?post=195823"}],"version-history":[{"count":0,"href":"https:\/\/www.enerjigazetesi.ist\/en\/wp-json\/wp\/v2\/posts\/195823\/revisions"}],"wp:featuredmedia":[{"embeddable":true,"href":"https:\/\/www.enerjigazetesi.ist\/en\/wp-json\/wp\/v2\/media\/195826"}],"wp:attachment":[{"href":"https:\/\/www.enerjigazetesi.ist\/en\/wp-json\/wp\/v2\/media?parent=195823"}],"wp:term":[{"taxonomy":"category","embeddable":true,"href":"https:\/\/www.enerjigazetesi.ist\/en\/wp-json\/wp\/v2\/categories?post=195823"},{"taxonomy":"post_tag","embeddable":true,"href":"https:\/\/www.enerjigazetesi.ist\/en\/wp-json\/wp\/v2\/tags?post=195823"}],"curies":[{"name":"wp","href":"https:\/\/api.w.org\/{rel}","templated":true}]}}