{"id":195819,"date":"2025-03-06T12:09:35","date_gmt":"2025-03-06T09:09:35","guid":{"rendered":"https:\/\/www.enerjigazetesi.ist\/?p=195819"},"modified":"2025-03-06T12:09:35","modified_gmt":"2025-03-06T09:09:35","slug":"tskb-den-yeni-rapor-yaslanan-dunyada-esitsizlige-yer-yok","status":"publish","type":"post","link":"https:\/\/www.enerjigazetesi.ist\/en\/tskb-den-yeni-rapor-yaslanan-dunyada-esitsizlige-yer-yok\/","title":{"rendered":"(Turkish) TSKB\u2019den Yeni Rapor: Ya\u015flanan D\u00fcnyada E\u015fitsizli\u011fe Yer Yok"},"content":{"rendered":"<p class=\"qtranxs-available-languages-message qtranxs-available-languages-message-en\">Sorry, this entry is only available in <a href=\"https:\/\/www.enerjigazetesi.ist\/tr\/wp-json\/wp\/v2\/posts\/195819\" class=\"qtranxs-available-language-link qtranxs-available-language-link-tr\" title=\"Turkish\">Turkish<\/a>. For the sake of viewer convenience, the content is shown below in the alternative language. You may click the link to switch the active language.<\/p><p><\/p>\n<h2>TSKB (T\u00fcrkiye S\u0131nai Kalk\u0131nma Bankas\u0131), bu y\u0131l da 8 Mart D\u00fcnya Kad\u0131nlar G\u00fcn\u00fc\u2019ne \u00f6zel bir rapor yay\u0131mlad\u0131. TSKB Ekonomik Ara\u015ft\u0131rmalar taraf\u0131ndan haz\u0131rlanan \u201cYa\u015flanan D\u00fcnyada E\u015fitsizli\u011fe Yer Yok\u201d isimli raporda n\u00fcfus ya\u015flanmas\u0131n\u0131n ekonomik ve sosyal etkileri farkl\u0131 y\u00f6nleriyle ele al\u0131n\u0131yor.<\/h2>\n<p style=\"text-align: center;\"><img loading=\"lazy\" class=\"aligncenter wp-image-195821\" src=\"https:\/\/www.enerjigazetesi.ist\/wp-content\/uploads\/2025\/03\/tskb-den-yeni-rapor-yaslanan-dunyada-esitsizlige-yer-yok.jpg\" alt=\"\" width=\"500\" height=\"364\" srcset=\"https:\/\/www.enerjigazetesi.ist\/wp-content\/uploads\/2025\/03\/tskb-den-yeni-rapor-yaslanan-dunyada-esitsizlige-yer-yok.jpg 550w, https:\/\/www.enerjigazetesi.ist\/wp-content\/uploads\/2025\/03\/tskb-den-yeni-rapor-yaslanan-dunyada-esitsizlige-yer-yok-300x218.jpg 300w, https:\/\/www.enerjigazetesi.ist\/wp-content\/uploads\/2025\/03\/tskb-den-yeni-rapor-yaslanan-dunyada-esitsizlige-yer-yok-500x364.jpg 500w, https:\/\/www.enerjigazetesi.ist\/wp-content\/uploads\/2025\/03\/tskb-den-yeni-rapor-yaslanan-dunyada-esitsizlige-yer-yok-69x50.jpg 69w\" sizes=\"(max-width: 500px) 100vw, 500px\" \/><\/p>\n<p>Raporda, T\u00fcrkiye\u2019de ya\u015flanan n\u00fcfus oran\u0131n\u0131n giderek artt\u0131\u011f\u0131 ve 65 ya\u015f ve \u00fczerindeki n\u00fcfusun 2030 y\u0131l\u0131nda %13,5\u2019e, 2050\u2019de %23,1\u2019e, 2075\u2019te ise %31,7\u2019ye ula\u015fmas\u0131n\u0131n beklendi\u011fi belirtiliyor. Do\u011furganl\u0131k h\u0131z\u0131n\u0131n d\u00fc\u015ft\u00fc\u011f\u00fc mevcut konjonkt\u00fcr \u00e7ocuk ba\u011f\u0131ml\u0131 n\u00fcfusun d\u00fc\u015fmesi anlam\u0131na gelirken, bunun kad\u0131nlar\u0131n i\u015fg\u00fcc\u00fcne kat\u0131l\u0131m\u0131nda art\u0131\u015f getirmesi i\u00e7in ya\u015fl\u0131lara y\u00f6nelik eri\u015filebilir bak\u0131m hizmetlerinin yayg\u0131nl\u0131k kazanmas\u0131 gerekti\u011fi payla\u015f\u0131l\u0131yor. Raporda T\u00fcrkiye\u2019de \u00e7al\u0131\u015fma \u00e7a\u011f\u0131nda olan ve i\u015fg\u00fcc\u00fcne kat\u0131lmayan kad\u0131nlar\u0131n %58,8\u2019inin evdeki \u00fccretsiz bak\u0131m y\u00fck\u00fc nedeniyle i\u015fg\u00fcc\u00fcne kat\u0131lamad\u0131\u011f\u0131n\u0131 belirtti\u011fi de hat\u0131rlat\u0131l\u0131yor.<\/p>\n<p>Raporda n\u00fcfusun ya\u015flanmas\u0131 ve \u00e7al\u0131\u015fma \u00e7a\u011f\u0131ndaki n\u00fcfustaki art\u0131\u015f\u0131n dura\u011fanla\u015fmas\u0131n\u0131n ekonomik b\u00fcy\u00fcmeyi bask\u0131layabildi\u011fi belirtilirken, uluslararas\u0131 \u00e7al\u0131\u015fmalarda ekonomik b\u00fcy\u00fcmenin s\u00fcrd\u00fcr\u00fclebilmesi i\u00e7in i\u015fg\u00fcc\u00fcne kat\u0131l\u0131mda cinsiyetler aras\u0131 e\u015fitli\u011fin \u00f6nemli bir fakt\u00f6r olarak \u00f6ne \u00e7\u0131kt\u0131\u011f\u0131 ifade ediliyor. T\u00fcrkiye\u2019de kad\u0131nlar\u0131n i\u015fg\u00fcc\u00fcne kat\u0131l\u0131m oran\u0131n\u0131n OECD \u00fcyesi \u00fclkelerin gerisinde oldu\u011fu vurgulan\u0131rken, cinsiyetler aras\u0131 fark\u0131n 37,2 y\u00fczde puan ile OECD ortalamas\u0131n\u0131n 2,6 kat\u0131 oldu\u011fu belirtiliyor. T\u00fcrkiye\u2019de ortalama ya\u015fam s\u00fcresi erkeklerden 5,3 y\u0131l fazla olan kad\u0131nlar\u0131n, toplumsal cinsiyet e\u015fitsizli\u011fi nedeniyle ileri ya\u015flar\u0131nda toplumun en k\u0131r\u0131lgan kesimlerinden biri haline geldi\u011fine dikkat \u00e7ekiliyor.<\/p>\n<h3><strong>Raporda \u00d6ne \u00c7\u0131kan Di\u011fer Sat\u0131r Ba\u015flar\u0131 \u015e\u00f6yle S\u0131ralan\u0131yor;<\/strong><\/h3>\n<p>&#8211; T\u00fcrkiye\u2019de kad\u0131nlar\u0131n i\u015f g\u00fcc\u00fcne kat\u0131l\u0131m oran\u0131 2023 y\u0131l sonu itibar\u0131yla %40,8 seviyesinde bulunurken bu oran OECD ortalamas\u0131n\u0131n gerisinde kal\u0131yor.<\/p>\n<p>&#8211; T\u00fcrkiye\u2019de kad\u0131nlar\u0131n %34,4\u2019\u00fc kay\u0131t d\u0131\u015f\u0131 \u00e7al\u0131\u015f\u0131rken, erkek \u00e7al\u0131\u015fanlarda bu oran\u0131n %10,6 oldu\u011fu g\u00f6r\u00fcl\u00fcyor.<\/p>\n<p>&#8211; Kad\u0131nlar\u0131n i\u015fg\u00fcc\u00fcne kat\u0131l\u0131m\u0131 \u00f6n\u00fcndeki en b\u00fcy\u00fck bariyer olan bak\u0131m y\u00fck\u00fcn\u00fcn hafifletilmesi \u00f6ncelikli bir geli\u015fim alan\u0131 olarak ortaya \u00e7\u0131k\u0131yor.<\/p>\n<p>&#8211; Otomasyon ve di\u011fer dijital teknolojilere yap\u0131lacak yat\u0131r\u0131mlar\u0131n getirdi\u011fi verimlilik art\u0131\u015f\u0131, ya\u015flanan d\u00fcnyada ekonomik b\u00fcy\u00fcmeyi ve refah art\u0131\u015f\u0131n\u0131 sa\u011flayabilir.<\/p>\n<p>&#8211; Teknolojik ilerlemelerin h\u0131z kazand\u0131\u011f\u0131 g\u00fcn\u00fcm\u00fczde ba\u015fta kad\u0131nlar olmak \u00fczere bug\u00fcn\u00fcn gen\u00e7lerinin ya\u015fam boyu e\u011fitim yoluyla dijital becerilerini artt\u0131rmas\u0131 \u00f6nem ta\u015f\u0131yor.<\/p>\n<p>&#8211; Esnek \u00e7al\u0131\u015fma saatleri veya yar\u0131 zamanl\u0131 \u00e7al\u0131\u015fma uygulamalar\u0131n\u0131n yayg\u0131nla\u015fmas\u0131, yaln\u0131zca daha fazla sa\u011fl\u0131k sorunu ya\u015fayan ya\u015fl\u0131 bireylere de\u011fil, bak\u0131m i\u015flerini yerine getirirken i\u015fg\u00fcc\u00fcnde kalmay\u0131 arzu eden di\u011fer \u00e7al\u0131\u015fanlara da fayda sa\u011flayabiliyor.<\/p>\n<p>Raporun Tamam\u0131 \u0130\u00e7in: <a href=\"https:\/\/www.tskb.com.tr\/uploads\/file\/tskb-tce-2025-tr.pdf\" target=\"_blank\" rel=\"noopener\">tskb-tce-2025-tr.pdf<\/a>\u00a0adresini ziyaret edebilirsiniz.<\/p>","protected":false},"excerpt":{"rendered":"<p>Sorry, this entry is only available in Turkish. For the sake of viewer convenience, the content is shown below in the alternative language. You may click the link to switch the active language. TSKB (T\u00fcrkiye S\u0131nai Kalk\u0131nma Bankas\u0131), bu y\u0131l da 8 Mart D\u00fcnya Kad\u0131nlar G\u00fcn\u00fc\u2019ne \u00f6zel bir rapor yay\u0131mlad\u0131. TSKB Ekonomik Ara\u015ft\u0131rmalar taraf\u0131ndan haz\u0131rlanan [&hellip;]<\/p>\n","protected":false},"author":1,"featured_media":195821,"comment_status":"open","ping_status":"open","sticky":false,"template":"","format":"standard","meta":[],"categories":[53],"tags":[37015,49388,112807,1221,66359,1489,3865,116284],"views":20,"_links":{"self":[{"href":"https:\/\/www.enerjigazetesi.ist\/en\/wp-json\/wp\/v2\/posts\/195819"}],"collection":[{"href":"https:\/\/www.enerjigazetesi.ist\/en\/wp-json\/wp\/v2\/posts"}],"about":[{"href":"https:\/\/www.enerjigazetesi.ist\/en\/wp-json\/wp\/v2\/types\/post"}],"author":[{"embeddable":true,"href":"https:\/\/www.enerjigazetesi.ist\/en\/wp-json\/wp\/v2\/users\/1"}],"replies":[{"embeddable":true,"href":"https:\/\/www.enerjigazetesi.ist\/en\/wp-json\/wp\/v2\/comments?post=195819"}],"version-history":[{"count":0,"href":"https:\/\/www.enerjigazetesi.ist\/en\/wp-json\/wp\/v2\/posts\/195819\/revisions"}],"wp:featuredmedia":[{"embeddable":true,"href":"https:\/\/www.enerjigazetesi.ist\/en\/wp-json\/wp\/v2\/media\/195821"}],"wp:attachment":[{"href":"https:\/\/www.enerjigazetesi.ist\/en\/wp-json\/wp\/v2\/media?parent=195819"}],"wp:term":[{"taxonomy":"category","embeddable":true,"href":"https:\/\/www.enerjigazetesi.ist\/en\/wp-json\/wp\/v2\/categories?post=195819"},{"taxonomy":"post_tag","embeddable":true,"href":"https:\/\/www.enerjigazetesi.ist\/en\/wp-json\/wp\/v2\/tags?post=195819"}],"curies":[{"name":"wp","href":"https:\/\/api.w.org\/{rel}","templated":true}]}}