{"id":195802,"date":"2025-03-06T10:50:39","date_gmt":"2025-03-06T07:50:39","guid":{"rendered":"https:\/\/www.enerjigazetesi.ist\/?p=195802"},"modified":"2025-03-06T10:50:59","modified_gmt":"2025-03-06T07:50:59","slug":"uedas-in-leylek-yuvalari-bu-yilda-yeni-sahiplerini-bekliyor","status":"publish","type":"post","link":"https:\/\/www.enerjigazetesi.ist\/en\/uedas-in-leylek-yuvalari-bu-yilda-yeni-sahiplerini-bekliyor\/","title":{"rendered":"(Turkish) UEDA\u015e\u2019\u0131n &#8216;Leylek Yuvalar\u0131&#8217; Bu Y\u0131lda Yeni Sahiplerini Bekliyor&#8230;"},"content":{"rendered":"<p class=\"qtranxs-available-languages-message qtranxs-available-languages-message-en\">Sorry, this entry is only available in <a href=\"https:\/\/www.enerjigazetesi.ist\/tr\/wp-json\/wp\/v2\/posts\/195802\" class=\"qtranxs-available-language-link qtranxs-available-language-link-tr\" title=\"Turkish\">Turkish<\/a>. For the sake of viewer convenience, the content is shown below in the alternative language. You may click the link to switch the active language.<\/p><p><\/p>\n<h2><strong>Bal\u0131k\u00e7\u0131 Adem Y\u0131lmaz ile kurdu\u011fu dostluk hikayesi ilgi \u00e7eken Yaren leyle\u011fin, 14&#8217;\u00fcnc\u00fc y\u0131lda da gelmesi heyecanla bekleniyor. Do\u011fa dostu sosyal sorumluluk projeleri ile \u00f6ne \u00e7\u0131kan UEDA\u015e, b\u00f6lgeye yeni leylek yuvalar\u0131n\u0131 monte ederek, elektrik direklerini can dostlar\u0131 i\u00e7in haz\u0131rlad\u0131.<\/strong><\/h2>\n<p style=\"text-align: center;\"><img loading=\"lazy\" class=\"aligncenter wp-image-195804\" src=\"https:\/\/www.enerjigazetesi.ist\/wp-content\/uploads\/2025\/03\/uedas-in-leylek-yuvalari-bu-yilda-yeni-sahiplerini-bekliyor-1.jpg\" alt=\"\" width=\"500\" height=\"334\" srcset=\"https:\/\/www.enerjigazetesi.ist\/wp-content\/uploads\/2025\/03\/uedas-in-leylek-yuvalari-bu-yilda-yeni-sahiplerini-bekliyor-1.jpg 550w, https:\/\/www.enerjigazetesi.ist\/wp-content\/uploads\/2025\/03\/uedas-in-leylek-yuvalari-bu-yilda-yeni-sahiplerini-bekliyor-1-300x200.jpg 300w, https:\/\/www.enerjigazetesi.ist\/wp-content\/uploads\/2025\/03\/uedas-in-leylek-yuvalari-bu-yilda-yeni-sahiplerini-bekliyor-1-500x334.jpg 500w, https:\/\/www.enerjigazetesi.ist\/wp-content\/uploads\/2025\/03\/uedas-in-leylek-yuvalari-bu-yilda-yeni-sahiplerini-bekliyor-1-75x50.jpg 75w, https:\/\/www.enerjigazetesi.ist\/wp-content\/uploads\/2025\/03\/uedas-in-leylek-yuvalari-bu-yilda-yeni-sahiplerini-bekliyor-1-450x300.jpg 450w\" sizes=\"(max-width: 500px) 100vw, 500px\" \/><\/p>\n<p>Bursa\u2019da leyleklerin u\u011frak lokasyonlar\u0131ndan olan Eskikaraa\u011fa\u00e7, G\u00f6lyaz\u0131 ve Fad\u0131ll\u0131 b\u00f6lgesinde leylekler i\u00e7in haz\u0131rl\u0131klar tamamland\u0131. UEDA\u015e\u2019\u0131n do\u011fa dostu projelerinden biri olan leylek yuvalar\u0131, bu y\u0131lda yeni sahiplerini bekliyor.<\/p>\n<p>Yuvalar\u0131n yerle\u015ftirilece\u011fi lokasyonlar ve teknik yap\u0131s\u0131na ili\u015fkin detaylar\u0131 Biyosistem M\u00fchendisleri ve ku\u015f bilimcilerle i\u015f birli\u011fi sa\u011flayarak belirleyen UEDA\u015e, t\u00fcm g\u00fcvenlik \u00f6nlemlerini alarak yuvalar\u0131n montaj\u0131n\u0131 tamamlad\u0131.<\/p>\n<p>Projenin detaylar\u0131na ili\u015fkin a\u00e7\u0131klamalarda bulunan <strong>Uluda\u011f Enerji CEO\u2019su Sinan \u00d6ktem<\/strong>,<em> \u201cEnerji Grubu olarak b\u00fcy\u00fck bir b\u00f6lgede faaliyet g\u00f6steriyoruz. Bir\u00e7ok insana ve canl\u0131ya dokunuyoruz. Bu konuda kendimize bir sosyal sorumluluk bilinci a\u015f\u0131lad\u0131k. \u0130\u00e7inde bulundu\u011fumuz do\u011faya ve topluma kar\u015f\u0131 bir borcumuz oldu\u011funu hissediyoruz. Bug\u00fcn burada hizmet b\u00f6lgemizi g\u00f6\u00e7 yolu olarak de\u011ferlendiren leylekler i\u00e7in yer ald\u0131k. Elektrik direklerimiz onlar i\u00e7in dinlenme tesisi oldu diyebiliriz. 2012 y\u0131l\u0131ndan beri onlara daha konforlu bir g\u00f6\u00e7 ve konaklama alan\u0131 olu\u015fturabilmek i\u00e7in yuvalar haz\u0131rl\u0131yoruz. \u015eimdiye kadar G\u00f6lyaz\u0131, Eskikaraa\u011fa\u00e7 ve Fad\u0131ll\u0131\u2019da toplam 100 yuva yerle\u015ftirdik. Bug\u00fcn de 7 tane yuvan\u0131n montaj\u0131n\u0131 ger\u00e7ekle\u015ftiriyoruz. Yuvalar\u0131m\u0131z\u0131 yaparken hem yerlerinin belirlenmesi hem de daha ergonomik olabilmesi i\u00e7in Uluda\u011f \u00dcniversitesi akademisyenlerinden destek ald\u0131k\u201d<\/em> dedi.<\/p>","protected":false},"excerpt":{"rendered":"<p>Sorry, this entry is only available in Turkish. For the sake of viewer convenience, the content is shown below in the alternative language. You may click the link to switch the active language. Bal\u0131k\u00e7\u0131 Adem Y\u0131lmaz ile kurdu\u011fu dostluk hikayesi ilgi \u00e7eken Yaren leyle\u011fin, 14&#8217;\u00fcnc\u00fc y\u0131lda da gelmesi heyecanla bekleniyor. Do\u011fa dostu sosyal sorumluluk projeleri [&hellip;]<\/p>\n","protected":false},"author":1,"featured_media":195805,"comment_status":"open","ping_status":"open","sticky":false,"template":"","format":"standard","meta":[],"categories":[51,53],"tags":[96949,22469,113255,113254,24925,18112,2227],"views":22,"_links":{"self":[{"href":"https:\/\/www.enerjigazetesi.ist\/en\/wp-json\/wp\/v2\/posts\/195802"}],"collection":[{"href":"https:\/\/www.enerjigazetesi.ist\/en\/wp-json\/wp\/v2\/posts"}],"about":[{"href":"https:\/\/www.enerjigazetesi.ist\/en\/wp-json\/wp\/v2\/types\/post"}],"author":[{"embeddable":true,"href":"https:\/\/www.enerjigazetesi.ist\/en\/wp-json\/wp\/v2\/users\/1"}],"replies":[{"embeddable":true,"href":"https:\/\/www.enerjigazetesi.ist\/en\/wp-json\/wp\/v2\/comments?post=195802"}],"version-history":[{"count":0,"href":"https:\/\/www.enerjigazetesi.ist\/en\/wp-json\/wp\/v2\/posts\/195802\/revisions"}],"wp:featuredmedia":[{"embeddable":true,"href":"https:\/\/www.enerjigazetesi.ist\/en\/wp-json\/wp\/v2\/media\/195805"}],"wp:attachment":[{"href":"https:\/\/www.enerjigazetesi.ist\/en\/wp-json\/wp\/v2\/media?parent=195802"}],"wp:term":[{"taxonomy":"category","embeddable":true,"href":"https:\/\/www.enerjigazetesi.ist\/en\/wp-json\/wp\/v2\/categories?post=195802"},{"taxonomy":"post_tag","embeddable":true,"href":"https:\/\/www.enerjigazetesi.ist\/en\/wp-json\/wp\/v2\/tags?post=195802"}],"curies":[{"name":"wp","href":"https:\/\/api.w.org\/{rel}","templated":true}]}}