{"id":195798,"date":"2025-03-06T10:27:20","date_gmt":"2025-03-06T07:27:20","guid":{"rendered":"https:\/\/www.enerjigazetesi.ist\/?p=195798"},"modified":"2025-03-06T10:27:20","modified_gmt":"2025-03-06T07:27:20","slug":"enerji-sektorunde-esit-hayat-diyen-aydem-enerjiye-fem-sertifikasi","status":"publish","type":"post","link":"https:\/\/www.enerjigazetesi.ist\/en\/enerji-sektorunde-esit-hayat-diyen-aydem-enerjiye-fem-sertifikasi\/","title":{"rendered":"(Turkish) Enerji Sekt\u00f6r\u00fcnde \u201cE\u015fit Hayat\u201d Diyen &#8216;Aydem Enerji&#8217;ye FEM Sertifikas\u0131"},"content":{"rendered":"<p class=\"qtranxs-available-languages-message qtranxs-available-languages-message-en\">Sorry, this entry is only available in <a href=\"https:\/\/www.enerjigazetesi.ist\/tr\/wp-json\/wp\/v2\/posts\/195798\" class=\"qtranxs-available-language-link qtranxs-available-language-link-tr\" title=\"Turkish\">Turkish<\/a>. For the sake of viewer convenience, the content is shown below in the alternative language. You may click the link to switch the active language.<\/p><p><\/p>\n<h2><strong>Toplumsal f\u0131rsat e\u015fitli\u011fi \u00e7al\u0131\u015fmalar\u0131n\u0131 \u201cAydem E\u015fit Hayat\u201d inisiyatifiyle s\u00fcrd\u00fcren T\u00fcrkiye\u2019nin \u00f6nc\u00fc enerji \u015firketlerinden Aydem Enerji, KAG\u0130DER\u2019in F\u0131rsat E\u015fitli\u011fi Modeli (FEM) sertifikas\u0131n\u0131 almaya hak kazand\u0131. Aydem Enerji bu sertifikayla f\u0131rsat e\u015fitli\u011fi uygulamalar\u0131na ve kad\u0131n istihdam\u0131na ba\u011fl\u0131l\u0131\u011f\u0131n\u0131 tescil etti.<\/strong><\/h2>\n<p style=\"text-align: center;\"><img loading=\"lazy\" class=\"aligncenter wp-image-195800\" src=\"https:\/\/www.enerjigazetesi.ist\/wp-content\/uploads\/2025\/03\/enerji-sektorunde-esit-hayat-diyen-aydem-enerjiye-fem-sertifikasi.jpg\" alt=\"\" width=\"500\" height=\"324\" srcset=\"https:\/\/www.enerjigazetesi.ist\/wp-content\/uploads\/2025\/03\/enerji-sektorunde-esit-hayat-diyen-aydem-enerjiye-fem-sertifikasi.jpg 550w, https:\/\/www.enerjigazetesi.ist\/wp-content\/uploads\/2025\/03\/enerji-sektorunde-esit-hayat-diyen-aydem-enerjiye-fem-sertifikasi-300x194.jpg 300w, https:\/\/www.enerjigazetesi.ist\/wp-content\/uploads\/2025\/03\/enerji-sektorunde-esit-hayat-diyen-aydem-enerjiye-fem-sertifikasi-500x324.jpg 500w, https:\/\/www.enerjigazetesi.ist\/wp-content\/uploads\/2025\/03\/enerji-sektorunde-esit-hayat-diyen-aydem-enerjiye-fem-sertifikasi-77x50.jpg 77w\" sizes=\"(max-width: 500px) 100vw, 500px\" \/><\/p>\n<p>Elektrik \u00fcretim, da\u011f\u0131t\u0131m ve sat\u0131\u015f alanlar\u0131nda faaliyet g\u00f6steren Aydem Enerji, grup \u015firketleriyle birlikte toplumsal f\u0131rsat e\u015fitli\u011fi alan\u0131ndaki \u00e7al\u0131\u015fmalar\u0131nda bir kilometre ta\u015f\u0131na daha ula\u015ft\u0131. \u201cAydem E\u015fit Hayat\u201d inisiyatifiyle kapsay\u0131c\u0131l\u0131k, \u00e7e\u015fitlilik ve f\u0131rsat e\u015fitli\u011fi konular\u0131n\u0131 \u00f6nceliklendiren Aydem Enerji, T\u00fcrkiye Kad\u0131n Giri\u015fimciler Derne\u011fi\u2019nin (KAG\u0130DER) F\u0131rsat E\u015fitli\u011fi Modeli (FEM) sertifikas\u0131n\u0131 almaya hak kazand\u0131. Aydem Enerji, Deloitte taraf\u0131ndan yap\u0131lan de\u011ferlendirmede kad\u0131nlara daha adil olmak \u00fczere \u00e7\u0131kt\u0131\u011f\u0131 yolda f\u0131rsat e\u015fitli\u011fi alan\u0131ndaki somut \u00e7al\u0131\u015fmalar\u0131yla FEM sertifikas\u0131n\u0131 ald\u0131.<\/p>\n<h3><strong>\u201cKapsay\u0131c\u0131 Bir Yakla\u015f\u0131mla Kad\u0131nlar\u0131n Her Alanda G\u00fc\u00e7lenmesi \u0130\u00e7in \u00c7al\u0131\u015f\u0131yoruz\u201d<\/strong><\/h3>\n<p>Aydem Enerji \u0130nsan Kaynaklar\u0131 ve S\u00fcrd\u00fcr\u00fclebilirlik Grup Ba\u015fkan\u0131 Tansel Varan,\u00a0toplumsal f\u0131rsat e\u015fitli\u011fi yakla\u015f\u0131mlar\u0131n\u0131n tescillenmesinden mutluluk duyduklar\u0131n\u0131 belirterek, \u015funlar\u0131 s\u00f6yledi:<\/p>\n<p>\u201cFEM sertifikas\u0131, toplumsal f\u0131rsat e\u015fitli\u011fi konusundaki kararl\u0131l\u0131\u011f\u0131m\u0131z\u0131 g\u00f6stermesi a\u00e7\u0131s\u0131ndan \u00e7ok de\u011ferli. Kad\u0131n temsilinin d\u00fc\u015f\u00fck oldu\u011fu enerji sekt\u00f6r\u00fcnde kapsay\u0131c\u0131 bir yakla\u015f\u0131mla, kad\u0131n \u00e7al\u0131\u015fma arkada\u015flar\u0131m\u0131z\u0131n say\u0131s\u0131n\u0131 her kademede art\u0131rma hedefiyle \u00e7al\u0131\u015f\u0131yoruz. Birle\u015fmi\u015f Milletler Kad\u0131n\u0131n G\u00fc\u00e7lenmesi Prensipleri\u2019nin (WEPs) imzac\u0131s\u0131 olarak, kad\u0131nlar\u0131n her alanda g\u00fc\u00e7lenmesi i\u00e7in \u00f6nemli ad\u0131mlar at\u0131yoruz. Aydem E\u015fit Hayat inisiyatifimiz ile i\u015fe al\u0131m s\u00fcre\u00e7lerimizden \u00e7e\u015fitlilik ve kapsay\u0131c\u0131l\u0131k e\u011fitimlerimize t\u00fcm s\u00fcre\u00e7lerimizi toplumsal f\u0131rsat e\u015fitli\u011fi oda\u011f\u0131nda \u015fekillendiriyoruz. Sabanc\u0131 \u00dcniversitesi dan\u0131\u015fmanl\u0131\u011f\u0131nda yay\u0131mlad\u0131\u011f\u0131m\u0131z \u2018Aydem Enerji Aile \u0130\u00e7i \u015eiddetle M\u00fccadele Prosed\u00fcr\u00fc\u2019 ile t\u00fcm Aydem Enerji ekiplerinin aile i\u00e7i \u015fiddet konusunda bilin\u00e7lenmesini sa\u011fl\u0131yoruz. Toplumsal f\u0131rsat e\u015fitli\u011finin sa\u011flanmas\u0131 ve kad\u0131nlar\u0131n istihdamda da g\u00fc\u00e7lenmesi i\u00e7in \u00e7al\u0131\u015fmalar\u0131m\u0131z\u0131 s\u00fcrd\u00fcrmekte kararl\u0131y\u0131z.\u201d<\/p>\n<p><strong>KAG\u0130DER Y\u00f6netim Kurulu \u00dcyesi ve \u00d6zel Sekt\u00f6rle \u0130li\u015fkiler Komitesi Lideri Ne\u015fecan \u00c7ekici\u00a0<\/strong>ise\u00a0Aydem Enerji\u2019nin, kapsay\u0131c\u0131 bir i\u015f d\u00fcnyas\u0131 i\u00e7in \u00f6nemli bir \u00f6rnek te\u015fkil etti\u011fini belirterek \u015funlar\u0131 s\u00f6yledi: <em>\u201cAydem Enerji&#8217;nin F\u0131rsat E\u015fitli\u011fi Modeli Sertifikas\u0131\u2019n\u0131 alarak cinsiyet ve f\u0131rsat e\u015fitli\u011fi konusundaki taahh\u00fcd\u00fcn\u00fc ortaya koymas\u0131n\u0131 b\u00fcy\u00fck bir memnuniyetle kar\u015f\u0131l\u0131yoruz. Kad\u0131nlar\u0131n i\u015f g\u00fcc\u00fcne kat\u0131l\u0131m\u0131n\u0131 art\u0131rmaya y\u00f6nelik att\u0131klar\u0131 bu ad\u0131m, kapsay\u0131c\u0131 bir i\u015f d\u00fcnyas\u0131 i\u00e7in \u00f6nemli\u00a0bir \u00f6rnek te\u015fkil ediyor. \u00c7al\u0131\u015fanlar\u0131 i\u00e7in adil ve e\u015fit bir \u00e7al\u0131\u015fma ortam\u0131 sunarak, yeteneklerin cinsiyetten ba\u011f\u0131ms\u0131z olarak de\u011ferlendirildi\u011fi bir ekosistem olu\u015fturuyor.\u201d<\/em><\/p>\n<p><strong>KAG\u0130DER Y\u00f6netim Kurulu \u00dcyesi ve \u00d6zel Sekt\u00f6rle \u0130li\u015fkiler Komitesi Lideri \u00d6zlem Demirci Duyarlar,\u00a0<\/strong>FEM sertifikas\u0131n\u0131n, i\u015f d\u00fcnyas\u0131nda f\u0131rsat e\u015fitli\u011fini bir kurum k\u00fclt\u00fcr\u00fc haline getirme taahh\u00fcd\u00fc oldu\u011funu ifade ederek g\u00f6r\u00fc\u015flerini payla\u015ft\u0131: <em>\u201cAydem Enerji, F\u0131rsat E\u015fitli\u011fi Modeli Sertifikas\u0131\u2019n\u0131 alarak toplumsal cinsiyet e\u015fitli\u011fi ve \u00e7e\u015fitlili\u011fi destekleme konusundaki kararl\u0131l\u0131\u011f\u0131n\u0131 g\u00f6stermi\u015ftir. Bu sertifika sadece bir belge de\u011fil, ayn\u0131 zamanda i\u015f d\u00fcnyas\u0131nda f\u0131rsat e\u015fitli\u011fini bir kurum k\u00fclt\u00fcr\u00fc haline getirme taahh\u00fcd\u00fcd\u00fcr. Cinsiyet e\u015fitli\u011fi sadece bir sosyal sorumluluk de\u011fil, ayn\u0131 zamanda ekonomik b\u00fcy\u00fcme ve s\u00fcrd\u00fcr\u00fclebilir kalk\u0131nman\u0131n temel ta\u015flar\u0131ndan biridir.\u201d<\/em><\/p>\n<h3><strong>Adaletsizli\u011fe Kar\u015f\u0131 Fark\u0131ndal\u0131k<\/strong><\/h3>\n<p>KAG\u0130DER, F\u0131rsat E\u015fitli\u011fi Modeli FEM sertifikas\u0131n\u0131 2011 y\u0131l\u0131nda duyurdu. Proje kapsam\u0131nda kurumlar\u0131n insan kaynaklar\u0131 prosed\u00fcrleri ba\u011f\u0131ms\u0131z denetim kurumlar\u0131nca de\u011ferlendirilerek, f\u0131rsat e\u015fitli\u011fi kriterleri kapsam\u0131nda ele al\u0131n\u0131yor. Projenin amac\u0131 i\u015fe al\u0131m, e\u011fitim, terfi, kariyer planlama ve geli\u015ftirme ile d\u0131\u015f ileti\u015fim gibi s\u00fcre\u00e7lerdeki e\u015fitsizlikleri saptamak, bu konuda fark\u0131ndal\u0131k yaratmak ve i\u015f ya\u015fam\u0131nda cinsiyet ayr\u0131mc\u0131l\u0131\u011f\u0131na dayal\u0131 yakla\u015f\u0131mlar\u0131n ortadan kalkmas\u0131na destek olmak.<\/p>","protected":false},"excerpt":{"rendered":"<p>Sorry, this entry is only available in Turkish. For the sake of viewer convenience, the content is shown below in the alternative language. You may click the link to switch the active language. Toplumsal f\u0131rsat e\u015fitli\u011fi \u00e7al\u0131\u015fmalar\u0131n\u0131 \u201cAydem E\u015fit Hayat\u201d inisiyatifiyle s\u00fcrd\u00fcren T\u00fcrkiye\u2019nin \u00f6nc\u00fc enerji \u015firketlerinden Aydem Enerji, KAG\u0130DER\u2019in F\u0131rsat E\u015fitli\u011fi Modeli (FEM) sertifikas\u0131n\u0131 almaya [&hellip;]<\/p>\n","protected":false},"author":1,"featured_media":195800,"comment_status":"open","ping_status":"open","sticky":false,"template":"","format":"standard","meta":[],"categories":[51,53],"tags":[67509,1266,10303,19,83363,116278,47663,59248],"views":16,"_links":{"self":[{"href":"https:\/\/www.enerjigazetesi.ist\/en\/wp-json\/wp\/v2\/posts\/195798"}],"collection":[{"href":"https:\/\/www.enerjigazetesi.ist\/en\/wp-json\/wp\/v2\/posts"}],"about":[{"href":"https:\/\/www.enerjigazetesi.ist\/en\/wp-json\/wp\/v2\/types\/post"}],"author":[{"embeddable":true,"href":"https:\/\/www.enerjigazetesi.ist\/en\/wp-json\/wp\/v2\/users\/1"}],"replies":[{"embeddable":true,"href":"https:\/\/www.enerjigazetesi.ist\/en\/wp-json\/wp\/v2\/comments?post=195798"}],"version-history":[{"count":0,"href":"https:\/\/www.enerjigazetesi.ist\/en\/wp-json\/wp\/v2\/posts\/195798\/revisions"}],"wp:featuredmedia":[{"embeddable":true,"href":"https:\/\/www.enerjigazetesi.ist\/en\/wp-json\/wp\/v2\/media\/195800"}],"wp:attachment":[{"href":"https:\/\/www.enerjigazetesi.ist\/en\/wp-json\/wp\/v2\/media?parent=195798"}],"wp:term":[{"taxonomy":"category","embeddable":true,"href":"https:\/\/www.enerjigazetesi.ist\/en\/wp-json\/wp\/v2\/categories?post=195798"},{"taxonomy":"post_tag","embeddable":true,"href":"https:\/\/www.enerjigazetesi.ist\/en\/wp-json\/wp\/v2\/tags?post=195798"}],"curies":[{"name":"wp","href":"https:\/\/api.w.org\/{rel}","templated":true}]}}