{"id":195769,"date":"2025-03-05T13:55:35","date_gmt":"2025-03-05T10:55:35","guid":{"rendered":"https:\/\/www.enerjigazetesi.ist\/?p=195769"},"modified":"2025-03-05T13:55:35","modified_gmt":"2025-03-05T10:55:35","slug":"yanlis-maliyet-algisi-kentsel-donusumde-yesil-binalarin-onunde-engel","status":"publish","type":"post","link":"https:\/\/www.enerjigazetesi.ist\/en\/yanlis-maliyet-algisi-kentsel-donusumde-yesil-binalarin-onunde-engel\/","title":{"rendered":"(Turkish) Yanl\u0131\u015f Maliyet Alg\u0131s\u0131 Kentsel D\u00f6n\u00fc\u015f\u00fcmde &#8216;Ye\u015fil Binalar&#8217;\u0131n \u00d6n\u00fcnde Engel"},"content":{"rendered":"<p class=\"qtranxs-available-languages-message qtranxs-available-languages-message-en\">Sorry, this entry is only available in <a href=\"https:\/\/www.enerjigazetesi.ist\/tr\/wp-json\/wp\/v2\/posts\/195769\" class=\"qtranxs-available-language-link qtranxs-available-language-link-tr\" title=\"Turkish\">Turkish<\/a>. For the sake of viewer convenience, the content is shown below in the alternative language. You may click the link to switch the active language.<\/p><p><\/p>\n<h2>T\u00fcrkiye\u2019de 7,5 milyon ba\u011f\u0131ms\u0131z birimin deprem riski alt\u0131nda olmas\u0131 ve 6 \u015eubat Kahramanmara\u015f merkezli depremlerin ard\u0131ndan yeniden yap\u0131lanma ihtiyac\u0131n\u0131n artmas\u0131, yaln\u0131zca kentsel d\u00f6n\u00fc\u015f\u00fcm\u00fc de\u011fil, ayn\u0131 zamanda s\u00fcrd\u00fcr\u00fclebilir ve \u00e7evre dostu \u015fehirlerin in\u015fas\u0131n\u0131 da zorunlu k\u0131l\u0131yor. Ancak, bu d\u00f6n\u00fc\u015f\u00fcm s\u00fcrecinde ye\u015fil binalar\u0131n y\u00fcksek maliyetli oldu\u011fu y\u00f6n\u00fcndeki yanl\u0131\u015f alg\u0131, enerji verimli yap\u0131lar\u0131n yayg\u0131nla\u015fmas\u0131n\u0131n \u00f6n\u00fcndeki en b\u00fcy\u00fck engellerden biri olmaya devam ediyor.<\/h2>\n<div id=\"attachment_195772\" style=\"width: 510px\" class=\"wp-caption aligncenter\"><img aria-describedby=\"caption-attachment-195772\" loading=\"lazy\" class=\"wp-image-195772\" src=\"https:\/\/www.enerjigazetesi.ist\/wp-content\/uploads\/2025\/03\/yanlis-maliyet-algisi-kentsel-donusumde-yesil-binalarin-onunde-engel-1.jpg\" alt=\"\" width=\"500\" height=\"449\" srcset=\"https:\/\/www.enerjigazetesi.ist\/wp-content\/uploads\/2025\/03\/yanlis-maliyet-algisi-kentsel-donusumde-yesil-binalarin-onunde-engel-1.jpg 535w, https:\/\/www.enerjigazetesi.ist\/wp-content\/uploads\/2025\/03\/yanlis-maliyet-algisi-kentsel-donusumde-yesil-binalarin-onunde-engel-1-300x269.jpg 300w, https:\/\/www.enerjigazetesi.ist\/wp-content\/uploads\/2025\/03\/yanlis-maliyet-algisi-kentsel-donusumde-yesil-binalarin-onunde-engel-1-446x400.jpg 446w, https:\/\/www.enerjigazetesi.ist\/wp-content\/uploads\/2025\/03\/yanlis-maliyet-algisi-kentsel-donusumde-yesil-binalarin-onunde-engel-1-56x50.jpg 56w, https:\/\/www.enerjigazetesi.ist\/wp-content\/uploads\/2025\/03\/yanlis-maliyet-algisi-kentsel-donusumde-yesil-binalarin-onunde-engel-1-500x449.jpg 500w\" sizes=\"(max-width: 500px) 100vw, 500px\" \/><p id=\"caption-attachment-195772\" class=\"wp-caption-text\">Altensis Y\u00f6netici Orta\u011f\u0131 Dr. Emre Il\u0131cal\u0131<\/p><\/div>\n<p><strong>Ye\u015fil binalar<\/strong> ve <strong>enerji verimlili\u011fi<\/strong> konusunda T\u00fcrkiye\u2019nin ilk Avrupa\u2019n\u0131n ise \u00f6nde gelen s\u00fcrd\u00fcr\u00fclebilirlik y\u00f6netim \u015firketi Altensis\u2019in Y\u00f6netici Orta\u011f\u0131 <strong>Dr. Emre Il\u0131cal\u0131<\/strong>, 1-7 Mart Deprem Haftas\u0131 kapsam\u0131nda yapt\u0131\u011f\u0131 a\u00e7\u0131klamada; yeniden yap\u0131lanma s\u00fcrecinde <strong>s\u00fcrd\u00fcr\u00fclebilir \u015fehir planlamas\u0131n\u0131n<\/strong> ka\u00e7\u0131n\u0131lmaz bir gereklilik oldu\u011funu vurgulayarak, <em>\u2018\u2019Deprem sonras\u0131 hayata ge\u00e7irilecek konutlar\u0131n ve kentsel d\u00f6n\u00fc\u015f\u00fcm projelerinin ye\u015fil bina stratejileriyle \u015fekillendirilmesi gerekiyor. Enerji verimlili\u011fi ilk a\u015famadan itibaren planlanmal\u0131 ve s\u00fcrecin par\u00e7as\u0131 olmal\u0131.\u2019\u2019<\/em> dedi.<\/p>\n<p>D\u00fcnya genelinde enerji kaynaklar\u0131n\u0131n h\u0131zla t\u00fckenmekte oldu\u011funu hat\u0131rlatan <strong>Il\u0131cal\u0131,<\/strong> \u00f6zellikle konut sekt\u00f6r\u00fcnde enerji tasarrufunun b\u00fcy\u00fck bir potansiyel sundu\u011funu belirterek,<em> &#8220;T\u00fcrkiye\u2019de kullan\u0131lan toplam enerjinin y\u00fczde 32\u2019den fazlas\u0131 binalarda t\u00fcketiliyor. Bu nedenle, enerji tasarruf s\u00fcrecinin, yeniden yap\u0131lanan b\u00f6lgelerde en ba\u015ftan planlanmas\u0131 ve hayata ge\u00e7irilmesi b\u00fcy\u00fck \u00f6nem ta\u015f\u0131yor.&#8221;<\/em> ifadelerini kulland\u0131.<\/p>\n<h3><strong>Ye\u015fil D\u00f6n\u00fc\u015f\u00fcm Kentsel Planlaman\u0131n Bir Par\u00e7as\u0131 Olmal\u0131<\/strong><\/h3>\n<p>Deprem riski alt\u0131ndaki 7,5 milyon ba\u011f\u0131ms\u0131z birimin yeniden in\u015fas\u0131, hem kentsel d\u00f6n\u00fc\u015f\u00fcm \u00e7al\u0131\u015fmalar\u0131n\u0131 hem de 6 \u015eubat Kahramanmara\u015f merkezli depremlerin ard\u0131ndan yeniden yap\u0131lanma s\u00fcrecini daha da kritik hale getiriyor. Bu noktada yaln\u0131zca deprem riskinin azalt\u0131lmas\u0131 de\u011fil, ayn\u0131 zamanda s\u00fcrd\u00fcr\u00fclebilir, \u00e7evre dostu ya\u015fam alanlar\u0131n\u0131n olu\u015fturulmas\u0131 gerekti\u011fini de vurgulayan <strong>Il\u0131cal\u0131,<\/strong> <em>&#8220;\u0130n\u015fa edilecek \u015fehirlerde yaln\u0131zca eski ve riskli yap\u0131lar\u0131n yerine yenilerini yapmak yeterli de\u011fil. Ayn\u0131 zamanda karbon sal\u0131m\u0131 d\u00fc\u015f\u00fck, \u00e7evre dostu binalar ve \u015fehirler geli\u015ftirilmesi gerekiyor. Bu \u00e7er\u00e7evede s\u00fcrd\u00fcr\u00fclebilir \u015fehir planlamas\u0131, kentsel tasar\u0131m ve \u00e7evreci teknolojilerin entegrasyonu b\u00fcy\u00fck \u00f6nem ta\u015f\u0131yor.&#8221;<\/em> yorumunda bulundu.<\/p>\n<h3><strong>Maliyet Alg\u0131s\u0131 D\u00f6n\u00fc\u015f\u00fcm\u00fc Zorla\u015ft\u0131r\u0131yor<\/strong><\/h3>\n<p>Deprem sonras\u0131 yeniden yap\u0131lanma s\u00fcrecinde, ye\u015fil binalar\u0131n yayg\u0131nla\u015ft\u0131r\u0131lmas\u0131n\u0131n kritik bir ad\u0131m oldu\u011funu ancak kamuoyunda ye\u015fil binalar\u0131n y\u00fcksek maliyetli oldu\u011fu y\u00f6n\u00fcndeki alg\u0131n\u0131n bu d\u00f6n\u00fc\u015f\u00fcm\u00fcn \u00f6n\u00fcndeki en b\u00fcy\u00fck engellerden biri oldu\u011funu vurguyan <strong>Dr. Emre Il\u0131cal\u0131, <\/strong><em>\u201cBu bilerek g\u00fcndemde tutulan yanl\u0131\u015f bir alg\u0131d\u0131r. Gelinen noktada bu konular zaten zorunlu hale geldi. Bu sebeple ek bir maliyet de\u011fil, do\u011fal bir maliyet olarak de\u011ferlendirilmeli.\u2019\u2019<\/em> dedi.<\/p>\n<p>G\u00fcn\u00fcm\u00fcz teknolojileri sayesinde, in\u015faat sekt\u00f6r\u00fcnde kullan\u0131lan malzeme ve ekipmanlar\u0131n ye\u015fil bina standartlar\u0131n\u0131 kar\u015f\u0131lad\u0131\u011f\u0131n\u0131 belirten Il\u0131cal\u0131, &#8220;<em>Buna ra\u011fmen hala yan\u0131lt\u0131c\u0131 rakamlarla ye\u015fil bina kriterlerine uyumun ek bir maliyet y\u00fck\u00fc getirdi\u011fini iddia eden ve asl\u0131nda zorunlu olan uygulamalar i\u00e7in te\u015fvik beklentisi i\u00e7inde olan yat\u0131r\u0131mc\u0131lara rastlamaktay\u0131z. Yenilenebilir enerji kullan\u0131m\u0131, y\u00fcksek performansl\u0131 \u0131s\u0131 izolasyonu, ya\u011fmur suyu geri kazan\u0131m\u0131, gri su, elektrikli ara\u00e7 \u015farj istasyonlar\u0131, bisiklet parklar\u0131 gibi uygulamalar\u0131 i\u00e7eren ye\u015fil binalarda uygulanan verimlilik stratejileriyle uzun vadede b\u00fcy\u00fck tasarruf sa\u011flan\u0131yor. Bu sebeple g\u00fcn\u00fcm\u00fczde standartlara uygun in\u015fa edilen ye\u015fil binalar, ek maliyet de\u011fil s\u00fcrd\u00fcr\u00fclebilir bir yat\u0131r\u0131m anlam\u0131na geliyor. Bunlara eklenen daha yenilik\u00e7i uygulamalar ise ilgili binalar\u0131n ya\u015fam boyu maliyetini k\u0131saltan, ileriye y\u00f6nelik vizyoner uygulamalar olacakt\u0131r\u201d<\/em> \u015feklinde konu\u015ftu.<\/p>\n<h3><strong>\u2018Gelece\u011fin \u015eehirleri\u2019, Ak\u0131ll\u0131 ve S\u00fcrd\u00fcr\u00fclebilir Olmak Zorunda<\/strong><\/h3>\n<p>Deprem sonras\u0131 kentsel d\u00f6n\u00fc\u015f\u00fcm projelerine s\u00fcrd\u00fcr\u00fclebilir ve ak\u0131ll\u0131 \u015fehir stratejilerinin dahil edilmesi gerekti\u011fini aktaran <strong>Il\u0131cal\u0131,<\/strong> <em>\u201cAk\u0131ll\u0131 ula\u015f\u0131m sistemleri, yenilenebilir enerji altyap\u0131lar\u0131, elektrikli ara\u00e7 \u015farj istasyonlar\u0131 ve ye\u015fil alanlar\u0131n art\u0131r\u0131lmas\u0131 gibi unsurlar, \u015fehirleri daha ya\u015fanabilir hale getirebilir. Deprem Haftas\u0131 vesilesiyle yap\u0131lan tart\u0131\u015fmalar, sadece binalar\u0131 g\u00fc\u00e7lendirmekle s\u0131n\u0131rl\u0131 kalmamal\u0131; ayn\u0131 zamanda gelece\u011fe y\u00f6nelik s\u00fcrd\u00fcr\u00fclebilir, \u00e7evreci ve enerji verimli \u00e7\u00f6z\u00fcmler geli\u015ftirilerek \u015fehirlerin daha dayan\u0131kl\u0131 hale getirilmesini hedeflemelidir.\u2019\u2019<\/em> ifadelerini kulland\u0131.<\/p>\n<p>Bu s\u00fcre\u00e7te yerel y\u00f6netimler, kamu kurulu\u015flar\u0131, \u00f6zel sekt\u00f6r ve vatanda\u015flar\u0131n ortak \u00e7al\u0131\u015fmas\u0131 gerekti\u011fini vurgulayan <strong>Il\u0131cal\u0131, <\/strong>&#8220;<em>Yeniden yap\u0131lanma s\u00fcreci ise yaln\u0131zca ge\u00e7mi\u015f hatalar\u0131 telafi etmek i\u00e7in de\u011fil, ayn\u0131 zamanda ya\u015fam kalitesi y\u00fcksek, daha ya\u015fanabilir ve diren\u00e7li \u015fehirler olu\u015fturmak i\u00e7in bir f\u0131rsat olarak de\u011ferlendirilmeli. \u2018Gelece\u011fin \u015eehirleri\u2019, ak\u0131ll\u0131 ve s\u00fcrd\u00fcr\u00fclebilir olmak zorunda&#8221;<\/em> dedi.<\/p>","protected":false},"excerpt":{"rendered":"<p>Sorry, this entry is only available in Turkish. For the sake of viewer convenience, the content is shown below in the alternative language. You may click the link to switch the active language. T\u00fcrkiye\u2019de 7,5 milyon ba\u011f\u0131ms\u0131z birimin deprem riski alt\u0131nda olmas\u0131 ve 6 \u015eubat Kahramanmara\u015f merkezli depremlerin ard\u0131ndan yeniden yap\u0131lanma ihtiyac\u0131n\u0131n artmas\u0131, yaln\u0131zca kentsel [&hellip;]<\/p>\n","protected":false},"author":1,"featured_media":195771,"comment_status":"open","ping_status":"open","sticky":false,"template":"","format":"standard","meta":[],"categories":[53,52],"tags":[2203,116267,12,116269,116268,38237,116270,55,2482],"views":15,"_links":{"self":[{"href":"https:\/\/www.enerjigazetesi.ist\/en\/wp-json\/wp\/v2\/posts\/195769"}],"collection":[{"href":"https:\/\/www.enerjigazetesi.ist\/en\/wp-json\/wp\/v2\/posts"}],"about":[{"href":"https:\/\/www.enerjigazetesi.ist\/en\/wp-json\/wp\/v2\/types\/post"}],"author":[{"embeddable":true,"href":"https:\/\/www.enerjigazetesi.ist\/en\/wp-json\/wp\/v2\/users\/1"}],"replies":[{"embeddable":true,"href":"https:\/\/www.enerjigazetesi.ist\/en\/wp-json\/wp\/v2\/comments?post=195769"}],"version-history":[{"count":0,"href":"https:\/\/www.enerjigazetesi.ist\/en\/wp-json\/wp\/v2\/posts\/195769\/revisions"}],"wp:featuredmedia":[{"embeddable":true,"href":"https:\/\/www.enerjigazetesi.ist\/en\/wp-json\/wp\/v2\/media\/195771"}],"wp:attachment":[{"href":"https:\/\/www.enerjigazetesi.ist\/en\/wp-json\/wp\/v2\/media?parent=195769"}],"wp:term":[{"taxonomy":"category","embeddable":true,"href":"https:\/\/www.enerjigazetesi.ist\/en\/wp-json\/wp\/v2\/categories?post=195769"},{"taxonomy":"post_tag","embeddable":true,"href":"https:\/\/www.enerjigazetesi.ist\/en\/wp-json\/wp\/v2\/tags?post=195769"}],"curies":[{"name":"wp","href":"https:\/\/api.w.org\/{rel}","templated":true}]}}