{"id":195661,"date":"2025-02-28T15:17:41","date_gmt":"2025-02-28T12:17:41","guid":{"rendered":"https:\/\/www.enerjigazetesi.ist\/?p=195661"},"modified":"2025-02-28T15:17:41","modified_gmt":"2025-02-28T12:17:41","slug":"iklim-kanunu-teklifi-tbmm-cevre-komisyonunda-kabul-edildi","status":"publish","type":"post","link":"https:\/\/www.enerjigazetesi.ist\/en\/iklim-kanunu-teklifi-tbmm-cevre-komisyonunda-kabul-edildi\/","title":{"rendered":"(Turkish) &#8221;\u0130klim Kanunu Teklifi&#8221; TBMM \u00c7evre Komisyonunda Kabul Edildi"},"content":{"rendered":"<p class=\"qtranxs-available-languages-message qtranxs-available-languages-message-en\">Sorry, this entry is only available in <a href=\"https:\/\/www.enerjigazetesi.ist\/tr\/wp-json\/wp\/v2\/posts\/195661\" class=\"qtranxs-available-language-link qtranxs-available-language-link-tr\" title=\"Turkish\">Turkish<\/a>. For the sake of viewer convenience, the content is shown below in the alternative language. You may click the link to switch the active language.<\/p><p><\/p>\n<h2><strong>Ye\u015fil b\u00fcy\u00fcme vizyonu ve net s\u0131f\u0131r emisyon hedefi do\u011frultusunda iklim de\u011fi\u015fikli\u011fiyle m\u00fccadeleyi ama\u00e7layan teklif, iklim de\u011fi\u015fikli\u011fi ile m\u00fccadelede esas olan sera gaz\u0131 emisyonlar\u0131n\u0131n azalt\u0131lmas\u0131 ve iklim de\u011fi\u015fikli\u011fine uyum faaliyetlerini, planlama ve uygulama ara\u00e7lar\u0131n\u0131, gelirleri, izin ve denetim ile bunlara ili\u015fkin yasal ve kurumsal \u00e7er\u00e7evenin usul ve esaslar\u0131n\u0131 kaps\u0131yor.<\/strong><\/h2>\n<p style=\"text-align: center;\"><img loading=\"lazy\" class=\"aligncenter wp-image-195663\" src=\"https:\/\/www.enerjigazetesi.ist\/wp-content\/uploads\/2025\/02\/iklim-kanunu-teklifi-tbmm-cevre-komisyonunda-kabul-edildi.jpg\" alt=\"\" width=\"500\" height=\"279\" srcset=\"https:\/\/www.enerjigazetesi.ist\/wp-content\/uploads\/2025\/02\/iklim-kanunu-teklifi-tbmm-cevre-komisyonunda-kabul-edildi.jpg 550w, https:\/\/www.enerjigazetesi.ist\/wp-content\/uploads\/2025\/02\/iklim-kanunu-teklifi-tbmm-cevre-komisyonunda-kabul-edildi-300x167.jpg 300w, https:\/\/www.enerjigazetesi.ist\/wp-content\/uploads\/2025\/02\/iklim-kanunu-teklifi-tbmm-cevre-komisyonunda-kabul-edildi-500x279.jpg 500w, https:\/\/www.enerjigazetesi.ist\/wp-content\/uploads\/2025\/02\/iklim-kanunu-teklifi-tbmm-cevre-komisyonunda-kabul-edildi-80x45.jpg 80w\" sizes=\"(max-width: 500px) 100vw, 500px\" \/><\/p>\n<p>Teklifte, \u201cAdil ge\u00e7i\u015f\u201d, \u201cBirincil piyasa\u201d, \u201cDenkle\u015ftirme\u201d, \u201cEmisyon Ticaret Sistemi (ETS)\u201d, \u201cG\u00f6m\u00fcl\u00fc sera gaz\u0131 emisyonlar\u0131\u201d ile \u201cG\u00f6n\u00fcll\u00fc karbon piyasalar\u0131\u201d, \u201c\u0130klim adaleti\u201d gibi tan\u0131mlar yer al\u0131yor. \u0130klim de\u011fi\u015fikli\u011fiyle m\u00fccadelede genel ilkelerin belirlendi\u011fi teklife g\u00f6re, iklim de\u011fi\u015fikli\u011fi ile m\u00fccadelede T\u00fcrkiye\u2019nin \u201cortak fakat farkl\u0131la\u015ft\u0131r\u0131lm\u0131\u015f sorumluluklar ve g\u00f6receli kabiliyetler\u201d ilkesi dikkate al\u0131narak, e\u015fitlik, iklim adaleti, ihtiyatl\u0131l\u0131k, kat\u0131l\u0131m, entegrasyon, s\u00fcrd\u00fcr\u00fclebilirlik, \u015feffafl\u0131k, adil ge\u00e7i\u015f ve ilerleme yakla\u015f\u0131mlar\u0131 esas al\u0131nacak.<\/p>\n<p>Kamu kurum ve kurulu\u015flar\u0131 ile ger\u00e7ek ve t\u00fczel ki\u015filer, kamu yarar\u0131 g\u00f6zetilerek al\u0131nacak tedbirlere ve d\u00fczenlemelere s\u00fcresinde uymakla ve bunlar\u0131 uygulamakla y\u00fck\u00fcml\u00fc olacak. Ulusal Katk\u0131 Beyan\u0131nda, net s\u0131f\u0131r emisyon hedefi do\u011frultusunda \u00fclkenin kalk\u0131nma \u00f6ncelikleri ve \u00f6zel ko\u015fullar\u0131 g\u00f6z \u00f6n\u00fcnde bulundurulacak ve bu \u00e7er\u00e7evede \u00f6nlemler al\u0131nacak.<\/p>\n<p>Sera gaz\u0131 emisyonlar\u0131n\u0131n azalt\u0131m\u0131 ve iklim de\u011fi\u015fikli\u011fine uyum faaliyetlerine ili\u015fkin ilerlemeler y\u0131ll\u0131k bazda \u0130klim De\u011fi\u015fikli\u011fi Ba\u015fkanl\u0131\u011f\u0131nca izlenecek. Gerekli g\u00f6r\u00fclen tedbirlerin al\u0131nmas\u0131 amac\u0131yla g\u00f6rev alan\u0131 dahilinde, kurumlar aras\u0131 koordinasyonu sa\u011flamak, faaliyetleri ve standartlar\u0131 belirlemek, geli\u015fmeleri izlemek, karbon fiyatland\u0131rmas\u0131na ili\u015fkin piyasaya dayal\u0131 mekanizmalar\u0131 d\u00fczenlemekle \u0130klim De\u011fi\u015fikli\u011fi Ba\u015fkanl\u0131\u011f\u0131 yetkili olacak.<\/p>\n<p>Haberin Devam\u0131 \u0130\u00e7in<a href=\"https:\/\/www.aa.com.tr\/tr\/politika\/turkiyenin-ilk-iklim-kanunu-teklifi-tbmm-cevre-komisyonunda-kabul-edildi\/3494427\" target=\"_blank\" rel=\"noopener\"> TIKLAYIN&gt;&gt;<\/a><\/p>\n<p>Kaynak:\u00a0<a href=\"https:\/\/www.aa.com.tr\/tr\/politika\/turkiyenin-ilk-iklim-kanunu-teklifi-tbmm-cevre-komisyonunda-kabul-edildi\/3494427\" target=\"_blank\" rel=\"noopener\">AA<\/a><\/p>","protected":false},"excerpt":{"rendered":"<p>Sorry, this entry is only available in Turkish. For the sake of viewer convenience, the content is shown below in the alternative language. You may click the link to switch the active language. Ye\u015fil b\u00fcy\u00fcme vizyonu ve net s\u0131f\u0131r emisyon hedefi do\u011frultusunda iklim de\u011fi\u015fikli\u011fiyle m\u00fccadeleyi ama\u00e7layan teklif, iklim de\u011fi\u015fikli\u011fi ile m\u00fccadelede esas olan sera gaz\u0131 [&hellip;]<\/p>\n","protected":false},"author":1,"featured_media":195663,"comment_status":"open","ping_status":"open","sticky":false,"template":"","format":"standard","meta":[],"categories":[53,52],"tags":[10921,116178,2533,116236],"views":22,"_links":{"self":[{"href":"https:\/\/www.enerjigazetesi.ist\/en\/wp-json\/wp\/v2\/posts\/195661"}],"collection":[{"href":"https:\/\/www.enerjigazetesi.ist\/en\/wp-json\/wp\/v2\/posts"}],"about":[{"href":"https:\/\/www.enerjigazetesi.ist\/en\/wp-json\/wp\/v2\/types\/post"}],"author":[{"embeddable":true,"href":"https:\/\/www.enerjigazetesi.ist\/en\/wp-json\/wp\/v2\/users\/1"}],"replies":[{"embeddable":true,"href":"https:\/\/www.enerjigazetesi.ist\/en\/wp-json\/wp\/v2\/comments?post=195661"}],"version-history":[{"count":0,"href":"https:\/\/www.enerjigazetesi.ist\/en\/wp-json\/wp\/v2\/posts\/195661\/revisions"}],"wp:featuredmedia":[{"embeddable":true,"href":"https:\/\/www.enerjigazetesi.ist\/en\/wp-json\/wp\/v2\/media\/195663"}],"wp:attachment":[{"href":"https:\/\/www.enerjigazetesi.ist\/en\/wp-json\/wp\/v2\/media?parent=195661"}],"wp:term":[{"taxonomy":"category","embeddable":true,"href":"https:\/\/www.enerjigazetesi.ist\/en\/wp-json\/wp\/v2\/categories?post=195661"},{"taxonomy":"post_tag","embeddable":true,"href":"https:\/\/www.enerjigazetesi.ist\/en\/wp-json\/wp\/v2\/tags?post=195661"}],"curies":[{"name":"wp","href":"https:\/\/api.w.org\/{rel}","templated":true}]}}