{"id":195646,"date":"2025-02-28T13:54:39","date_gmt":"2025-02-28T10:54:39","guid":{"rendered":"https:\/\/www.enerjigazetesi.ist\/?p=195646"},"modified":"2025-02-28T13:54:39","modified_gmt":"2025-02-28T10:54:39","slug":"un-global-compact-turkiye-genel-kurul-toplantisini-gerceklestirdi","status":"publish","type":"post","link":"https:\/\/www.enerjigazetesi.ist\/en\/un-global-compact-turkiye-genel-kurul-toplantisini-gerceklestirdi\/","title":{"rendered":"(Turkish) UN Global Compact T\u00fcrkiye Genel Kurul Toplant\u0131s\u0131n\u0131 Ger\u00e7ekle\u015ftirdi"},"content":{"rendered":"<p class=\"qtranxs-available-languages-message qtranxs-available-languages-message-en\">Sorry, this entry is only available in <a href=\"https:\/\/www.enerjigazetesi.ist\/tr\/wp-json\/wp\/v2\/posts\/195646\" class=\"qtranxs-available-language-link qtranxs-available-language-link-tr\" title=\"Turkish\">Turkish<\/a>. For the sake of viewer convenience, the content is shown below in the alternative language. You may click the link to switch the active language.<\/p><p><\/p>\n<h2>T\u00fcrkiye\u2019de \u201cK\u00fcresel \u0130lkeler S\u00f6zle\u015fmesi \u0130mzac\u0131lar\u0131 Derne\u011fi\u201d olarak yap\u0131lanan UN Global Compact T\u00fcrkiye, 3. Genel Kurul toplant\u0131s\u0131n\u0131 ger\u00e7ekle\u015ftirdi. \u0130\u015f d\u00fcnyas\u0131n\u0131 s\u00fcrd\u00fcr\u00fclebilir kalk\u0131nma yolunda destekleyerek UN Global Compact\u2019in 10 \u0130lke\u2019sinin ve buna paralel olarak sorumlu i\u015f uygulamalar\u0131n\u0131n ve iyi uygulamalar\u0131n yayg\u0131nla\u015ft\u0131r\u0131lmas\u0131n\u0131 ama\u00e7layan derne\u011fin Genel Kurulu 27 \u015eubat Per\u015fembe g\u00fcn\u00fc \u0130stanbul\u2019daki The Marmara Otel Taksim\u2019de topland\u0131.<\/h2>\n<p style=\"text-align: center;\"><img loading=\"lazy\" class=\"aligncenter wp-image-195648\" src=\"https:\/\/www.enerjigazetesi.ist\/wp-content\/uploads\/2025\/02\/un-global-compact-turkiye-genel-kurul-toplantisini-gerceklestirdi-1.jpg\" alt=\"\" width=\"500\" height=\"159\" srcset=\"https:\/\/www.enerjigazetesi.ist\/wp-content\/uploads\/2025\/02\/un-global-compact-turkiye-genel-kurul-toplantisini-gerceklestirdi-1.jpg 550w, https:\/\/www.enerjigazetesi.ist\/wp-content\/uploads\/2025\/02\/un-global-compact-turkiye-genel-kurul-toplantisini-gerceklestirdi-1-300x95.jpg 300w, https:\/\/www.enerjigazetesi.ist\/wp-content\/uploads\/2025\/02\/un-global-compact-turkiye-genel-kurul-toplantisini-gerceklestirdi-1-500x159.jpg 500w, https:\/\/www.enerjigazetesi.ist\/wp-content\/uploads\/2025\/02\/un-global-compact-turkiye-genel-kurul-toplantisini-gerceklestirdi-1-80x25.jpg 80w\" sizes=\"(max-width: 500px) 100vw, 500px\" \/><\/p>\n<p>Toplant\u0131da Faaliyet Raporu sunumu ve Gelir-Gider Tablosunun g\u00f6r\u00fc\u015f\u00fclmesi ard\u0131ndan Denetim Kurulu Raporu okundu. Daha sonra yap\u0131lan oylamalarla Y\u00f6netim Kurulu Faaliyet Raporu ve Denetim Kurulu Raporu ayr\u0131 ayr\u0131 ibra edildi. Genel Kurul Toplant\u0131s\u0131n\u0131n A\u00e7\u0131l\u0131\u015f Konu\u015fmas\u0131n\u0131 yapan <strong>Y\u00f6netim Kurulu Ba\u015fkan\u0131 Ahmet D\u00f6rd\u00fcnc\u00fc<\/strong> \u015funlar\u0131 s\u00f6yledi: <em>\u201cT\u00fcm belirsizliklere ra\u011fmen, UN Global Compact\u2019in 10 \u0130lkesi h\u00e2l\u00e2 ge\u00e7erlili\u011fini koruyor. \u0130nsan haklar\u0131, \u00e7al\u0131\u015fma standartlar\u0131, \u00e7evre ve yolsuzlukla m\u00fccadele alanlar\u0131nda belirledi\u011fimiz bu evrensel prensipler, sorumlu i\u015f yapmay\u0131 ilke edinen \u015firketler i\u00e7in g\u00fc\u00e7l\u00fc bir pusula olmaya devam ediyor. \u00c7\u00fcnk\u00fc s\u00fcrd\u00fcr\u00fclebilir i\u015f, yaln\u0131zca bir tercih de\u011fil, ayn\u0131 zamanda gelece\u011fe y\u00f6nelik en do\u011fru stratejidir.\u201d dedi.<\/em><\/p>\n<p>Derne\u011fin, 2024 y\u0131l\u0131 faaliyetlerini de\u011ferlendiren ve 2025 faaliyet plan\u0131 hakk\u0131nda bilgi veren D\u00f6rd\u00fcnc\u00fc:\u00a0<em>&#8220;UN Global Compact T\u00fcrkiye olarak i\u015f d\u00fcnyas\u0131n\u0131 s\u00fcrd\u00fcr\u00fclebilirlik yolculu\u011funda desteklemeye devam ediyoruz. 2024 y\u0131l\u0131nda aram\u0131za kat\u0131lan 89 yeni \u015firket ile \u00e7abalar\u0131m\u0131z\u0131 daha da g\u00fc\u00e7lendirdik. \u0130klim de\u011fi\u015fikli\u011fi, insan haklar\u0131, toplumsal cinsiyet e\u015fitli\u011fi, \u00e7e\u015fitlilik ve kapsay\u0131c\u0131l\u0131k gibi temel konular ile hesap verebilirlik, faaliyetlerimizin merkezinde yer ald\u0131. T\u00fcrkiye\u2019deki \u015firketlerin k\u00fcresel s\u00fcrd\u00fcr\u00fclebilirlik g\u00fcndemine \u00f6rnek ve \u00f6nc\u00fc uygulamalar\u0131yla katk\u0131 sa\u011flad\u0131\u011f\u0131 bir y\u0131l oldu. K\u00fcresel platformlarda \u00fcyelerimizin \u00f6nc\u00fc uygulamalar\u0131n\u0131 tan\u0131tmaya devam ederken, 2025 y\u0131l\u0131nda s\u00fcrd\u00fcr\u00fclebilir tedarik zinciri d\u00f6n\u00fc\u015f\u00fcm\u00fc ve b\u00f6lgesel i\u015f birlikleri ile \u015firketlerimizi sadece bug\u00fcne de\u011fil, gelece\u011fe haz\u0131rlamak i\u00e7in kararl\u0131l\u0131kla \u00e7al\u0131\u015faca\u011f\u0131z.&#8221; dedi.<\/em><\/p>","protected":false},"excerpt":{"rendered":"<p>Sorry, this entry is only available in Turkish. For the sake of viewer convenience, the content is shown below in the alternative language. You may click the link to switch the active language. T\u00fcrkiye\u2019de \u201cK\u00fcresel \u0130lkeler S\u00f6zle\u015fmesi \u0130mzac\u0131lar\u0131 Derne\u011fi\u201d olarak yap\u0131lanan UN Global Compact T\u00fcrkiye, 3. Genel Kurul toplant\u0131s\u0131n\u0131 ger\u00e7ekle\u015ftirdi. \u0130\u015f d\u00fcnyas\u0131n\u0131 s\u00fcrd\u00fcr\u00fclebilir kalk\u0131nma yolunda [&hellip;]<\/p>\n","protected":false},"author":1,"featured_media":195649,"comment_status":"open","ping_status":"open","sticky":false,"template":"","format":"standard","meta":[],"categories":[53],"tags":[116231,5271,1296,109706],"views":19,"_links":{"self":[{"href":"https:\/\/www.enerjigazetesi.ist\/en\/wp-json\/wp\/v2\/posts\/195646"}],"collection":[{"href":"https:\/\/www.enerjigazetesi.ist\/en\/wp-json\/wp\/v2\/posts"}],"about":[{"href":"https:\/\/www.enerjigazetesi.ist\/en\/wp-json\/wp\/v2\/types\/post"}],"author":[{"embeddable":true,"href":"https:\/\/www.enerjigazetesi.ist\/en\/wp-json\/wp\/v2\/users\/1"}],"replies":[{"embeddable":true,"href":"https:\/\/www.enerjigazetesi.ist\/en\/wp-json\/wp\/v2\/comments?post=195646"}],"version-history":[{"count":0,"href":"https:\/\/www.enerjigazetesi.ist\/en\/wp-json\/wp\/v2\/posts\/195646\/revisions"}],"wp:featuredmedia":[{"embeddable":true,"href":"https:\/\/www.enerjigazetesi.ist\/en\/wp-json\/wp\/v2\/media\/195649"}],"wp:attachment":[{"href":"https:\/\/www.enerjigazetesi.ist\/en\/wp-json\/wp\/v2\/media?parent=195646"}],"wp:term":[{"taxonomy":"category","embeddable":true,"href":"https:\/\/www.enerjigazetesi.ist\/en\/wp-json\/wp\/v2\/categories?post=195646"},{"taxonomy":"post_tag","embeddable":true,"href":"https:\/\/www.enerjigazetesi.ist\/en\/wp-json\/wp\/v2\/tags?post=195646"}],"curies":[{"name":"wp","href":"https:\/\/api.w.org\/{rel}","templated":true}]}}