{"id":195592,"date":"2025-02-27T13:37:03","date_gmt":"2025-02-27T10:37:03","guid":{"rendered":"https:\/\/www.enerjigazetesi.ist\/?p=195592"},"modified":"2025-02-27T13:37:03","modified_gmt":"2025-02-27T10:37:03","slug":"enerji-verimliligi-temali-resim-ve-oyku-yarismasinin-kazananlari-belli-oldu-2","status":"publish","type":"post","link":"https:\/\/www.enerjigazetesi.ist\/en\/enerji-verimliligi-temali-resim-ve-oyku-yarismasinin-kazananlari-belli-oldu-2\/","title":{"rendered":"(Turkish) Enerji Verimlili\u011fi Temal\u0131 Resim ve \u00d6yk\u00fc Yar\u0131\u015fmas\u0131\u2019n\u0131n Kazananlar\u0131 Belli Oldu"},"content":{"rendered":"<p class=\"qtranxs-available-languages-message qtranxs-available-languages-message-en\">Sorry, this entry is only available in <a href=\"https:\/\/www.enerjigazetesi.ist\/tr\/wp-json\/wp\/v2\/posts\/195592\" class=\"qtranxs-available-language-link qtranxs-available-language-link-tr\" title=\"Turkish\">Turkish<\/a>. For the sake of viewer convenience, the content is shown below in the alternative language. You may click the link to switch the active language.<\/p><p><\/p>\n<h2>Enerji ve Tabii Kaynaklar Bakanl\u0131\u011f\u0131 ile Mill\u00ee E\u011fitim Bakanl\u0131\u011f\u0131 i\u015f birli\u011fiyle her y\u0131l enerji verimlili\u011fi bilincini art\u0131rmak ve yayg\u0131nla\u015ft\u0131rmak amac\u0131yla d\u00fczenlenen resim ve \u00f6yk\u00fc yar\u0131\u015fmas\u0131n\u0131n kazananlar\u0131 belli oldu.<\/h2>\n<p style=\"text-align: center;\"><img loading=\"lazy\" class=\"aligncenter wp-image-195600\" src=\"https:\/\/www.enerjigazetesi.ist\/wp-content\/uploads\/2025\/02\/enerji-verimliligi-temali-resim-ve-oyku-yarismasinin-kazananlari-belli-oldu-2.jpg\" alt=\"\" width=\"500\" height=\"329\" srcset=\"https:\/\/www.enerjigazetesi.ist\/wp-content\/uploads\/2025\/02\/enerji-verimliligi-temali-resim-ve-oyku-yarismasinin-kazananlari-belli-oldu-2.jpg 550w, https:\/\/www.enerjigazetesi.ist\/wp-content\/uploads\/2025\/02\/enerji-verimliligi-temali-resim-ve-oyku-yarismasinin-kazananlari-belli-oldu-2-300x197.jpg 300w, https:\/\/www.enerjigazetesi.ist\/wp-content\/uploads\/2025\/02\/enerji-verimliligi-temali-resim-ve-oyku-yarismasinin-kazananlari-belli-oldu-2-500x329.jpg 500w, https:\/\/www.enerjigazetesi.ist\/wp-content\/uploads\/2025\/02\/enerji-verimliligi-temali-resim-ve-oyku-yarismasinin-kazananlari-belli-oldu-2-76x50.jpg 76w\" sizes=\"(max-width: 500px) 100vw, 500px\" \/><\/p>\n<p>\u0130lkokul ve ortaokul \u00f6\u011frencilerinin kat\u0131l\u0131m\u0131yla d\u00fczenlenen yar\u0131\u015fmaya T\u00fcrkiye\u2019nin d\u00f6rt bir yan\u0131ndan ba\u015fvuru geldi. Resim yar\u0131\u015fmas\u0131na 66 ilden 2 bin 264, \u00f6yk\u00fc yar\u0131\u015fmas\u0131na ise 55 ilden bin 341 \u00f6\u011frenci ba\u015fvurdu. G\u00f6nderilen \u00f6yk\u00fc ve resimler, Mill\u00ee E\u011fitim Bakanl\u0131\u011f\u0131 taraf\u0131ndan g\u00f6revlendirilen edebiyat ve resim \u00f6\u011fretmenlerinden olu\u015fan j\u00fcri taraf\u0131ndan titizlikle de\u011ferlendirilerek kazananlar belirlendi.<\/p>\n<h3><strong>Dereceye Giren \u00d6\u011frencilerimiz<\/strong><\/h3>\n<p>Resim kategorisinde <strong>birincilik<\/strong> \u00f6d\u00fcl\u00fcn\u00fc <strong>Konya \u015eehit Osman Demir \u0130lkokulu 3.s\u0131n\u0131f \u00f6\u011frencisi Zeynep Selma Tu\u011fsat<\/strong> kazand\u0131. <strong>\u0130kincilik \u00f6d\u00fcl\u00fc<\/strong>n\u00fc <strong>Antalya Gedik \u0130lkokulu 4. s\u0131n\u0131f \u00f6\u011frencisi Ela Nur Yerlikaya<\/strong> al\u0131rken, <strong>\u00fc\u00e7\u00fcnc\u00fcl\u00fck \u00f6d\u00fcl\u00fc<\/strong>n\u00fc ise <strong>Trabzon \u015eehit Kaymakam Muhammet Fatih Safit\u00fcrk<\/strong> <strong>\u0130lkokulu 4. s\u0131n\u0131f \u00f6\u011frencisi Mina Ofluo\u011flu<\/strong> ald\u0131. <strong>J\u00fcri \u00f6zel \u00f6d\u00fcl\u00fcn\u00fcn sahibi<\/strong> ise <strong>Afyonkarahisar Sand\u0131kl\u0131 Atat\u00fcrk \u0130lkokulu 4.s\u0131n\u0131f \u00f6\u011frencisi Belinay \u00d6zday\u0131<\/strong> oldu.<\/p>\n<p><strong>\u00d6yk\u00fc kategorisinde<\/strong> ise <strong>birinci Amasya Merzifon Gazi Ortaokulu 6. s\u0131n\u0131f \u00f6\u011frencisi Berra Tekeler<\/strong> oldu. <strong>\u00d6zel Adana \u0130stanbul Lider Koleji Ortaokulu 7. s\u0131n\u0131f \u00f6\u011frencisi Cennet Miray \u00c7a\u011flakp\u0131nar ikinci<\/strong> olurken, <strong>K\u00fc\u00e7\u00fck\u00e7ekmece Tema \u0130stanbul Ortaokulu 6. s\u0131n\u0131f \u00f6\u011frencisi Aleyna Di\u015fli ise \u00fc\u00e7\u00fcnc\u00fc<\/strong> oldu.<\/p>\n<p>Kaynak: <a href=\"https:\/\/enerji.gov.tr\/haber-detay?id=21454\" target=\"_blank\" rel=\"noopener\">ETKB<\/a><\/p>","protected":false},"excerpt":{"rendered":"<p>Sorry, this entry is only available in Turkish. For the sake of viewer convenience, the content is shown below in the alternative language. You may click the link to switch the active language. Enerji ve Tabii Kaynaklar Bakanl\u0131\u011f\u0131 ile Mill\u00ee E\u011fitim Bakanl\u0131\u011f\u0131 i\u015f birli\u011fiyle her y\u0131l enerji verimlili\u011fi bilincini art\u0131rmak ve yayg\u0131nla\u015ft\u0131rmak amac\u0131yla d\u00fczenlenen resim [&hellip;]<\/p>\n","protected":false},"author":1,"featured_media":195600,"comment_status":"open","ping_status":"open","sticky":false,"template":"","format":"standard","meta":[],"categories":[53,52],"tags":[1972,700,116222,631,114459],"views":21,"_links":{"self":[{"href":"https:\/\/www.enerjigazetesi.ist\/en\/wp-json\/wp\/v2\/posts\/195592"}],"collection":[{"href":"https:\/\/www.enerjigazetesi.ist\/en\/wp-json\/wp\/v2\/posts"}],"about":[{"href":"https:\/\/www.enerjigazetesi.ist\/en\/wp-json\/wp\/v2\/types\/post"}],"author":[{"embeddable":true,"href":"https:\/\/www.enerjigazetesi.ist\/en\/wp-json\/wp\/v2\/users\/1"}],"replies":[{"embeddable":true,"href":"https:\/\/www.enerjigazetesi.ist\/en\/wp-json\/wp\/v2\/comments?post=195592"}],"version-history":[{"count":0,"href":"https:\/\/www.enerjigazetesi.ist\/en\/wp-json\/wp\/v2\/posts\/195592\/revisions"}],"wp:featuredmedia":[{"embeddable":true,"href":"https:\/\/www.enerjigazetesi.ist\/en\/wp-json\/wp\/v2\/media\/195600"}],"wp:attachment":[{"href":"https:\/\/www.enerjigazetesi.ist\/en\/wp-json\/wp\/v2\/media?parent=195592"}],"wp:term":[{"taxonomy":"category","embeddable":true,"href":"https:\/\/www.enerjigazetesi.ist\/en\/wp-json\/wp\/v2\/categories?post=195592"},{"taxonomy":"post_tag","embeddable":true,"href":"https:\/\/www.enerjigazetesi.ist\/en\/wp-json\/wp\/v2\/tags?post=195592"}],"curies":[{"name":"wp","href":"https:\/\/api.w.org\/{rel}","templated":true}]}}