{"id":195585,"date":"2025-02-27T14:57:16","date_gmt":"2025-02-27T11:57:16","guid":{"rendered":"https:\/\/www.enerjigazetesi.ist\/?p=195585"},"modified":"2025-02-27T16:44:18","modified_gmt":"2025-02-27T13:44:18","slug":"kordsa-karbon-saydamlik-projesinde-kuresel-a-listesine-girdi","status":"publish","type":"post","link":"https:\/\/www.enerjigazetesi.ist\/en\/kordsa-karbon-saydamlik-projesinde-kuresel-a-listesine-girdi\/","title":{"rendered":"(Turkish) &#8217;Kordsa&#8217; Karbon Saydaml\u0131k Projesi&#8217;nde K\u00fcresel A Listesi\u2019ne Girdi"},"content":{"rendered":"<p class=\"qtranxs-available-languages-message qtranxs-available-languages-message-en\">Sorry, this entry is only available in <a href=\"https:\/\/www.enerjigazetesi.ist\/tr\/wp-json\/wp\/v2\/posts\/195585\" class=\"qtranxs-available-language-link qtranxs-available-language-link-tr\" title=\"Turkish\">Turkish<\/a>. For the sake of viewer convenience, the content is shown below in the alternative language. You may click the link to switch the active language.<\/p><p><\/p>\n<h2><strong>Sabanc\u0131 Holding i\u015ftiraki Kordsa, d\u00fcnyan\u0131n en prestijli \u00e7evresel raporlama platformlar\u0131ndan biri olan Karbon Saydaml\u0131k Projesi (Carbon Disclosure Project \u2013 CDP) \u0130klim De\u011fi\u015fikli\u011fi ve Su temalar\u0131 derecelendirmesinde K\u00fcresel A Listesi\u2019ne girdi.<img loading=\"lazy\" class=\"aligncenter wp-image-195611\" src=\"https:\/\/www.enerjigazetesi.ist\/wp-content\/uploads\/2025\/02\/kordsa-karbon-saydamlik-projesinde-kuresel-a-listesine-girdi-1.jpg\" alt=\"\" width=\"400\" height=\"402\" srcset=\"https:\/\/www.enerjigazetesi.ist\/wp-content\/uploads\/2025\/02\/kordsa-karbon-saydamlik-projesinde-kuresel-a-listesine-girdi-1.jpg 478w, https:\/\/www.enerjigazetesi.ist\/wp-content\/uploads\/2025\/02\/kordsa-karbon-saydamlik-projesinde-kuresel-a-listesine-girdi-1-150x150.jpg 150w, https:\/\/www.enerjigazetesi.ist\/wp-content\/uploads\/2025\/02\/kordsa-karbon-saydamlik-projesinde-kuresel-a-listesine-girdi-1-398x400.jpg 398w, https:\/\/www.enerjigazetesi.ist\/wp-content\/uploads\/2025\/02\/kordsa-karbon-saydamlik-projesinde-kuresel-a-listesine-girdi-1-50x50.jpg 50w, https:\/\/www.enerjigazetesi.ist\/wp-content\/uploads\/2025\/02\/kordsa-karbon-saydamlik-projesinde-kuresel-a-listesine-girdi-1-100x100.jpg 100w\" sizes=\"(max-width: 400px) 100vw, 400px\" \/><\/strong><\/h2>\n<p>Kurulu\u015flar\u0131n \u00e7evresel performanslar\u0131n\u0131 \u00f6l\u00e7me, raporlama ve iyile\u015ftirme s\u00fcre\u00e7lerini destekleyen, k\u00e2r amac\u0131 g\u00fctmeyen bir organizasyon olan Karbon Saydaml\u0131k Projesi (Carbon Disclosure Project \u2013 CDP), 2024 y\u0131l\u0131 K\u00fcresel A Listesi\u2019ni a\u00e7\u0131klad\u0131. S\u00fcrd\u00fcr\u00fclebilirlik alan\u0131ndaki \u00e7al\u0131\u015fmalar\u0131yla sekt\u00f6r\u00fcne \u00f6nc\u00fcl\u00fck eden Kordsa, 2021 ve 2022 y\u0131llar\u0131nda Su temas\u0131ndaki derecelendirmesiyle CDP K\u00fcresel A Listesinde yerini alm\u0131\u015ft\u0131. CDP 2024 sonu\u00e7lar\u0131na g\u00f6re, 22.000\u2019den fazla kurumsal \u015firket aras\u0131nda de\u011ferlendirilen Kordsa, ayn\u0131 d\u00f6nemde \u0130klim De\u011fi\u015fikli\u011fi ve Su temalar\u0131nda A notunu alarak K\u00fcresel A Listesi\u2019ne girmeye hak kazand\u0131.<\/p>\n<h3><strong>\u201cK\u00dcRESEL G\u00dc\u00c7LEND\u0130RME SEKT\u00d6R\u00dcNDE YE\u015e\u0130L D\u00d6N\u00dc\u015e\u00dcM\u00dc ODA\u011eIMIZA ALIYORUZ\u201d<\/strong><\/h3>\n<div id=\"attachment_195597\" style=\"width: 410px\" class=\"wp-caption aligncenter\"><img aria-describedby=\"caption-attachment-195597\" loading=\"lazy\" class=\"wp-image-195597\" src=\"https:\/\/www.enerjigazetesi.ist\/wp-content\/uploads\/2025\/02\/1740561935_Kordsa___Nevra_Aydo__an.jpg\" alt=\"\" width=\"400\" height=\"400\" srcset=\"https:\/\/www.enerjigazetesi.ist\/wp-content\/uploads\/2025\/02\/1740561935_Kordsa___Nevra_Aydo__an.jpg 480w, https:\/\/www.enerjigazetesi.ist\/wp-content\/uploads\/2025\/02\/1740561935_Kordsa___Nevra_Aydo__an-300x300.jpg 300w, https:\/\/www.enerjigazetesi.ist\/wp-content\/uploads\/2025\/02\/1740561935_Kordsa___Nevra_Aydo__an-150x150.jpg 150w, https:\/\/www.enerjigazetesi.ist\/wp-content\/uploads\/2025\/02\/1740561935_Kordsa___Nevra_Aydo__an-400x400.jpg 400w, https:\/\/www.enerjigazetesi.ist\/wp-content\/uploads\/2025\/02\/1740561935_Kordsa___Nevra_Aydo__an-50x50.jpg 50w, https:\/\/www.enerjigazetesi.ist\/wp-content\/uploads\/2025\/02\/1740561935_Kordsa___Nevra_Aydo__an-100x100.jpg 100w\" sizes=\"(max-width: 400px) 100vw, 400px\" \/><p id=\"caption-attachment-195597\" class=\"wp-caption-text\">Kordsa S\u00fcrd\u00fcr\u00fclebilirlik ve \u0130leti\u015fim Direkt\u00f6r\u00fc Nevra Aydo\u011fan G\u00fcrsoy<\/p><\/div>\n<p>Kordsa\u2019n\u0131n global arenada g\u00fc\u00e7l\u00fc bir s\u00fcrd\u00fcr\u00fclebilirlik taahh\u00fcd\u00fc ortaya koydu\u011funu belirten\u00a0<strong>Kordsa S\u00fcrd\u00fcr\u00fclebilirlik ve \u0130leti\u015fim Direkt\u00f6r\u00fc Nevra Aydo\u011fan G\u00fcrsoy<\/strong>, konuyla ilgili de\u011ferlendirmesinde \u015funlar\u0131 s\u00f6yledi: <em>\u201cKordsa olarak k\u00fcresel g\u00fc\u00e7lendirme sekt\u00f6r\u00fcnde ye\u015fil d\u00f6n\u00fc\u015f\u00fcm\u00fc oda\u011f\u0131m\u0131za al\u0131yoruz. S\u00fcrd\u00fcr\u00fclebilirli\u011fi i\u015fimizin merkezine koyarak uzun y\u0131llard\u0131r y\u00fcr\u00fctt\u00fc\u011f\u00fcm\u00fcz \u00e7al\u0131\u015fmalar\u0131n CDP taraf\u0131ndan yeniden y\u00fcksek seviyede takdir edilmesinden gurur duyuyoruz. Ayr\u0131ca global s\u00fcrd\u00fcr\u00fclebilirlik derecelendirmesi sa\u011flayan EcoVadis taraf\u0131ndan yap\u0131lan de\u011ferlemede \u2018Alt\u0131n Madalya\u2019 unvan\u0131m\u0131z\u0131 korumay\u0131 da s\u00fcrd\u00fcr\u00fcyoruz. Bu ba\u015far\u0131lar\u0131m\u0131z, iklim de\u011fi\u015fikli\u011fiyle m\u00fccadele ve do\u011fal kaynaklar\u0131n korunmas\u0131 konular\u0131nda ald\u0131\u011f\u0131m\u0131z k\u00fcresel sorumluluklar\u0131m\u0131z\u0131 net bir bi\u00e7imde ortaya koyuyor. \u2018Hayat\u0131 G\u00fc\u00e7lendirme\u2019 yolculu\u011fumuz kapsam\u0131nda, inovatif ve \u00e7evre dostu \u00e7\u00f6z\u00fcmler \u00fcretmeye devam ederek sekt\u00f6rdeki \u00f6nc\u00fc konumumuzu peki\u015ftirmeyi s\u00fcrd\u00fcrece\u011fiz.\u201d dedi.<\/em><\/p>\n<p>Yay\u0131na Alan: Alperen ERTA\u015e &#8211;\u00a0<a href=\"mailto:alperen.ertas@enerjigazetesi.ist\" target=\"_blank\" rel=\"noopener\">alperen.ertas@enerjigazetesi.ist<\/a><\/p>","protected":false},"excerpt":{"rendered":"<p>Sorry, this entry is only available in Turkish. For the sake of viewer convenience, the content is shown below in the alternative language. You may click the link to switch the active language. Sabanc\u0131 Holding i\u015ftiraki Kordsa, d\u00fcnyan\u0131n en prestijli \u00e7evresel raporlama platformlar\u0131ndan biri olan Karbon Saydaml\u0131k Projesi (Carbon Disclosure Project \u2013 CDP) \u0130klim De\u011fi\u015fikli\u011fi [&hellip;]<\/p>\n","protected":false},"author":19,"featured_media":195612,"comment_status":"open","ping_status":"open","sticky":false,"template":"","format":"standard","meta":[],"categories":[53,52],"tags":[15532,10743,67,5719,29783,1048,2482],"views":12,"_links":{"self":[{"href":"https:\/\/www.enerjigazetesi.ist\/en\/wp-json\/wp\/v2\/posts\/195585"}],"collection":[{"href":"https:\/\/www.enerjigazetesi.ist\/en\/wp-json\/wp\/v2\/posts"}],"about":[{"href":"https:\/\/www.enerjigazetesi.ist\/en\/wp-json\/wp\/v2\/types\/post"}],"author":[{"embeddable":true,"href":"https:\/\/www.enerjigazetesi.ist\/en\/wp-json\/wp\/v2\/users\/19"}],"replies":[{"embeddable":true,"href":"https:\/\/www.enerjigazetesi.ist\/en\/wp-json\/wp\/v2\/comments?post=195585"}],"version-history":[{"count":0,"href":"https:\/\/www.enerjigazetesi.ist\/en\/wp-json\/wp\/v2\/posts\/195585\/revisions"}],"wp:featuredmedia":[{"embeddable":true,"href":"https:\/\/www.enerjigazetesi.ist\/en\/wp-json\/wp\/v2\/media\/195612"}],"wp:attachment":[{"href":"https:\/\/www.enerjigazetesi.ist\/en\/wp-json\/wp\/v2\/media?parent=195585"}],"wp:term":[{"taxonomy":"category","embeddable":true,"href":"https:\/\/www.enerjigazetesi.ist\/en\/wp-json\/wp\/v2\/categories?post=195585"},{"taxonomy":"post_tag","embeddable":true,"href":"https:\/\/www.enerjigazetesi.ist\/en\/wp-json\/wp\/v2\/tags?post=195585"}],"curies":[{"name":"wp","href":"https:\/\/api.w.org\/{rel}","templated":true}]}}