{"id":195543,"date":"2025-02-27T11:10:01","date_gmt":"2025-02-27T08:10:01","guid":{"rendered":"https:\/\/www.enerjigazetesi.ist\/?p=195543"},"modified":"2025-02-27T11:10:28","modified_gmt":"2025-02-27T08:10:28","slug":"4-uncu-konya-enerji-zirvesi-fuari-22-24-mayis-2025-tarihlerinde-duzenleniyor","status":"publish","type":"post","link":"https:\/\/www.enerjigazetesi.ist\/en\/4-uncu-konya-enerji-zirvesi-fuari-22-24-mayis-2025-tarihlerinde-duzenleniyor\/","title":{"rendered":"(Turkish) 4. Konya Enerji Zirvesi &#038; Fuar\u0131 22-24 May\u0131s 2025 Tarihlerinde D\u00fczenleniyor"},"content":{"rendered":"<p class=\"qtranxs-available-languages-message qtranxs-available-languages-message-en\">Sorry, this entry is only available in <a href=\"https:\/\/www.enerjigazetesi.ist\/tr\/wp-json\/wp\/v2\/posts\/195543\" class=\"qtranxs-available-language-link qtranxs-available-language-link-tr\" title=\"Turkish\">Turkish<\/a>. For the sake of viewer convenience, the content is shown below in the alternative language. You may click the link to switch the active language.<\/p><p><\/p>\n<h2><strong>22-24 May\u0131s 2025 tarihleri aras\u0131nda T\u00fcyap Konya Uluslararas\u0131 Fuar Merkezi\u2019nde ger\u00e7ekle\u015ftirilecek olan 4. Konya Enerji Zirvesi &amp; Fuar\u0131, \u201cD\u00f6n\u00fc\u015f\u00fcm\u00fcn G\u00fcc\u00fc: Temiz Enerji, Temiz Gelecek\u201d temas\u0131yla yenilenebilir enerji sekt\u00f6r\u00fcn\u00fcn \u00f6nc\u00fc isimlerini bir araya getiriyor.<\/strong><\/h2>\n<p style=\"text-align: center;\"><img loading=\"lazy\" class=\"aligncenter wp-image-195546\" src=\"https:\/\/www.enerjigazetesi.ist\/wp-content\/uploads\/2025\/02\/4-uncu-konya-enerji-zirvesi-fuari-22-24-mayis-2025-tarihlerinde-duzenleniyor-1.jpg\" alt=\"\" width=\"500\" height=\"281\" srcset=\"https:\/\/www.enerjigazetesi.ist\/wp-content\/uploads\/2025\/02\/4-uncu-konya-enerji-zirvesi-fuari-22-24-mayis-2025-tarihlerinde-duzenleniyor-1.jpg 550w, https:\/\/www.enerjigazetesi.ist\/wp-content\/uploads\/2025\/02\/4-uncu-konya-enerji-zirvesi-fuari-22-24-mayis-2025-tarihlerinde-duzenleniyor-1-300x169.jpg 300w, https:\/\/www.enerjigazetesi.ist\/wp-content\/uploads\/2025\/02\/4-uncu-konya-enerji-zirvesi-fuari-22-24-mayis-2025-tarihlerinde-duzenleniyor-1-500x281.jpg 500w, https:\/\/www.enerjigazetesi.ist\/wp-content\/uploads\/2025\/02\/4-uncu-konya-enerji-zirvesi-fuari-22-24-mayis-2025-tarihlerinde-duzenleniyor-1-80x45.jpg 80w\" sizes=\"(max-width: 500px) 100vw, 500px\" \/><\/p>\n<p>T\u00fcrkiye\u2019nin yenilenebilir enerji alan\u0131ndaki en b\u00fcy\u00fck organizasyonlar\u0131ndan biri olan Konya Enerji Zirvesi &amp; Fuar\u0131, bu y\u0131l d\u00f6rd\u00fcnc\u00fc kez sekt\u00f6r\u00fcn ulusal ve uluslararas\u0131 lider firmalar\u0131n\u0131, yerli \u00fcretim yapan \u015firketleri, bilim insanlar\u0131n\u0131, akademisyenleri, kamu yetkililerini, \u00f6zel sekt\u00f6r temsilcilerini ve sivil toplum kurulu\u015flar\u0131n\u0131 30.000\u2019i a\u015fk\u0131n profesyonel ziyaret\u00e7i ile bulu\u015fturmay\u0131 hedefliyor.<\/p>\n<h3><strong>Fuarda \u00d6ne \u00c7\u0131kan Ba\u015fl\u0131klar:\u00a0\u00a0<\/strong><\/h3>\n<p>&#8211;<strong> G\u00fcne\u015f Enerjisi:<\/strong> G\u00fcne\u015f paneli \u00fcreticileri, solar montaj sistemleri ve invert\u00f6r firmalar\u0131.<\/p>\n<p>&#8211; <strong>Elektrikli Ara\u00e7lar ve \u015earj \u0130stasyonlar\u0131:<\/strong> Elektrikli ara\u00e7 teknolojileri ve \u015farj altyap\u0131s\u0131 \u00e7\u00f6z\u00fcmleri.<\/p>\n<p>&#8211; <strong>Enerji Depolama Sistemleri:<\/strong> Yenilenebilir enerji kaynaklar\u0131 i\u00e7in depolama teknolojileri.<\/p>\n<p>&#8211; <strong>Enerji Verimlili\u011fi ve Dijital D\u00f6n\u00fc\u015f\u00fcm:<\/strong> Enerji sekt\u00f6r\u00fcnde dijitalle\u015fme ve verimlilik odakl\u0131 \u00e7\u00f6z\u00fcmler.<\/p>\n<p>&#8211; <strong>EPC Firmalar\u0131 ve Dan\u0131\u015fmanl\u0131k Hizmetleri:<\/strong> Proje y\u00f6netimi ve dan\u0131\u015fmanl\u0131k hizmetleri sunan firmalar.<\/p>\n<h3><strong>Sekt\u00f6r\u00fcn Gelece\u011fine Y\u00f6n Veren Bulu\u015fma<\/strong><\/h3>\n<p>Konya Enerji Zirvesi &amp; Fuar\u0131, g\u00fcne\u015f enerjisi ba\u015fta olmak \u00fczere yenilenebilir enerji kaynaklar\u0131, elektrikli ara\u00e7lar, enerji depolama sistemleri ve dijital d\u00f6n\u00fc\u015f\u00fcm gibi alanlarda sekt\u00f6r\u00fcn gelece\u011fine y\u00f6n verecek teknolojileri ve \u00e7\u00f6z\u00fcmleri ziyaret\u00e7ilerle bulu\u015fturacak. Fuarda, son teknoloji \u00fcr\u00fcnlerin sergilenmesinin yan\u0131 s\u0131ra milyonlarca dolarl\u0131k ticari anla\u015fmalara imza at\u0131lmas\u0131 bekleniyor. Bu anlamda, hem \u00fclke ekonomisine hem de Konya\u2019n\u0131n b\u00f6lgesel kalk\u0131nmas\u0131na \u00f6nemli bir katk\u0131 sa\u011flanacak.<\/p>\n<h3><strong>Neden Kat\u0131lmal\u0131s\u0131n\u0131z?\u00a0\u00a0<\/strong><\/h3>\n<p><strong>&#8211; Yenilenebilir Enerji \u00c7\u00f6z\u00fcmleri: <\/strong>Fabrikalar, evler, tar\u0131m alanlar\u0131 ve daha bir\u00e7ok yerde g\u00fcne\u015f enerjisi ile elektrik \u00fcretimine dair en g\u00fcncel teknolojileri ke\u015ffetme f\u0131rsat\u0131.<\/p>\n<p>&#8211; <strong>Networking \u0130mkan\u0131:<\/strong> Sekt\u00f6r\u00fcn \u00f6nde gelen firmalar\u0131, kamu yetkilileri ve akademisyenlerle bir araya gelerek i\u015f birlikleri geli\u015ftirme f\u0131rsat\u0131.<\/p>\n<p>&#8211; <strong>Yeni Trendler ve \u0130novasyonlar:<\/strong> Enerji sekt\u00f6r\u00fcndeki son trendler, dijital d\u00f6n\u00fc\u015f\u00fcm ve inovatif \u00e7\u00f6z\u00fcmler hakk\u0131nda bilgi edinme imkan\u0131.<\/p>\n<h3><strong>100 Kat\u0131l\u0131mc\u0131 Firma ve 30.000 Ziyaret\u00e7i ile Dev Organizasyon\u00a0\u00a0<\/strong><\/h3>\n<p>4. Konya Enerji Zirvesi &amp; Fuar\u0131, 100\u2019\u00fc a\u015fk\u0131n kat\u0131l\u0131mc\u0131 firma ve 30.000\u2019i a\u015fk\u0131n profesyonel ziyaret\u00e7i ile b\u00f6lgenin en b\u00fcy\u00fck ve en kapsaml\u0131 enerji organizasyonu olacak. Siz de bu \u00f6nemli bulu\u015fmaya kat\u0131larak sekt\u00f6r\u00fcn gelece\u011fine y\u00f6n veren teknolojileri ve \u00e7\u00f6z\u00fcmleri yak\u0131ndan inceleme f\u0131rsat\u0131n\u0131 ka\u00e7\u0131rmay\u0131n.<\/p>\n<h3><strong>Detayl\u0131 Bilgi ve Online Ziyaret\u00e7i Kayd\u0131<\/strong><\/h3>\n<p>Etkinlikle ilgili detayl\u0131 bilgi almak ve online ziyaret\u00e7i kayd\u0131 olu\u015fturmak i\u00e7in <a href=\"http:\/\/www.konyaenerjifuari.com\/\" target=\"_blank\" rel=\"noopener\">www.konyaenerjifuari.com<\/a>\u00a0 adresini ziyaret edebilirsiniz.<\/p>","protected":false},"excerpt":{"rendered":"<p>Sorry, this entry is only available in Turkish. For the sake of viewer convenience, the content is shown below in the alternative language. You may click the link to switch the active language. 22-24 May\u0131s 2025 tarihleri aras\u0131nda T\u00fcyap Konya Uluslararas\u0131 Fuar Merkezi\u2019nde ger\u00e7ekle\u015ftirilecek olan 4. Konya Enerji Zirvesi &amp; Fuar\u0131, \u201cD\u00f6n\u00fc\u015f\u00fcm\u00fcn G\u00fcc\u00fc: Temiz Enerji, [&hellip;]<\/p>\n","protected":false},"author":1,"featured_media":195545,"comment_status":"open","ping_status":"open","sticky":false,"template":"","format":"standard","meta":[],"categories":[51,53,52,49],"tags":[116207,31910,1311,2625,34990,13,1273,842,105],"views":31,"_links":{"self":[{"href":"https:\/\/www.enerjigazetesi.ist\/en\/wp-json\/wp\/v2\/posts\/195543"}],"collection":[{"href":"https:\/\/www.enerjigazetesi.ist\/en\/wp-json\/wp\/v2\/posts"}],"about":[{"href":"https:\/\/www.enerjigazetesi.ist\/en\/wp-json\/wp\/v2\/types\/post"}],"author":[{"embeddable":true,"href":"https:\/\/www.enerjigazetesi.ist\/en\/wp-json\/wp\/v2\/users\/1"}],"replies":[{"embeddable":true,"href":"https:\/\/www.enerjigazetesi.ist\/en\/wp-json\/wp\/v2\/comments?post=195543"}],"version-history":[{"count":0,"href":"https:\/\/www.enerjigazetesi.ist\/en\/wp-json\/wp\/v2\/posts\/195543\/revisions"}],"wp:featuredmedia":[{"embeddable":true,"href":"https:\/\/www.enerjigazetesi.ist\/en\/wp-json\/wp\/v2\/media\/195545"}],"wp:attachment":[{"href":"https:\/\/www.enerjigazetesi.ist\/en\/wp-json\/wp\/v2\/media?parent=195543"}],"wp:term":[{"taxonomy":"category","embeddable":true,"href":"https:\/\/www.enerjigazetesi.ist\/en\/wp-json\/wp\/v2\/categories?post=195543"},{"taxonomy":"post_tag","embeddable":true,"href":"https:\/\/www.enerjigazetesi.ist\/en\/wp-json\/wp\/v2\/tags?post=195543"}],"curies":[{"name":"wp","href":"https:\/\/api.w.org\/{rel}","templated":true}]}}