{"id":195494,"date":"2025-02-24T16:04:24","date_gmt":"2025-02-24T13:04:24","guid":{"rendered":"https:\/\/www.enerjigazetesi.ist\/?p=195494"},"modified":"2025-02-24T16:04:24","modified_gmt":"2025-02-24T13:04:24","slug":"sakarya-gaz-sahasinda-uretim-artiyor","status":"publish","type":"post","link":"https:\/\/www.enerjigazetesi.ist\/en\/sakarya-gaz-sahasinda-uretim-artiyor\/","title":{"rendered":"(Turkish) Sakarya Gaz Sahas\u0131\u2019nda \u00dcretim Art\u0131yor"},"content":{"rendered":"<p class=\"qtranxs-available-languages-message qtranxs-available-languages-message-en\">Sorry, this entry is only available in <a href=\"https:\/\/www.enerjigazetesi.ist\/tr\/wp-json\/wp\/v2\/posts\/195494\" class=\"qtranxs-available-language-link qtranxs-available-language-link-tr\" title=\"Turkish\">Turkish<\/a>. For the sake of viewer convenience, the content is shown below in the alternative language. You may click the link to switch the active language.<\/p><p><\/p>\n<h2>Enerji ve Tabii Kaynaklar Bakan\u0131 Alparslan Bayraktar, Sakarya Gaz Sahas\u0131\u2019nda g\u00fcnl\u00fck \u00fcretimin 7 bu\u00e7uk milyon metrek\u00fcpe \u00e7\u0131kt\u0131\u011f\u0131n\u0131, Mart sonu itibar\u0131yla 9,5 milyon metrek\u00fcp\u00fc hedeflediklerini anlatarak T\u00fcrkiye\u2019ye getirilen y\u00fczer \u00fcretim platformu ile 2026 y\u0131l\u0131 Temmuz A\u011fustos aylar\u0131nda g\u00fcnl\u00fck \u00fcretimi 20 milyon metrek\u00fcpe \u00e7\u0131karacaklar\u0131n\u0131 ve 6 milyon haneye buradan do\u011fal gaz temin edilece\u011fini kaydetti.<\/h2>\n<p style=\"text-align: center;\"><img loading=\"lazy\" class=\"aligncenter wp-image-195497\" src=\"https:\/\/www.enerjigazetesi.ist\/wp-content\/uploads\/2025\/02\/sakarya-gaz-sahasinda-uretim-artiyor-1.jpg\" alt=\"\" width=\"500\" height=\"381\" srcset=\"https:\/\/www.enerjigazetesi.ist\/wp-content\/uploads\/2025\/02\/sakarya-gaz-sahasinda-uretim-artiyor-1.jpg 550w, https:\/\/www.enerjigazetesi.ist\/wp-content\/uploads\/2025\/02\/sakarya-gaz-sahasinda-uretim-artiyor-1-300x229.jpg 300w, https:\/\/www.enerjigazetesi.ist\/wp-content\/uploads\/2025\/02\/sakarya-gaz-sahasinda-uretim-artiyor-1-500x381.jpg 500w, https:\/\/www.enerjigazetesi.ist\/wp-content\/uploads\/2025\/02\/sakarya-gaz-sahasinda-uretim-artiyor-1-66x50.jpg 66w\" sizes=\"(max-width: 500px) 100vw, 500px\" \/><\/p>\n<p>Bakan Bayraktar, TGRT Haber\u2019de yay\u0131nlanan \u201cFatih Atik ile G\u00fcndem Ankara\u201d program\u0131na kat\u0131ld\u0131.<\/p>\n<h3><strong>Altyap\u0131 Hamlesi<\/strong><\/h3>\n<p>K\u0131\u015f \u015fartlar\u0131nda elektrik ve do\u011fal gazda arz g\u00fcvenli\u011fi anlam\u0131nda bir s\u0131k\u0131nt\u0131 \u00f6ng\u00f6rmediklerini belirten Bayraktar, 7\/24 esasl\u0131 olarak 10 binlerce enerji emek\u00e7isinin sahada g\u00f6rev ald\u0131\u011f\u0131n\u0131 s\u00f6yledi. Bayraktar, T\u00fcrkiye n\u00fcfusunun y\u00fczde 85\u2019inin do\u011fal gaza eri\u015fimi oldu\u011funu, 913 yerle\u015fim yerinde do\u011fal gaz kullan\u0131ld\u0131\u011f\u0131n\u0131 kaydederek boru hatlar\u0131yla, gazla\u015ft\u0131rma ve depolama tesisleriyle ciddi bir altyap\u0131 hamlesi ger\u00e7ekle\u015ftirdiklerini s\u00f6yledi.<\/p>\n<h3><strong>Gaz Ak\u0131\u015f\u0131 Kesildi Ama Sorun Ya\u015fanmad\u0131<\/strong><\/h3>\n<p>Ocak ay\u0131nda \u0130ran\u2019dan ve Azerbaycan\u2019dan gelen iki hattan birinde gaz ak\u0131\u015f\u0131nda 10 g\u00fcn boyunca kesinti oldu\u011funu a\u00e7\u0131klayan Bayraktar, <em>\u201cYani neredeyse iki tedarik\u00e7i de \u00e7ok ciddi bir gaz ak\u0131\u015f\u0131nda problem ya\u015fad\u0131k, ama buna ra\u011fmen LNG altyap\u0131m\u0131zla, depolar\u0131m\u0131zla bu s\u00fcreci hissettirmeden, herhangi bir gazda hi\u00e7bir kesinti olmadan \u00e7ok \u015f\u00fck\u00fcr atlatt\u0131k.\u201d<\/em> dedi. Bayraktar, T\u00fcrkiye\u2019de g\u00fcnl\u00fck do\u011fal gaz t\u00fcketiminin ge\u00e7ti\u011fimiz g\u00fcnlerde 305 milyon metrek\u00fcpe ula\u015farak rekor k\u0131rd\u0131\u011f\u0131n\u0131 belirterek T\u00fcrkiye\u2019nin Avrupa\u2019n\u0131n 4\u2019nc\u00fc b\u00fcy\u00fck do\u011fal gaz pazar\u0131 oldu\u011funu ve \u201cT\u00fcrk harman\u0131\u201dna d\u00f6n\u00fc\u015fen gaz\u0131 planlamalar do\u011frultusunda Romanya, Bulgaristan, Macaristan\u2019a satt\u0131klar\u0131n\u0131 dile getirdi.<\/p>\n<h3><strong>K\u0131z\u0131lelmam\u0131z Hazar Ge\u00e7i\u015fi<\/strong><\/h3>\n<p>Bakan Bayraktar, T\u00fcrkmenistan ile 27 y\u0131ld\u0131r ger\u00e7ekle\u015fmeyen bir anla\u015fmay\u0131 hayata ge\u00e7irdiklerini vurgulayarak \u0130ran\u2019\u0131 i\u015fin i\u00e7ine katarak bir swap anla\u015fmas\u0131yla 1 Mart\u2019tan itibaren 2025 sonuna kadar bir bu\u00e7uk milyon haneye yetecek 1,3 milyar metrek\u00fcpl\u00fck gaz\u0131n T\u00fcrkiye\u2019ye gelece\u011fine de\u011findi. Bayraktar, <em>\u201cT\u00fcrkmen gaz\u0131 \u00e7ok uygun ko\u015fullarda T\u00fcrkiye\u2019ye geliyor. Ama bunun yan\u0131 s\u0131ra \u00e7e\u015fitlendirme a\u00e7\u0131s\u0131ndan, gaz\u0131n bolla\u015fmas\u0131 a\u00e7\u0131s\u0131ndan da bize fevkalade b\u00fcy\u00fck katk\u0131s\u0131 olacak.\u201d<\/em> ifadelerini kulland\u0131. Hazar ge\u00e7i\u015fli bir boru hatt\u0131n\u0131 \u201cK\u0131z\u0131lelma\u201d olarak niteleyen Bayraktar, Hazar ge\u00e7i\u015fine uzun vadede T\u00fcrkiye\u2019nin ihtiyac\u0131 oldu\u011funun alt\u0131n\u0131 \u00e7izdi.<\/p>\n<h3><strong>Bayramda \u00dcretim 9,5 Milyar Metrek\u00fcp<\/strong><\/h3>\n<p>Bayraktar, Sakarya Gaz Sahas\u0131\u2019nda g\u00fcnl\u00fck \u00fcretimin 7 bu\u00e7uk milyon metrek\u00fcpe \u00e7\u0131kt\u0131\u011f\u0131n\u0131 belirterek, <em>\u201cBu gaz T\u00fcrkiye\u2019de \u015fu anda neredeyse 3 milyon hanenin do\u011fal gaz ihtiyac\u0131n\u0131 kar\u015f\u0131lar hale gelmi\u015f durumda. Biz bunu Mart sonunda, yani Ramazan Bayram\u0131yla birlikte in\u015fallah 9,5 milyon metrek\u00fcpe \u00e7\u0131karaca\u011f\u0131z.\u201d dedi. T\u00fcrkiye\u2019ye getirilen y\u00fczer \u00fcretim platformu ile 2026 y\u0131l\u0131 Temmuz A\u011fustos aylar\u0131nda g\u00fcnl\u00fck \u00fcretimi 20 milyon metrek\u00fcpe \u00e7\u0131karacaklar\u0131n\u0131 ve 6 milyon haneye buradan do\u011fal gaz temin edilece\u011fini kaydetti. Muhalefetin Mavi Vatan\u2019a masal dedi\u011fini, derin deniz sondaj gemilerinin sat\u0131n al\u0131nmas\u0131na kar\u015f\u0131 \u00e7\u0131kt\u0131klar\u0131n\u0131 s\u00f6yleyen Bayraktar, \u201cFatih Yavuz, Kanuni ve Abd\u00fclhamit Han bu gemilerin 4\u2019\u00fc de Karadeniz\u2019de aktif g\u00f6revde. Fatih gemisi \u015fu anda Kand\u0131ra\u2019da sondaj faaliyeti yap\u0131yor. Akdeniz ile ilgili de yeni bir s\u00fcre\u00e7 olabilir.\u201d<\/em> dedi.<\/p>\n<h3><strong>Libya\u2019dan G\u00fczel Haberler<\/strong><\/h3>\n<p>Bayraktar, Oru\u00e7 Reis\u2019in Somali\u2019de sismik ara\u015ft\u0131rmalar\u0131na devam etti\u011fini, bunun yan\u0131 s\u0131ra T\u00fcrkiye\u2019nin Azerbaycan\u2019da ve Irak\u2019ta ortak oldu\u011fu sahalar\u0131n bulundu\u011funu ifade ederek <em>\u201c\u0130n\u015fallah yak\u0131n zamanda Libya ile alakal\u0131 g\u00fczel haberler verece\u011fiz. Say\u0131n Cumhurba\u015fkan\u0131m\u0131z\u0131n G\u00fcneydo\u011fu Asya ziyaretinde Karadeniz\u2019deki geli\u015fmeler b\u00fct\u00fcn \u00fclkelerin dikkatini \u00e7ekmi\u015f durumda. Bir\u00e7ok \u00fclke birlikte \u00e7al\u0131\u015fma teklifleri geliyor.\u201d<\/em> diye konu\u015ftu.<\/p>\n<h3><strong>Van Muradiye\u2019de Sondaj<\/strong><\/h3>\n<p>\u015e\u0131rnak Gabar\u2019da g\u00fcnl\u00fck petrol \u00fcretiminin 91 kuyuda 76 bin varil oldu\u011funu ve mevcut \u00fcretimin plato seviyesine geldi\u011fini a\u00e7\u0131klayan Bayraktar, \u201cYeni ke\u015fiflere ihtiyac\u0131m\u0131z var. B\u00f6lgenin potansiyelinin y\u00fcksek oldu\u011funu d\u00fc\u015f\u00fcn\u00fcyoruz. Van\u2019da Muradiye il\u00e7esi civar\u0131nda Nisan ay\u0131nda sondaj yapaca\u011f\u0131z.\u201d dedi. Bayraktar, T\u00fcrkiye\u2019nin mevcut petrol ve do\u011fal gaz \u00fcretimiyle ihtiyac\u0131n y\u00fczde 15\u2019ini kar\u015f\u0131lad\u0131\u011f\u0131n\u0131 belirterek bu orana y\u00fczde 1-2\u2019lerden geldiklerini kaydetti.<\/p>\n<h3><strong>2024 T\u00fcketimine Bak\u0131lacak<\/strong><\/h3>\n<p>Do\u011fal gaz faturalar\u0131nda y\u00fczde 65, elektrikte d\u00fc\u015f\u00fck kademede y\u00fczde 60, y\u00fcksek kademede y\u00fczde 40 devlet deste\u011fi oldu\u011funu an\u0131msatan Bayraktar, bu y\u0131l b\u00fct\u00e7eden 430 milyar liran\u0131n \u00fczerinde bir destek kalemi ay\u0131ld\u0131\u011f\u0131n\u0131 bildirdi. Bayraktar, elektrikteki yeni tarife d\u00fczenlemesinden bahsederek<em> \u201c42 milyon abonenin 1,2 milyonu bu d\u00fczenlemeden etkilenecek. 40 milyon 800 bin abone etkilenmeyecek. 1,2 milyon abone neye g\u00f6re belirleniyor? 2024 t\u00fcketimine g\u00f6re belirleniyor. Y\u0131ll\u0131k 5 bin kilovatsaati a\u015fan aboneler destek grubundan \u00e7\u0131kar\u0131l\u0131yor.\u201d<\/em> diye konu\u015ftu.<\/p>\n<h3><strong>Nisan\u2019a Kadar Art\u0131\u015f Yok<\/strong><\/h3>\n<p>Enerji fiyatlar\u0131nda hedeflerinin m\u00fcmk\u00fcn oldu\u011fu kadar maliyetleri vatanda\u015fa yans\u0131tmamak oldu\u011funu vurgulayan Bayraktar, <em>\u201cBu k\u0131\u015f\u0131 elektrik ve do\u011fal gazda zam olmadan ge\u00e7iriyoruz. \u00d6n\u00fcm\u00fczdeki d\u00f6nemde bir d\u00fczenleme yapacak olursak da enflasyon hedefini bozmayacak bir enerji fiyatlamas\u0131n\u0131 2025 y\u0131l\u0131nda hedefliyoruz. Nisan\u2019a kadar hane halk\u0131 i\u00e7in bir art\u0131\u015f \u00f6ng\u00f6rm\u00fcyoruz.\u201d<\/em> dedi.<\/p>\n<h3><strong>Alt\u0131nda Hedef 100 Ton<\/strong><\/h3>\n<p>Bayraktar, Mersin Akkuyu\u2019daki n\u00fckleer santralde test ama\u00e7l\u0131 ilk elektri\u011fi 2025 y\u0131l\u0131 i\u00e7erisinde \u00fcretmeyi hedeflediklerini s\u00f6yleyerek Sinop ve Trakya projeleriyle ilgili de 2025 y\u0131l\u0131 i\u00e7erisinde ilgili \u00fclkelerle g\u00f6r\u00fc\u015fmeleri tamamlayarak imza a\u015famas\u0131na ge\u00e7mek istediklerini belirtti. T\u00fcrkiye\u2019nin y\u0131ll\u0131k alt\u0131n \u00fcretiminin 42 bin ton oldu\u011funu bunu 5-10 y\u0131l i\u00e7erisinde 100 tona \u00e7\u0131karmalar\u0131 gerekti\u011fini ifade eden Bayraktar, izin s\u00fcre\u00e7lerini k\u0131saltarak yat\u0131r\u0131mc\u0131lar\u0131n \u00f6n\u00fcn\u00fc a\u00e7acak d\u00fczenlemeleri hayata ge\u00e7ireceklerini dile getirdi.<\/p>\n<p>Kaynak: <a href=\"https:\/\/enerji.gov.tr\/haber-detay?id=21453\" target=\"_blank\" rel=\"noopener\">ETKB<\/a><\/p>","protected":false},"excerpt":{"rendered":"<p>Sorry, this entry is only available in Turkish. For the sake of viewer convenience, the content is shown below in the alternative language. You may click the link to switch the active language. Enerji ve Tabii Kaynaklar Bakan\u0131 Alparslan Bayraktar, Sakarya Gaz Sahas\u0131\u2019nda g\u00fcnl\u00fck \u00fcretimin 7 bu\u00e7uk milyon metrek\u00fcpe \u00e7\u0131kt\u0131\u011f\u0131n\u0131, Mart sonu itibar\u0131yla 9,5 milyon [&hellip;]<\/p>\n","protected":false},"author":1,"featured_media":195496,"comment_status":"open","ping_status":"open","sticky":false,"template":"","format":"standard","meta":[],"categories":[46,53],"tags":[33199,81581,226,2677,27144,78789,463,116184],"views":22,"_links":{"self":[{"href":"https:\/\/www.enerjigazetesi.ist\/en\/wp-json\/wp\/v2\/posts\/195494"}],"collection":[{"href":"https:\/\/www.enerjigazetesi.ist\/en\/wp-json\/wp\/v2\/posts"}],"about":[{"href":"https:\/\/www.enerjigazetesi.ist\/en\/wp-json\/wp\/v2\/types\/post"}],"author":[{"embeddable":true,"href":"https:\/\/www.enerjigazetesi.ist\/en\/wp-json\/wp\/v2\/users\/1"}],"replies":[{"embeddable":true,"href":"https:\/\/www.enerjigazetesi.ist\/en\/wp-json\/wp\/v2\/comments?post=195494"}],"version-history":[{"count":0,"href":"https:\/\/www.enerjigazetesi.ist\/en\/wp-json\/wp\/v2\/posts\/195494\/revisions"}],"wp:featuredmedia":[{"embeddable":true,"href":"https:\/\/www.enerjigazetesi.ist\/en\/wp-json\/wp\/v2\/media\/195496"}],"wp:attachment":[{"href":"https:\/\/www.enerjigazetesi.ist\/en\/wp-json\/wp\/v2\/media?parent=195494"}],"wp:term":[{"taxonomy":"category","embeddable":true,"href":"https:\/\/www.enerjigazetesi.ist\/en\/wp-json\/wp\/v2\/categories?post=195494"},{"taxonomy":"post_tag","embeddable":true,"href":"https:\/\/www.enerjigazetesi.ist\/en\/wp-json\/wp\/v2\/tags?post=195494"}],"curies":[{"name":"wp","href":"https:\/\/api.w.org\/{rel}","templated":true}]}}