{"id":195450,"date":"2025-02-24T11:45:10","date_gmt":"2025-02-24T08:45:10","guid":{"rendered":"https:\/\/www.enerjigazetesi.ist\/?p=195450"},"modified":"2025-02-24T11:47:38","modified_gmt":"2025-02-24T08:47:38","slug":"oedas-surdurulebilir-enerji-yatirimlariyla-cdpdeki-b-notunu-korudu","status":"publish","type":"post","link":"https:\/\/www.enerjigazetesi.ist\/en\/oedas-surdurulebilir-enerji-yatirimlariyla-cdpdeki-b-notunu-korudu\/","title":{"rendered":"(Turkish) &#8217;OEDA\u015e&#8217; S\u00fcrd\u00fcr\u00fclebilir Enerji Yat\u0131r\u0131mlar\u0131yla CDP\u2019deki B Notunu Korudu"},"content":{"rendered":"<p class=\"qtranxs-available-languages-message qtranxs-available-languages-message-en\">Sorry, this entry is only available in <a href=\"https:\/\/www.enerjigazetesi.ist\/tr\/wp-json\/wp\/v2\/posts\/195450\" class=\"qtranxs-available-language-link qtranxs-available-language-link-tr\" title=\"Turkish\">Turkish<\/a>. For the sake of viewer convenience, the content is shown below in the alternative language. You may click the link to switch the active language.<\/p><p><\/p>\n<h2><strong>Enerji sekt\u00f6r\u00fcn\u00fcn d\u00fc\u015f\u00fck karbon ekonomisine ge\u00e7i\u015fine ve iklim de\u011fi\u015fikli\u011fiyle m\u00fccadeleye y\u00f6nelik \u00e7al\u0131\u015fmalar y\u00fcr\u00fcten elektrik da\u011f\u0131t\u0131m \u015firketi OEDA\u015e, CDP \u0130klim De\u011fi\u015fikli\u011fi Program\u0131\u2019n\u0131n 2024 y\u0131l\u0131 de\u011ferlendirmesinde \u2018B\u2019 derecelendirme notu ald\u0131. \u015eirket b\u00f6ylece bu notu 2021 y\u0131l\u0131ndan bu yana aral\u0131ks\u0131z olarak koruma ba\u015far\u0131s\u0131 g\u00f6sterdi. OEDA\u015e Direkt\u00f6r\u00fc Muzaffer Yal\u00e7\u0131n, \u201cEnerji verimlili\u011fini art\u0131ran teknolojilere yat\u0131r\u0131m yaparken yenilenebilir enerji kaynaklar\u0131n\u0131n \u015febekeye entegrasyonunu destekleyen projeler geli\u015ftiriyoruz.\u201d dedi.\u00a0 Yal\u00e7\u0131n ayr\u0131ca 2024 y\u0131l\u0131nda da\u011f\u0131t\u0131m hizmeti verilen be\u015f ilde, enerjinin y\u00fczde 25\u2019ini lisanss\u0131z yenilenebilir kaynaklardan kar\u015f\u0131lad\u0131klar\u0131n\u0131 a\u00e7\u0131klad\u0131.<\/strong><\/h2>\n<p style=\"text-align: center;\"><img loading=\"lazy\" class=\"aligncenter wp-image-195453\" src=\"https:\/\/www.enerjigazetesi.ist\/wp-content\/uploads\/2025\/02\/oedas-surdurulebilir-enerji-yatirimlariyla-cdpdeki-b-notunu-korudu.jpg\" alt=\"\" width=\"500\" height=\"354\" srcset=\"https:\/\/www.enerjigazetesi.ist\/wp-content\/uploads\/2025\/02\/oedas-surdurulebilir-enerji-yatirimlariyla-cdpdeki-b-notunu-korudu.jpg 550w, https:\/\/www.enerjigazetesi.ist\/wp-content\/uploads\/2025\/02\/oedas-surdurulebilir-enerji-yatirimlariyla-cdpdeki-b-notunu-korudu-300x212.jpg 300w, https:\/\/www.enerjigazetesi.ist\/wp-content\/uploads\/2025\/02\/oedas-surdurulebilir-enerji-yatirimlariyla-cdpdeki-b-notunu-korudu-500x354.jpg 500w, https:\/\/www.enerjigazetesi.ist\/wp-content\/uploads\/2025\/02\/oedas-surdurulebilir-enerji-yatirimlariyla-cdpdeki-b-notunu-korudu-71x50.jpg 71w\" sizes=\"(max-width: 500px) 100vw, 500px\" \/><\/p>\n<p>Afyonkarahisar, Bilecik, Eski\u015fehir, K\u00fctahya ve U\u015fak\u2019ta faaliyet g\u00f6steren elektrik da\u011f\u0131t\u0131m \u015firketi <strong>Osmangazi Elektrik Da\u011f\u0131t\u0131m A\u015e (OEDA\u015e), <\/strong>\u015firketler ve \u015fehirler i\u00e7in d\u00fcnyan\u0131n tek k\u00fcresel \u00e7evre ve do\u011fa raporlama sistemi olan CDP\u2019nin (Karbon Saydaml\u0131k Projesi) \u0130klim De\u011fi\u015fikli\u011fi Program\u0131\u2019n\u0131n 2024 y\u0131l\u0131 de\u011ferlendirmesinde \u2018B\u2019 derecelendirme notu ald\u0131. Programa 2020 y\u0131l\u0131nda kat\u0131lan ve 2021 y\u0131l\u0131nda notunu B\u2019ye y\u00fckselten OEDA\u015e, o tarihten bu yana bu notu aral\u0131ks\u0131z olarak korudu. OEDA\u015e bu notla program\u0131n \u2018Y\u00f6netim\u2019 seviyesinde yer almaya devam etti.<\/p>\n<h3><strong>Muzaffer Yal\u00e7\u0131n: \u201c\u00dclkemizin D\u00fc\u015f\u00fck Karbon Ekonomisine Ge\u00e7i\u015fine Katk\u0131 Sunuyoruz\u201d<\/strong><\/h3>\n<div id=\"attachment_195452\" style=\"width: 510px\" class=\"wp-caption aligncenter\"><img aria-describedby=\"caption-attachment-195452\" loading=\"lazy\" class=\"wp-image-195452\" src=\"https:\/\/www.enerjigazetesi.ist\/wp-content\/uploads\/2025\/02\/oedas-surdurulebilir-enerji-yatirimlariyla-cdpdeki-b-notunu-korudu-1.jpg\" alt=\"\" width=\"500\" height=\"390\" srcset=\"https:\/\/www.enerjigazetesi.ist\/wp-content\/uploads\/2025\/02\/oedas-surdurulebilir-enerji-yatirimlariyla-cdpdeki-b-notunu-korudu-1.jpg 550w, https:\/\/www.enerjigazetesi.ist\/wp-content\/uploads\/2025\/02\/oedas-surdurulebilir-enerji-yatirimlariyla-cdpdeki-b-notunu-korudu-1-300x234.jpg 300w, https:\/\/www.enerjigazetesi.ist\/wp-content\/uploads\/2025\/02\/oedas-surdurulebilir-enerji-yatirimlariyla-cdpdeki-b-notunu-korudu-1-500x390.jpg 500w, https:\/\/www.enerjigazetesi.ist\/wp-content\/uploads\/2025\/02\/oedas-surdurulebilir-enerji-yatirimlariyla-cdpdeki-b-notunu-korudu-1-64x50.jpg 64w\" sizes=\"(max-width: 500px) 100vw, 500px\" \/><p id=\"caption-attachment-195452\" class=\"wp-caption-text\">OEDA\u015e Direkt\u00f6r\u00fc Muzaffer Yal\u00e7\u0131n<\/p><\/div>\n<p>OEDA\u015e\u2019\u0131n iklim de\u011fi\u015fikli\u011fiyle m\u00fccadele ve d\u00fc\u015f\u00fck karbon ekonomisine ge\u00e7i\u015f yakla\u015f\u0131m\u0131yla ilgili bilgi veren <strong>OEDA\u015e Direkt\u00f6r\u00fc Muzaffer Yal\u00e7\u0131n<\/strong>, <em>\u201c\u00c7evresel s\u00fcrd\u00fcr\u00fclebilirli\u011fi i\u015f yap\u0131\u015f bi\u00e7imimizin merkezine koyarak bu alanda somut ad\u0131mlar atmaya devam ediyoruz. Enerji verimlili\u011fini art\u0131ran teknolojilere yat\u0131r\u0131m yaparken yenilenebilir enerji kaynaklar\u0131n\u0131n \u015febekeye entegrasyonunu destekleyen projeler geli\u015ftiriyoruz. 2024 y\u0131l\u0131nda b\u00f6lgemizde da\u011f\u0131t\u0131ma sundu\u011fumuz 7,7 milyar kilovatl\u0131k (kWh) toplam enerjinin y\u00fczde 25\u2019ine tekab\u00fcl eden 1,9 milyar kWh enerjiyi, lisanss\u0131z yenilenebilir kaynaklardan kar\u015f\u0131lad\u0131k. \u00d6te yandan karbon emisyonlar\u0131m\u0131z\u0131 azaltma hedefimize ula\u015fmak i\u00e7in enerji y\u00f6netimi s\u00fcre\u00e7lerimizi daha etkin hale getiriyoruz. CDP \u0130klim De\u011fi\u015fikli\u011fi Program\u0131 kapsam\u0131nda ald\u0131\u011f\u0131m\u0131z \u2018B\u2019 derecelendirme notu da bu \u00e7al\u0131\u015fmalar\u0131m\u0131z\u0131n bir g\u00f6stergesi. \u00d6n\u00fcm\u00fczdeki d\u00f6nemde de \u00e7evresel etkilerimizi en aza indirmek ad\u0131na yeni projeler hayata ge\u00e7irmeye devam edece\u011fiz.\u201d<\/em> dedi.<\/p>","protected":false},"excerpt":{"rendered":"<p>Sorry, this entry is only available in Turkish. For the sake of viewer convenience, the content is shown below in the alternative language. You may click the link to switch the active language. Enerji sekt\u00f6r\u00fcn\u00fcn d\u00fc\u015f\u00fck karbon ekonomisine ge\u00e7i\u015fine ve iklim de\u011fi\u015fikli\u011fiyle m\u00fccadeleye y\u00f6nelik \u00e7al\u0131\u015fmalar y\u00fcr\u00fcten elektrik da\u011f\u0131t\u0131m \u015firketi OEDA\u015e, CDP \u0130klim De\u011fi\u015fikli\u011fi Program\u0131\u2019n\u0131n 2024 [&hellip;]<\/p>\n","protected":false},"author":1,"featured_media":195453,"comment_status":"open","ping_status":"open","sticky":false,"template":"","format":"standard","meta":[],"categories":[51,53,52],"tags":[10743,66788,2375,10921,5719,9749,7471],"views":18,"_links":{"self":[{"href":"https:\/\/www.enerjigazetesi.ist\/en\/wp-json\/wp\/v2\/posts\/195450"}],"collection":[{"href":"https:\/\/www.enerjigazetesi.ist\/en\/wp-json\/wp\/v2\/posts"}],"about":[{"href":"https:\/\/www.enerjigazetesi.ist\/en\/wp-json\/wp\/v2\/types\/post"}],"author":[{"embeddable":true,"href":"https:\/\/www.enerjigazetesi.ist\/en\/wp-json\/wp\/v2\/users\/1"}],"replies":[{"embeddable":true,"href":"https:\/\/www.enerjigazetesi.ist\/en\/wp-json\/wp\/v2\/comments?post=195450"}],"version-history":[{"count":0,"href":"https:\/\/www.enerjigazetesi.ist\/en\/wp-json\/wp\/v2\/posts\/195450\/revisions"}],"wp:featuredmedia":[{"embeddable":true,"href":"https:\/\/www.enerjigazetesi.ist\/en\/wp-json\/wp\/v2\/media\/195453"}],"wp:attachment":[{"href":"https:\/\/www.enerjigazetesi.ist\/en\/wp-json\/wp\/v2\/media?parent=195450"}],"wp:term":[{"taxonomy":"category","embeddable":true,"href":"https:\/\/www.enerjigazetesi.ist\/en\/wp-json\/wp\/v2\/categories?post=195450"},{"taxonomy":"post_tag","embeddable":true,"href":"https:\/\/www.enerjigazetesi.ist\/en\/wp-json\/wp\/v2\/tags?post=195450"}],"curies":[{"name":"wp","href":"https:\/\/api.w.org\/{rel}","templated":true}]}}