{"id":195393,"date":"2025-02-21T13:20:22","date_gmt":"2025-02-21T10:20:22","guid":{"rendered":"https:\/\/www.enerjigazetesi.ist\/?p=195393"},"modified":"2025-02-21T13:20:22","modified_gmt":"2025-02-21T10:20:22","slug":"2inci-uluslararasi-esco-sempozyumu-istanbulda-gerceklesecek","status":"publish","type":"post","link":"https:\/\/www.enerjigazetesi.ist\/en\/2inci-uluslararasi-esco-sempozyumu-istanbulda-gerceklesecek\/","title":{"rendered":"(Turkish) 2&#8217;inci Uluslararas\u0131 ESCO Sempozyumu \u0130stanbul\u2019da Ger\u00e7ekle\u015fecek"},"content":{"rendered":"<p class=\"qtranxs-available-languages-message qtranxs-available-languages-message-en\">Sorry, this entry is only available in <a href=\"https:\/\/www.enerjigazetesi.ist\/tr\/wp-json\/wp\/v2\/posts\/195393\" class=\"qtranxs-available-language-link qtranxs-available-language-link-tr\" title=\"Turkish\">Turkish<\/a>. For the sake of viewer convenience, the content is shown below in the alternative language. You may click the link to switch the active language.<\/p><p><\/p>\n<h2>Enerji verimlili\u011fi ve s\u00fcrd\u00fcr\u00fclebilirlik alan\u0131nda k\u00fcresel \u00f6l\u00e7ekte en \u00f6nemli etkinliklerden biri olan 2. Uluslararas\u0131 ESCO Sempozyumu, 7-8 May\u0131s 2025 tarihlerinde \u0130stanbul&#8217;da d\u00fczenlenecek. Wyndham Grand \u0130stanbul Levent\u2019te ger\u00e7ekle\u015fecek etkinlik, enerji verimlili\u011fi finansman\u0131, ESCO i\u015f modeli ve k\u00fcresel iklim hedefleri do\u011frultusunda yenilik\u00e7i \u00e7\u00f6z\u00fcmler konular\u0131nda d\u00fcnya \u00e7ap\u0131nda uzmanlar\u0131 bir araya getirecek.<\/h2>\n<p style=\"text-align: center;\"><img loading=\"lazy\" class=\"aligncenter wp-image-195395\" src=\"https:\/\/www.enerjigazetesi.ist\/wp-content\/uploads\/2025\/02\/2inci-uluslararasi-esco-sempozyumu-istanbulda-gerceklesecek.jpg\" alt=\"\" width=\"450\" height=\"450\" srcset=\"https:\/\/www.enerjigazetesi.ist\/wp-content\/uploads\/2025\/02\/2inci-uluslararasi-esco-sempozyumu-istanbulda-gerceklesecek.jpg 480w, https:\/\/www.enerjigazetesi.ist\/wp-content\/uploads\/2025\/02\/2inci-uluslararasi-esco-sempozyumu-istanbulda-gerceklesecek-300x300.jpg 300w, https:\/\/www.enerjigazetesi.ist\/wp-content\/uploads\/2025\/02\/2inci-uluslararasi-esco-sempozyumu-istanbulda-gerceklesecek-150x150.jpg 150w, https:\/\/www.enerjigazetesi.ist\/wp-content\/uploads\/2025\/02\/2inci-uluslararasi-esco-sempozyumu-istanbulda-gerceklesecek-400x400.jpg 400w, https:\/\/www.enerjigazetesi.ist\/wp-content\/uploads\/2025\/02\/2inci-uluslararasi-esco-sempozyumu-istanbulda-gerceklesecek-50x50.jpg 50w, https:\/\/www.enerjigazetesi.ist\/wp-content\/uploads\/2025\/02\/2inci-uluslararasi-esco-sempozyumu-istanbulda-gerceklesecek-100x100.jpg 100w\" sizes=\"(max-width: 450px) 100vw, 450px\" \/><\/p>\n<h3><strong>D\u00fcnyan\u0131n D\u00f6rt Bir Yan\u0131ndan Enerji Profesyonelleri \u0130stanbul&#8217;da Bulu\u015fuyor<\/strong><\/h3>\n<p><a href=\"https:\/\/eyoder.org.tr\" target=\"_blank\" rel=\"noopener\">EYODER<\/a> \u2013 Enerji Verimlili\u011fi ve Y\u00f6netimi Derne\u011fi ev sahipli\u011finde, Birle\u015fmi\u015f Milletler \u00c7evre Program\u0131 (<a href=\"https:\/\/www.unep.org\/\" target=\"_blank\" rel=\"noopener\">UNEP<\/a>), Efficiency Valuation Organization (<a href=\"https:\/\/www.evo-world.org\/en\/\" target=\"_blank\" rel=\"noopener\">EVO<\/a>) ve <a href=\"https:\/\/globalesconetwork.unepccc.org\/\" target=\"_blank\" rel=\"noopener\">Global ESCO A\u011f\u0131<\/a> i\u015f birli\u011fiyle d\u00fczenlenen sempozyum, enerji sekt\u00f6r\u00fcn\u00fcn t\u00fcm payda\u015flar\u0131n\u0131 bir araya getirerek k\u00fcresel enerji d\u00f6n\u00fc\u015f\u00fcm\u00fcn\u00fc h\u0131zland\u0131rmay\u0131 ama\u00e7l\u0131yor. UNDP, UNEP gibi BM\u2019ye ba\u011fl\u0131 uluslararas\u0131 \u00f6rg\u00fctlerden konunun uzmanlar\u0131, yerli ve yabanc\u0131 \u00fcst d\u00fczey bakanl\u0131k temsilcileri, EBRD gibi finans kurulu\u015flar\u0131 ve uluslararas\u0131 yat\u0131r\u0131m \u015firketleri temsilcileri, uzmanlar ve \u00f6zel sekt\u00f6r temsilcileri enerji verimlili\u011fi politikalar\u0131, yat\u0131r\u0131m modelleri ve ba\u015far\u0131l\u0131 ESCO projeleri \u00fczerine g\u00f6r\u00fc\u015flerini payla\u015facak.<\/p>\n<h3><strong>Panel Konular\u0131 ve B2B Toplant\u0131lar<\/strong><\/h3>\n<p>Sempozyumda yer alan panellerin ba\u015fl\u0131klar\u0131 ise \u015f\u00f6yle: Uluslararas\u0131 Anla\u015fmalar\u0131n ve Uluslar\u00fcst\u00fc D\u00fczenlemelerin Rol\u00fc; Kalk\u0131nma Perspektifinden ESCO&#8217;ya Bak\u0131\u015f: Ulusal Mevzuat ve ESCO&#8217;yu Destekleyen \u00c7er\u00e7eveler; S\u00fcperESCO\u2019lar Arac\u0131l\u0131\u011f\u0131yla Birle\u015ftirme ve Finansman; Pratik Uygulamalar: Yerel Y\u00f6netimler i\u00e7in ESCO Uygulama \u00c7er\u00e7eveleri ve EPC Kolayla\u015ft\u0131r\u0131lmas\u0131; ESCO Yat\u0131r\u0131mlar\u0131n\u0131n B\u00fcy\u00fck \u00d6l\u00e7ekte Finansman\u0131 ve Yap\u0131land\u0131r\u0131lmas\u0131; Ba\u015far\u0131 Hikayeleri: ESCO Projelerinden \u00d6rnekler; Risk Y\u00f6netimi ve Sigorta.<\/p>\n<p>Sempozyuma kat\u0131lanlar ayr\u0131ca b\u00fct\u00fcn konu\u015fmac\u0131lar ile B2B g\u00f6r\u00fc\u015fmeler yapmak \u00fczere ikinci g\u00fcn ger\u00e7ekle\u015fecek B2B \/ \u0130kili G\u00f6r\u00fc\u015fmelere kat\u0131lma \u015fans\u0131na sahip olacaklar ve yeni i\u015f f\u0131rsatlar\u0131n\u0131 yakalayacaklar.<\/p>\n<h3><strong>Enerji Sekt\u00f6r\u00fcndeki Profesyoneller \u0130\u00e7in E\u015fsiz Bir F\u0131rsat<\/strong><\/h3>\n<p>Ge\u00e7en y\u0131l Fransa, Paris\u2019te, \u00f6n\u00fcm\u00fczdeki y\u0131l \u0130spanya, Madrid\u2019de ger\u00e7ekle\u015fecek uluslararas\u0131 sempozyumun ikincisi, enerji sekt\u00f6r\u00fcndeki profesyoneller i\u00e7in yeni i\u015f birlikleri kurma, sekt\u00f6rdeki son geli\u015fmeleri yak\u0131ndan takip etme ve ba\u015far\u0131l\u0131 projelerden ilham alma f\u0131rsat\u0131 sunacak.<\/p>\n<p>Detayl\u0131 Bilgi ve Kay\u0131t \u0130\u00e7in: <a href=\"https:\/\/www.escosymposium2025.com\/\" target=\"_blank\" rel=\"noopener\">https:\/\/www.escosymposium2025.com\/<\/a><\/p>","protected":false},"excerpt":{"rendered":"<p>Sorry, this entry is only available in Turkish. For the sake of viewer convenience, the content is shown below in the alternative language. You may click the link to switch the active language. Enerji verimlili\u011fi ve s\u00fcrd\u00fcr\u00fclebilirlik alan\u0131nda k\u00fcresel \u00f6l\u00e7ekte en \u00f6nemli etkinliklerden biri olan 2. Uluslararas\u0131 ESCO Sempozyumu, 7-8 May\u0131s 2025 tarihlerinde \u0130stanbul&#8217;da d\u00fczenlenecek. [&hellip;]<\/p>\n","protected":false},"author":1,"featured_media":195395,"comment_status":"open","ping_status":"open","sticky":false,"template":"","format":"standard","meta":[],"categories":[53,52],"tags":[116158,12,1260,116159,110098,1296,793],"views":19,"_links":{"self":[{"href":"https:\/\/www.enerjigazetesi.ist\/en\/wp-json\/wp\/v2\/posts\/195393"}],"collection":[{"href":"https:\/\/www.enerjigazetesi.ist\/en\/wp-json\/wp\/v2\/posts"}],"about":[{"href":"https:\/\/www.enerjigazetesi.ist\/en\/wp-json\/wp\/v2\/types\/post"}],"author":[{"embeddable":true,"href":"https:\/\/www.enerjigazetesi.ist\/en\/wp-json\/wp\/v2\/users\/1"}],"replies":[{"embeddable":true,"href":"https:\/\/www.enerjigazetesi.ist\/en\/wp-json\/wp\/v2\/comments?post=195393"}],"version-history":[{"count":0,"href":"https:\/\/www.enerjigazetesi.ist\/en\/wp-json\/wp\/v2\/posts\/195393\/revisions"}],"wp:featuredmedia":[{"embeddable":true,"href":"https:\/\/www.enerjigazetesi.ist\/en\/wp-json\/wp\/v2\/media\/195395"}],"wp:attachment":[{"href":"https:\/\/www.enerjigazetesi.ist\/en\/wp-json\/wp\/v2\/media?parent=195393"}],"wp:term":[{"taxonomy":"category","embeddable":true,"href":"https:\/\/www.enerjigazetesi.ist\/en\/wp-json\/wp\/v2\/categories?post=195393"},{"taxonomy":"post_tag","embeddable":true,"href":"https:\/\/www.enerjigazetesi.ist\/en\/wp-json\/wp\/v2\/tags?post=195393"}],"curies":[{"name":"wp","href":"https:\/\/api.w.org\/{rel}","templated":true}]}}