{"id":19528,"date":"2013-12-18T10:46:14","date_gmt":"2013-12-18T07:46:14","guid":{"rendered":"https:\/\/www.enerjigazetesi.ist\/?p=19528"},"modified":"2013-12-18T10:46:14","modified_gmt":"2013-12-18T07:46:14","slug":"ataturk-keban-karakaya-birecik-hes-tam-kapasite-calisiyor","status":"publish","type":"post","link":"https:\/\/www.enerjigazetesi.ist\/en\/ataturk-keban-karakaya-birecik-hes-tam-kapasite-calisiyor\/","title":{"rendered":"(Turkish) Atat\u00fcrk, Keban, Karakaya, Birecik HES Tam Kapasite \u00c7al\u0131\u015f\u0131yor&#8230;"},"content":{"rendered":"<p class=\"qtranxs-available-languages-message qtranxs-available-languages-message-en\">Sorry, this entry is only available in <a href=\"https:\/\/www.enerjigazetesi.ist\/tr\/wp-json\/wp\/v2\/posts\/19528\" class=\"qtranxs-available-language-link qtranxs-available-language-link-tr\" title=\"Turkish\">Turkish<\/a>. For the sake of viewer convenience, the content is shown below in the alternative language. You may click the link to switch the active language.<\/p><p><strong>Atat\u00fcrk Baraj\u0131 tam kapasite \u00e7al\u0131\u015farak elektrik \u00fcretimi ger\u00e7ekle\u015ftiriyor. Normalde, k\u0131smi olarak <a href=\"https:\/\/www.enerjigazetesi.ist\/wp-content\/uploads\/2013\/12\/ataturk-keban-karakaya-birecik-tam-kapasite-calisiyor.jpg\"><img loading=\"lazy\" class=\"alignright size-medium wp-image-19529\" title=\"ataturk-keban-karakaya-birecik-tam-kapasite-calisiyor\" src=\"https:\/\/www.enerjigazetesi.ist\/wp-content\/uploads\/2013\/12\/ataturk-keban-karakaya-birecik-tam-kapasite-calisiyor-300x200.jpg\" alt=\"\" width=\"300\" height=\"200\" srcset=\"https:\/\/www.enerjigazetesi.ist\/wp-content\/uploads\/2013\/12\/ataturk-keban-karakaya-birecik-tam-kapasite-calisiyor-300x200.jpg 300w, https:\/\/www.enerjigazetesi.ist\/wp-content\/uploads\/2013\/12\/ataturk-keban-karakaya-birecik-tam-kapasite-calisiyor-500x334.jpg 500w, https:\/\/www.enerjigazetesi.ist\/wp-content\/uploads\/2013\/12\/ataturk-keban-karakaya-birecik-tam-kapasite-calisiyor-74x50.jpg 74w, https:\/\/www.enerjigazetesi.ist\/wp-content\/uploads\/2013\/12\/ataturk-keban-karakaya-birecik-tam-kapasite-calisiyor.jpg 505w\" sizes=\"(max-width: 300px) 100vw, 300px\" \/><\/a>\u00e7al\u0131\u015ft\u0131r\u0131lan santraller son haftalarda t\u00fcketimin artmas\u0131yla ba\u015f g\u00f6steren gaz arz\u0131 problemi nedeniyle son 15 g\u00fcnd\u00fcr tam kapasite ile \u00e7al\u0131\u015ft\u0131r\u0131l\u0131yor.\u00a0<\/strong><\/p>\n<div>Edinilen bilgiye g\u00f6re, f\u0131rat nehri yata\u011f\u0131ndaki su seviyesi y\u00fckseldi. S\u0131n\u0131r\u0131n \u00f6teki yan\u0131nda ya\u015fanan olas\u0131 su ta\u015fk\u0131nlar\u0131 nedeniyle Suriye y\u00f6netiminin itirazda bulunabilece\u011fi endi\u015fesi ta\u015f\u0131n\u0131yor. Bir di\u011fer tehlike olarak, \u00f6n\u00fcm\u00fczdeki y\u0131lda ya\u011f\u0131\u015flar\u0131n durumuna ba\u011fl\u0131 yetersiz sulamaya neden olacak kurakl\u0131k tehlikesiyle y\u00fczle\u015fmesinden korkuluyor.<\/div>\n<div><\/div>\n<div>Son haftalarda, F\u0131rat Nehri yata\u011f\u0131nda bulunan Karkam\u0131\u015f, Keban, Karakaya ve Birecik Hidroelektrik santralleri arz a\u00e7\u0131\u011f\u0131n\u0131 kapatmak i\u00e7in tam kapasite \u00e7al\u0131\u015f\u0131yor.<\/div>\n<div><\/div>\n<div>Kaynak: <a href=\"http:\/\/enerjienstitusu.com\/2013\/12\/18\/ataturk-keban-karakaya-birecik-tam-kapasite-calisiyor\/\" target=\"_blank\">Enerji Enstit\u00fcs\u00fc<\/a><\/div>\n<p><\/p>","protected":false},"excerpt":{"rendered":"<p>Sorry, this entry is only available in Turkish. For the sake of viewer convenience, the content is shown below in the alternative language. You may click the link to switch the active language.Atat\u00fcrk Baraj\u0131 tam kapasite \u00e7al\u0131\u015farak elektrik \u00fcretimi ger\u00e7ekle\u015ftiriyor. Normalde, k\u0131smi olarak \u00e7al\u0131\u015ft\u0131r\u0131lan santraller son haftalarda t\u00fcketimin artmas\u0131yla ba\u015f g\u00f6steren gaz arz\u0131 problemi nedeniyle [&hellip;]<\/p>\n","protected":false},"author":1,"featured_media":19529,"comment_status":"open","ping_status":"open","sticky":false,"template":"","format":"standard","meta":[],"categories":[53,47],"tags":[11359,11362,19,63,67,1009,165,35370,1090,11361,11360,11363],"views":1147,"_links":{"self":[{"href":"https:\/\/www.enerjigazetesi.ist\/en\/wp-json\/wp\/v2\/posts\/19528"}],"collection":[{"href":"https:\/\/www.enerjigazetesi.ist\/en\/wp-json\/wp\/v2\/posts"}],"about":[{"href":"https:\/\/www.enerjigazetesi.ist\/en\/wp-json\/wp\/v2\/types\/post"}],"author":[{"embeddable":true,"href":"https:\/\/www.enerjigazetesi.ist\/en\/wp-json\/wp\/v2\/users\/1"}],"replies":[{"embeddable":true,"href":"https:\/\/www.enerjigazetesi.ist\/en\/wp-json\/wp\/v2\/comments?post=19528"}],"version-history":[{"count":2,"href":"https:\/\/www.enerjigazetesi.ist\/en\/wp-json\/wp\/v2\/posts\/19528\/revisions"}],"predecessor-version":[{"id":19532,"href":"https:\/\/www.enerjigazetesi.ist\/en\/wp-json\/wp\/v2\/posts\/19528\/revisions\/19532"}],"wp:featuredmedia":[{"embeddable":true,"href":"https:\/\/www.enerjigazetesi.ist\/en\/wp-json\/wp\/v2\/media\/19529"}],"wp:attachment":[{"href":"https:\/\/www.enerjigazetesi.ist\/en\/wp-json\/wp\/v2\/media?parent=19528"}],"wp:term":[{"taxonomy":"category","embeddable":true,"href":"https:\/\/www.enerjigazetesi.ist\/en\/wp-json\/wp\/v2\/categories?post=19528"},{"taxonomy":"post_tag","embeddable":true,"href":"https:\/\/www.enerjigazetesi.ist\/en\/wp-json\/wp\/v2\/tags?post=19528"}],"curies":[{"name":"wp","href":"https:\/\/api.w.org\/{rel}","templated":true}]}}