{"id":195249,"date":"2025-02-17T14:32:22","date_gmt":"2025-02-17T11:32:22","guid":{"rendered":"https:\/\/www.enerjigazetesi.ist\/?p=195249"},"modified":"2025-02-17T14:32:22","modified_gmt":"2025-02-17T11:32:22","slug":"odas-trakya-kariyer-fuarinin-altin-sponsoru-oldu","status":"publish","type":"post","link":"https:\/\/www.enerjigazetesi.ist\/en\/odas-trakya-kariyer-fuarinin-altin-sponsoru-oldu\/","title":{"rendered":"(Turkish) &#8217;ODA\u015e&#8217; Trakya Kariyer Fuar\u0131\u2019n\u0131n Alt\u0131n Sponsoru Oldu"},"content":{"rendered":"<p class=\"qtranxs-available-languages-message qtranxs-available-languages-message-en\">Sorry, this entry is only available in <a href=\"https:\/\/www.enerjigazetesi.ist\/tr\/wp-json\/wp\/v2\/posts\/195249\" class=\"qtranxs-available-language-link qtranxs-available-language-link-tr\" title=\"Turkish\">Turkish<\/a>. For the sake of viewer convenience, the content is shown below in the alternative language. You may click the link to switch the active language.<\/p><p><\/p>\n<h2><strong>Bu y\u0131l 17-18 \u015eubat tarihlerinde \u00c7anakkale Onsekiz Mart \u00dcniversitesi \u0130\u00c7DA\u015e Kongre Merkezi\u2019nde d\u00fczenlenecek Trakya Kariyer Fuar\u0131\u2019n\u0131n alt\u0131n sponsoru ODA\u015e oldu.<\/strong><\/h2>\n<p style=\"text-align: center;\"><img loading=\"lazy\" class=\"aligncenter wp-image-195252\" src=\"https:\/\/www.enerjigazetesi.ist\/wp-content\/uploads\/2025\/02\/odas-trakya-kariyer-fuarinin-altin-sponsoru-oldu.jpg\" alt=\"\" width=\"500\" height=\"307\" srcset=\"https:\/\/www.enerjigazetesi.ist\/wp-content\/uploads\/2025\/02\/odas-trakya-kariyer-fuarinin-altin-sponsoru-oldu.jpg 550w, https:\/\/www.enerjigazetesi.ist\/wp-content\/uploads\/2025\/02\/odas-trakya-kariyer-fuarinin-altin-sponsoru-oldu-300x184.jpg 300w, https:\/\/www.enerjigazetesi.ist\/wp-content\/uploads\/2025\/02\/odas-trakya-kariyer-fuarinin-altin-sponsoru-oldu-500x307.jpg 500w, https:\/\/www.enerjigazetesi.ist\/wp-content\/uploads\/2025\/02\/odas-trakya-kariyer-fuarinin-altin-sponsoru-oldu-80x50.jpg 80w\" sizes=\"(max-width: 500px) 100vw, 500px\" \/><\/p>\n<p>Cumhurba\u015fkanl\u0131\u011f\u0131 \u0130nsan Kaynaklar\u0131 Ofisi (CB\u0130KO) koordinasyonunda \u201cYetenek Her Yerde\u201d temas\u0131yla d\u00fczenlenen Trakya Kariyer Fuar\u0131 (TRAKYAKAF), bu y\u0131l 17-18 \u015eubat tarihlerinde \u00c7anakkale\u2019de ger\u00e7ekle\u015ftirilecek. ODA\u015e \u00c7anakkale Onsekiz Mart \u00dcniversitesi (\u00c7OM\u00dc) ile 2024 y\u0131l\u0131nda imzalad\u0131\u011f\u0131 i\u015f birli\u011fi protokol\u00fc \u00e7er\u00e7evesinde fuar\u0131n alt\u0131n sponsoru olarak, gen\u00e7 yeteneklerin ke\u015ffedilmesine ve kariyer hedeflerine ula\u015fmalar\u0131na katk\u0131 sa\u011flamay\u0131 hedefliyor. Enerji, turizm ve madencilik gibi farkl\u0131 sekt\u00f6rlerdeki faaliyetleriyle T\u00fcrkiye\u2019nin gen\u00e7lerine yat\u0131r\u0131m yapan, nitelikli i\u015f g\u00fcc\u00fcn\u00fcn ekonomiye kazand\u0131r\u0131lmas\u0131na ve gelece\u011fin liderlerinin yeti\u015fmesine destek olan ODA\u015e, Trakya Kariyer Fuar\u0131\u2019na verdi\u011fi alt\u0131n sponsorluk deste\u011finin yan\u0131 s\u0131ra farkl\u0131 sekt\u00f6rlerdeki uzmanl\u0131\u011f\u0131n\u0131 ve tecr\u00fcbelerini payla\u015farak kat\u0131l\u0131mc\u0131lara ilham vermeyi ama\u00e7l\u0131yor.<\/p>\n<h3><strong>ODA\u015e Gen\u00e7 Yetenekleri Stand\u0131nda A\u011f\u0131rlayacak<\/strong><\/h3>\n<p>\u00c7anakkale Onsekiz Mart \u00dcniversitesi, Trakya \u00dcniversitesi, Tekirda\u011f Nam\u0131k Kemal \u00dcniversitesi, K\u0131rklareli \u00dcniversitesi ve Band\u0131rma Onyedi Eyl\u00fcl \u00dcniversitesi payda\u015fl\u0131\u011f\u0131nda ger\u00e7ekle\u015fecek fuarda, ODA\u015e gen\u00e7 yetenekler ve yeni mezunlarla stand\u0131ndaki e\u011flenceli aktiviteler ve s\u00f6yle\u015filerde bulu\u015facak. Ayr\u0131ca, fuar s\u00fcresince seminerler, at\u00f6lye \u00e7al\u0131\u015fmalar\u0131, bilgilendirme oturumlar\u0131 ve m\u00fclakat sim\u00fclasyonlar\u0131 gibi bir\u00e7ok ki\u015fisel ve mesleki geli\u015fim etkinli\u011fi d\u00fczenlenecek. ODA\u015e\u2019\u0131n \u00e7al\u0131\u015fma k\u00fclt\u00fcr\u00fcn\u00fcn ve i\u015f s\u00fcre\u00e7lerinin anlat\u0131laca\u011f\u0131 etkinliklerde gen\u00e7ler, enerji, maden ve turizm sekt\u00f6rlerindeki geli\u015fmeleri ODA\u015e\u2019l\u0131 uzmanlardan dinleyecek. \u201cGelece\u011fi Enerjinle D\u00f6n\u00fc\u015ft\u00fcr\u201d staj program\u0131n\u0131n detaylar\u0131 ve ba\u015fvuru s\u00fcre\u00e7leri hakk\u0131nda bilgi edinme imkan\u0131 bulacak \u00f6\u011frenciler, CV\u2019lerini ODA\u015e\u2019la payla\u015farak kariyerlerine g\u00fc\u00e7l\u00fc bir ba\u015flang\u0131\u00e7 yapmak i\u00e7in \u00f6nemli f\u0131rsat yakalayacak.<\/p>\n<p>ODA\u015e\u2019\u0131n gen\u00e7lerin geli\u015fimine destek olmay\u0131 g\u00f6rev olarak g\u00f6r\u00fcyor. Bu \u00e7er\u00e7evede 2024 y\u0131l\u0131nda \u00c7anakkale Onsekiz Mart \u00dcniversitesi ile bir protokol imzalayan ODA\u015e, d\u00fczenledi\u011fi staj programlar\u0131 ve teknik gezilerle \u00f6\u011frencileri sekt\u00f6r profesyonelleriyle bulu\u015fturuyor. \u00c7an2 Termik Santrali\u2019ni ziyaret eden \u00c7OM\u00dc \u00f6\u011frencileri enerji \u00fcretim s\u00fcre\u00e7lerini uzmanlardan birebir \u00f6\u011frenme ve teorik bilgilerini sahada peki\u015ftirme f\u0131rsat\u0131 buluyor. Santralde bir d\u00f6nem boyunca s\u00fcren staj program\u0131nda ise son s\u0131n\u0131f \u00f6\u011frencileri, enerji sekt\u00f6r\u00fcnde kariyerlerine ilk ad\u0131mlar\u0131n\u0131 at\u0131yor.<\/p>","protected":false},"excerpt":{"rendered":"<p>Sorry, this entry is only available in Turkish. For the sake of viewer convenience, the content is shown below in the alternative language. You may click the link to switch the active language. Bu y\u0131l 17-18 \u015eubat tarihlerinde \u00c7anakkale Onsekiz Mart \u00dcniversitesi \u0130\u00c7DA\u015e Kongre Merkezi\u2019nde d\u00fczenlenecek Trakya Kariyer Fuar\u0131\u2019n\u0131n alt\u0131n sponsoru ODA\u015e oldu. Cumhurba\u015fkanl\u0131\u011f\u0131 \u0130nsan [&hellip;]<\/p>\n","protected":false},"author":1,"featured_media":195252,"comment_status":"open","ping_status":"open","sticky":false,"template":"","format":"standard","meta":[],"categories":[51,53,24649],"tags":[116112,116114,116113,165,60818,9321,16376,72791,116111,116109,116110],"views":13,"_links":{"self":[{"href":"https:\/\/www.enerjigazetesi.ist\/en\/wp-json\/wp\/v2\/posts\/195249"}],"collection":[{"href":"https:\/\/www.enerjigazetesi.ist\/en\/wp-json\/wp\/v2\/posts"}],"about":[{"href":"https:\/\/www.enerjigazetesi.ist\/en\/wp-json\/wp\/v2\/types\/post"}],"author":[{"embeddable":true,"href":"https:\/\/www.enerjigazetesi.ist\/en\/wp-json\/wp\/v2\/users\/1"}],"replies":[{"embeddable":true,"href":"https:\/\/www.enerjigazetesi.ist\/en\/wp-json\/wp\/v2\/comments?post=195249"}],"version-history":[{"count":0,"href":"https:\/\/www.enerjigazetesi.ist\/en\/wp-json\/wp\/v2\/posts\/195249\/revisions"}],"wp:featuredmedia":[{"embeddable":true,"href":"https:\/\/www.enerjigazetesi.ist\/en\/wp-json\/wp\/v2\/media\/195252"}],"wp:attachment":[{"href":"https:\/\/www.enerjigazetesi.ist\/en\/wp-json\/wp\/v2\/media?parent=195249"}],"wp:term":[{"taxonomy":"category","embeddable":true,"href":"https:\/\/www.enerjigazetesi.ist\/en\/wp-json\/wp\/v2\/categories?post=195249"},{"taxonomy":"post_tag","embeddable":true,"href":"https:\/\/www.enerjigazetesi.ist\/en\/wp-json\/wp\/v2\/tags?post=195249"}],"curies":[{"name":"wp","href":"https:\/\/api.w.org\/{rel}","templated":true}]}}