{"id":195182,"date":"2025-02-14T15:10:32","date_gmt":"2025-02-14T12:10:32","guid":{"rendered":"https:\/\/www.enerjigazetesi.ist\/?p=195182"},"modified":"2025-02-14T15:26:07","modified_gmt":"2025-02-14T12:26:07","slug":"sabanci-8-sirketiyle-cdp-kuresel-liderler-listesinde","status":"publish","type":"post","link":"https:\/\/www.enerjigazetesi.ist\/en\/sabanci-8-sirketiyle-cdp-kuresel-liderler-listesinde\/","title":{"rendered":"(Turkish) &#8217;Sabanc\u0131&#8217; 8 \u015eirketiyle CDP K\u00fcresel Liderler Listesinde"},"content":{"rendered":"<p class=\"qtranxs-available-languages-message qtranxs-available-languages-message-en\">Sorry, this entry is only available in <a href=\"https:\/\/www.enerjigazetesi.ist\/tr\/wp-json\/wp\/v2\/posts\/195182\" class=\"qtranxs-available-language-link qtranxs-available-language-link-tr\" title=\"Turkish\">Turkish<\/a>. For the sake of viewer convenience, the content is shown below in the alternative language. You may click the link to switch the active language.<\/p><p><\/p>\n<h2>D\u00fcnyan\u0131n \u00f6nde gelen \u00e7evresel raporlama platformunu y\u00f6neten, k\u00e2r amac\u0131 g\u00fctmeyen ve k\u00fcresel bir kurulu\u015f olan Carbon Disclosure Project (CDP), 2024 y\u0131l\u0131 K\u00fcresel Liderler listesini yay\u0131mlad\u0131. S\u00fcrd\u00fcr\u00fclebilir ya\u015fama hizmet etmeyi, Topluluk Vaadi\u2019nin merkezine koyan Sabanc\u0131, listede 8 \u015firketiyle yer alarak s\u00fcrd\u00fcr\u00fclebilirlik alan\u0131ndaki \u00f6nc\u00fc konumunu bir kez daha ortaya koydu.<\/h2>\n<p>Sabanc\u0131 Holding\u2019in yan\u0131 s\u0131ra, CDP\u2019ye raporlama yapan di\u011fer 10 Topluluk \u015firketi aras\u0131nda yer alan Akbank, Brisa, Carrefoursa, \u00c7imsa, Enerjisa Enerji, Kordsa ve Teknosa listede T\u00fcrk i\u015f d\u00fcnyas\u0131n\u0131 temsil etmeyi ba\u015fard\u0131. Ge\u00e7ti\u011fimiz y\u0131l, K\u00fcresel Liderler listesinde 5 \u015firketi bulunan Sabanc\u0131 Toplulu\u011fu, bu say\u0131y\u0131 8\u2019e \u00e7\u0131kar\u0131rken, b\u00f6ylece listede bug\u00fcne kadarki en y\u00fcksek temsil oran\u0131na ula\u015ft\u0131.<\/p>\n<h3><strong>\u201cK\u00dcRESEL L\u0130DERL\u0130KTE %73 \u0130LE TAR\u0130H\u0130M\u0130Z\u0130N EN Y\u00dcKSEK TEMS\u0130L ORANINA ULA\u015eTIK\u201d<\/strong><\/h3>\n<div id=\"attachment_195183\" style=\"width: 510px\" class=\"wp-caption aligncenter\"><img aria-describedby=\"caption-attachment-195183\" loading=\"lazy\" class=\"wp-image-195183\" src=\"https:\/\/www.enerjigazetesi.ist\/wp-content\/uploads\/2025\/02\/1739428286_Cenk_Alper.jpg\" alt=\"\" width=\"500\" height=\"353\" srcset=\"https:\/\/www.enerjigazetesi.ist\/wp-content\/uploads\/2025\/02\/1739428286_Cenk_Alper.jpg 550w, https:\/\/www.enerjigazetesi.ist\/wp-content\/uploads\/2025\/02\/1739428286_Cenk_Alper-300x212.jpg 300w, https:\/\/www.enerjigazetesi.ist\/wp-content\/uploads\/2025\/02\/1739428286_Cenk_Alper-500x353.jpg 500w, https:\/\/www.enerjigazetesi.ist\/wp-content\/uploads\/2025\/02\/1739428286_Cenk_Alper-71x50.jpg 71w\" sizes=\"(max-width: 500px) 100vw, 500px\" \/><p id=\"caption-attachment-195183\" class=\"wp-caption-text\">Sabanc\u0131 Holding CEO\u2019su Cenk Alper<\/p><\/div>\n<p>Konuyla ilgili de\u011ferlendirmelerde bulunan <strong>Sabanc\u0131 Holding CEO\u2019su Cenk Alper<\/strong>, s\u00fcrd\u00fcr\u00fclebilirlik alan\u0131ndaki kapsay\u0131c\u0131 \u00e7al\u0131\u015fmalar\u0131n\u0131n d\u00fcnyan\u0131n \u00f6nde gelen kurulu\u015flar\u0131 taraf\u0131ndan \u00f6d\u00fcllendirilmesinden b\u00fcy\u00fck memnuniyet duyduklar\u0131n\u0131n alt\u0131n\u0131 \u00e7izerken, <em>\u201cFaaliyet g\u00f6sterdi\u011fimiz t\u00fcm alanlarda, k\u00fcresel \u00f6l\u00e7ekte en iyi s\u00fcrd\u00fcr\u00fclebilirlik uygulamalar\u0131n\u0131 i\u015flerimize entegre ediyoruz. Bizim \u00f6l\u00e7e\u011fimizdeki bir yat\u0131r\u0131m holdingi i\u00e7in, b\u00f6ylesine bir adanm\u0131\u015fl\u0131k \u015f\u00fcphesiz bir\u00e7ok zorlu\u011fu da beraberinde getiriyor. Ama geldi\u011fimiz noktada, s\u00fcrd\u00fcr\u00fclebilirlik konusunda kal\u0131c\u0131 ba\u015far\u0131n\u0131n yolu zorluklara g\u00f6\u011f\u00fcs germekten, kararl\u0131l\u0131kla m\u00fccadeleden ge\u00e7iyor. Bu sonu\u00e7lar, Sabanc\u0131\u2019n\u0131n bu alandaki kararl\u0131l\u0131\u011f\u0131n en g\u00fc\u00e7l\u00fc g\u00f6stergesi. Bug\u00fcn Sabanc\u0131 Holding ile birlikte, CDP\u2019ye raporlama yapan 11 \u015firketimizden 8\u2019i K\u00fcresel Liderler aras\u0131nda yer al\u0131yor. Kalan 3 \u015firketimizden 1\u2019i T\u00fcrkiye Liderleri listesindeyken, 2\u2019si ise Y\u00f6netim seviyesinde temsil ediliyor. Toplulu\u011fumuzun yakla\u015f\u0131k %73\u2019\u00fc k\u00fcresel liderlik seviyesinde yer al\u0131yor ki bu oran, d\u00fcnya genelinde bizim \u00f6l\u00e7e\u011fimizdeki yat\u0131r\u0131m holdingleri aras\u0131nda ula\u015f\u0131lmas\u0131 son derece g\u00fc\u00e7 bir seviye. Bu ayn\u0131 zamanda, Sabanc\u0131 tarihinde de ula\u015ft\u0131\u011f\u0131m\u0131z en y\u00fcksek temsil oran\u0131. Topluluk Vaadimizin merkezinde yer alan s\u00fcrd\u00fcr\u00fclebilirli\u011fi b\u00f6ylesine i\u00e7ten sahiplenen t\u00fcm \u015firketlerimize te\u015fekk\u00fcr ediyorum\u201d<\/em> dedi.<\/p>\n<p>Sabanc\u0131 Toplulu\u011fu \u015firketleri CDP K\u00fcresel Liderler listesinde yer alarak, s\u00fcrd\u00fcr\u00fclebilirlik stratejisi, iklim de\u011fi\u015fikli\u011fi ve su g\u00fcvenli\u011fi gibi alanlarda att\u0131\u011f\u0131 somut ad\u0131mlarla, y\u00fcksek performans\u0131 ve \u015feffafl\u0131k anlay\u0131\u015f\u0131yla d\u00fcnya \u00e7ap\u0131nda 20 binden fazla \u015firket aras\u0131nda \u00f6ne \u00e7\u0131k\u0131yor.<\/p>\n<p>Yay\u0131na Alan: Alperen ERTA\u015e &#8211;\u00a0<a href=\"mailto:alperen.ertas@enerjigazetesi.ist\" target=\"_blank\" rel=\"noopener\">alperen.ertas@enerjigazetesi.ist<\/a><\/p>","protected":false},"excerpt":{"rendered":"<p>Sorry, this entry is only available in Turkish. For the sake of viewer convenience, the content is shown below in the alternative language. You may click the link to switch the active language. D\u00fcnyan\u0131n \u00f6nde gelen \u00e7evresel raporlama platformunu y\u00f6neten, k\u00e2r amac\u0131 g\u00fctmeyen ve k\u00fcresel bir kurulu\u015f olan Carbon Disclosure Project (CDP), 2024 y\u0131l\u0131 K\u00fcresel [&hellip;]<\/p>\n","protected":false},"author":19,"featured_media":195184,"comment_status":"open","ping_status":"open","sticky":false,"template":"","format":"standard","meta":[],"categories":[53,52],"tags":[48464,116092,116088,105],"views":15,"_links":{"self":[{"href":"https:\/\/www.enerjigazetesi.ist\/en\/wp-json\/wp\/v2\/posts\/195182"}],"collection":[{"href":"https:\/\/www.enerjigazetesi.ist\/en\/wp-json\/wp\/v2\/posts"}],"about":[{"href":"https:\/\/www.enerjigazetesi.ist\/en\/wp-json\/wp\/v2\/types\/post"}],"author":[{"embeddable":true,"href":"https:\/\/www.enerjigazetesi.ist\/en\/wp-json\/wp\/v2\/users\/19"}],"replies":[{"embeddable":true,"href":"https:\/\/www.enerjigazetesi.ist\/en\/wp-json\/wp\/v2\/comments?post=195182"}],"version-history":[{"count":0,"href":"https:\/\/www.enerjigazetesi.ist\/en\/wp-json\/wp\/v2\/posts\/195182\/revisions"}],"wp:featuredmedia":[{"embeddable":true,"href":"https:\/\/www.enerjigazetesi.ist\/en\/wp-json\/wp\/v2\/media\/195184"}],"wp:attachment":[{"href":"https:\/\/www.enerjigazetesi.ist\/en\/wp-json\/wp\/v2\/media?parent=195182"}],"wp:term":[{"taxonomy":"category","embeddable":true,"href":"https:\/\/www.enerjigazetesi.ist\/en\/wp-json\/wp\/v2\/categories?post=195182"},{"taxonomy":"post_tag","embeddable":true,"href":"https:\/\/www.enerjigazetesi.ist\/en\/wp-json\/wp\/v2\/tags?post=195182"}],"curies":[{"name":"wp","href":"https:\/\/api.w.org\/{rel}","templated":true}]}}