{"id":195063,"date":"2025-02-11T14:40:38","date_gmt":"2025-02-11T11:40:38","guid":{"rendered":"https:\/\/www.enerjigazetesi.ist\/?p=195063"},"modified":"2025-02-11T14:40:38","modified_gmt":"2025-02-11T11:40:38","slug":"etmd-baskanligina-cemil-topak-yeniden-secildi","status":"publish","type":"post","link":"https:\/\/www.enerjigazetesi.ist\/en\/etmd-baskanligina-cemil-topak-yeniden-secildi\/","title":{"rendered":"(Turkish) ETMD Ba\u015fkanl\u0131\u011f\u0131na Cemil Topak Yeniden Se\u00e7ildi"},"content":{"rendered":"<p class=\"qtranxs-available-languages-message qtranxs-available-languages-message-en\">Sorry, this entry is only available in <a href=\"https:\/\/www.enerjigazetesi.ist\/tr\/wp-json\/wp\/v2\/posts\/195063\" class=\"qtranxs-available-language-link qtranxs-available-language-link-tr\" title=\"Turkish\">Turkish<\/a>. For the sake of viewer convenience, the content is shown below in the alternative language. You may click the link to switch the active language.<\/p><p><\/p>\n<h2>Elektrik M\u00fchendisleri Derne\u011fi (ETMD) 13. D\u00f6nem Ola\u011fan Genel Kurulu toplant\u0131s\u0131 08 \u015eubat 2025 Cumartesi g\u00fcn\u00fc \u0130stanbul Hilton Kozyata\u011f\u0131 otelde ger\u00e7ekle\u015fti.<\/h2>\n<p style=\"text-align: center;\"><img loading=\"lazy\" class=\"aligncenter wp-image-195065\" src=\"https:\/\/www.enerjigazetesi.ist\/wp-content\/uploads\/2025\/02\/etmd-baskanligina-cemil-topak-yeniden-secildi.jpg\" alt=\"\" width=\"500\" height=\"283\" srcset=\"https:\/\/www.enerjigazetesi.ist\/wp-content\/uploads\/2025\/02\/etmd-baskanligina-cemil-topak-yeniden-secildi.jpg 550w, https:\/\/www.enerjigazetesi.ist\/wp-content\/uploads\/2025\/02\/etmd-baskanligina-cemil-topak-yeniden-secildi-300x170.jpg 300w, https:\/\/www.enerjigazetesi.ist\/wp-content\/uploads\/2025\/02\/etmd-baskanligina-cemil-topak-yeniden-secildi-500x283.jpg 500w, https:\/\/www.enerjigazetesi.ist\/wp-content\/uploads\/2025\/02\/etmd-baskanligina-cemil-topak-yeniden-secildi-80x45.jpg 80w\" sizes=\"(max-width: 500px) 100vw, 500px\" \/><\/p>\n<p>Al\u0131nan bilgiye g\u00f6re, Genel Kurul a\u00e7\u0131l\u0131\u015f konu\u015fmas\u0131n\u0131 12. D\u00f6nem ETMD Y\u00f6netim Kurulu Ba\u015fkan\u0131 Cemil Topak yapt\u0131. Cemil Topak konu\u015fmas\u0131nda 12. D\u00f6nemde yapt\u0131klar\u0131 \u00e7al\u0131\u015fmalardan bahsetti. Sonras\u0131nda y\u00f6netim kurulu faaliyet raporu, denetim raporu okunarak ibra edildi. Dernek T\u00fcz\u00fc\u011f\u00fc i\u00e7in verilen de\u011fi\u015fiklik talepleri ve derne\u011fin tahmini b\u00fct\u00e7esi kabule sunuldu ve oy birli\u011fi ile kabul edildi.<\/p>\n<p>Son olarak 13.d\u00f6nem Elektrik M\u00fchendisleri Derne\u011fi (ETMD) As\u0131l ve Yedek Y\u00f6netim Kurulu ve Organ se\u00e7imleri oy birli\u011fi ile kabul edildi.<\/p>\n<h3><strong>ETMD 13. D\u00f6nemde g\u00f6rev alacak Y\u00f6netim Kurulu\u00a0<\/strong><\/h3>\n<h4><strong>Y\u00f6netim Kurulu As\u0131l \u00dcyeler<\/strong><\/h4>\n<p>1-Cemil TOPAK<\/p>\n<p>2-Mehmet DEM\u0130REL<\/p>\n<p>3-Alper \u00c7ELEB\u0130<\/p>\n<p>4-Prof.Dr. Ozan ERD\u0130N\u00c7<\/p>\n<p>5-Orkun EST\u0130K<\/p>\n<p>6-Halit KUMRAL<\/p>\n<p>7-Faruk BA\u015eAR<\/p>\n<p>8-Deniz AR<\/p>\n<p>9-Harun \u00d6ND\u00dcL<\/p>\n<p>10-Nam\u0131k DEM\u0130RA\u011e<\/p>\n<p>11-Okan CANT\u00dcRK<\/p>\n<p>12-Ali \u00c7ET\u0130NDAL<\/p>\n<p>13-U\u011fur VARLIK<\/p>\n<p>14-Altu\u011f \u015eENOL<\/p>\n<p>15-Ender DEM\u0130RAY<\/p>\n<h4><strong>Y\u00f6netim Kurulu Yedek \u00dcyeler<\/strong><\/h4>\n<p>1-Tahsin ARMA\u011eAN<\/p>\n<p>2-Ediz YANIKO\u011eLU<\/p>\n<p>3-Yetkin GEN\u00c7<\/p>\n<p>4-\u0130lhan YALAV<\/p>\n<p>5-Ozan \u00d6NSEL<\/p>\n<p>6-Ethem CAN<\/p>\n<p>7-Altu\u011f BA\u015eARAN<\/p>\n<p>8-Erman SARITA\u015e<\/p>\n<p>9-Sebahhatin T\u00dcRKO\u011eLU<\/p>\n<p>10-\u0130brahim \u00d6ZTAN<\/p>\n<p>11-Sefer \u00c7OBAN<\/p>\n<p>12-Zeynel Abidin AYYILDIZ<\/p>\n<p>13-Umut EK\u0130C\u0130<\/p>\n<p>14-\u0130rfan DEM\u0130RAY<\/p>\n<p>15-Serdar AKSOY<\/p>\n<h4><strong>Denetim Kurulu As\u0131l \u00dcyeler<\/strong><\/h4>\n<p>1-Tuncer \u00d6ZEKL\u0130<\/p>\n<p>2-Etem BAKA\u00c7<\/p>\n<p>3-\u0130lker \u00c7INAR<\/p>\n<h4><strong>Denetim Kurulu Yedek \u00dcyeler<\/strong><\/h4>\n<p>1-Bihter \u00dcNL\u00dcSOY<\/p>\n<p>2-\u015eerafettin UZUN<\/p>\n<p>3-Halit CEB\u0130<\/p>\n<h4><strong>\u00dcye De\u011ferlendirme Kurulu As\u0131l \u00dcyeler<\/strong><\/h4>\n<p>1-Demir \u00c7ORBACI<\/p>\n<p>2-Mustafa FAZLIO\u011eLU<\/p>\n<p>3-G\u00fclcan \u00d6Z\u00c7EL\u0130K<\/p>\n<h4><strong>\u00dcye De\u011ferlendirme Kurulu Yedek \u00dcyeler<\/strong><\/h4>\n<p>1-Ba\u015fak BOZKURT<\/p>\n<p>2-Ebru KURUCU<\/p>\n<p>3-Vahit PETEK<\/p>\n<h4><strong>Onur Kurulu As\u0131l \u00dcyeler<\/strong><\/h4>\n<p>1-\u0130smet DEFNE<\/p>\n<p>2-Yusuf Hikmet KAYA<\/p>\n<p>3-Mustafa CEMALO\u011eLU<\/p>\n<h4><strong>Onur Kurulu Yedek \u00dcyeler<\/strong><\/h4>\n<p>1-Mehmet PAK<\/p>\n<p>2-Prof.Dr. Adnan KAYPAZ<\/p>\n<p>3-Medih ERTAN<\/p>\n<p>Kaynak: <a href=\"https:\/\/yatirimlar.com\/haber\/elektrik-muhendisleri-dernegi-etmd-baskanligina-cemil-topak-yeniden-secildi_231067\" target=\"_blank\" rel=\"noopener\">Yat\u0131r\u0131mlar Dergisi<\/a><\/p>","protected":false},"excerpt":{"rendered":"<p>Sorry, this entry is only available in Turkish. For the sake of viewer convenience, the content is shown below in the alternative language. You may click the link to switch the active language. Elektrik M\u00fchendisleri Derne\u011fi (ETMD) 13. D\u00f6nem Ola\u011fan Genel Kurulu toplant\u0131s\u0131 08 \u015eubat 2025 Cumartesi g\u00fcn\u00fc \u0130stanbul Hilton Kozyata\u011f\u0131 otelde ger\u00e7ekle\u015fti. Al\u0131nan bilgiye [&hellip;]<\/p>\n","protected":false},"author":1,"featured_media":195065,"comment_status":"open","ping_status":"open","sticky":false,"template":"","format":"standard","meta":[],"categories":[51,53],"tags":[116049,116048],"views":18,"_links":{"self":[{"href":"https:\/\/www.enerjigazetesi.ist\/en\/wp-json\/wp\/v2\/posts\/195063"}],"collection":[{"href":"https:\/\/www.enerjigazetesi.ist\/en\/wp-json\/wp\/v2\/posts"}],"about":[{"href":"https:\/\/www.enerjigazetesi.ist\/en\/wp-json\/wp\/v2\/types\/post"}],"author":[{"embeddable":true,"href":"https:\/\/www.enerjigazetesi.ist\/en\/wp-json\/wp\/v2\/users\/1"}],"replies":[{"embeddable":true,"href":"https:\/\/www.enerjigazetesi.ist\/en\/wp-json\/wp\/v2\/comments?post=195063"}],"version-history":[{"count":0,"href":"https:\/\/www.enerjigazetesi.ist\/en\/wp-json\/wp\/v2\/posts\/195063\/revisions"}],"wp:featuredmedia":[{"embeddable":true,"href":"https:\/\/www.enerjigazetesi.ist\/en\/wp-json\/wp\/v2\/media\/195065"}],"wp:attachment":[{"href":"https:\/\/www.enerjigazetesi.ist\/en\/wp-json\/wp\/v2\/media?parent=195063"}],"wp:term":[{"taxonomy":"category","embeddable":true,"href":"https:\/\/www.enerjigazetesi.ist\/en\/wp-json\/wp\/v2\/categories?post=195063"},{"taxonomy":"post_tag","embeddable":true,"href":"https:\/\/www.enerjigazetesi.ist\/en\/wp-json\/wp\/v2\/tags?post=195063"}],"curies":[{"name":"wp","href":"https:\/\/api.w.org\/{rel}","templated":true}]}}