{"id":195018,"date":"2025-02-11T11:46:41","date_gmt":"2025-02-11T08:46:41","guid":{"rendered":"https:\/\/www.enerjigazetesi.ist\/?p=195018"},"modified":"2025-02-11T11:47:27","modified_gmt":"2025-02-11T08:47:27","slug":"kalyon-pvde-talep-toplama-sureci-basariyla-tamamlandi","status":"publish","type":"post","link":"https:\/\/www.enerjigazetesi.ist\/en\/kalyon-pvde-talep-toplama-sureci-basariyla-tamamlandi\/","title":{"rendered":"(Turkish) &#8217;Kalyon PV\u2019de Talep Toplama S\u00fcreci Ba\u015far\u0131yla Tamamland\u0131"},"content":{"rendered":"<p class=\"qtranxs-available-languages-message qtranxs-available-languages-message-en\">Sorry, this entry is only available in <a href=\"https:\/\/www.enerjigazetesi.ist\/tr\/wp-json\/wp\/v2\/posts\/195018\" class=\"qtranxs-available-language-link qtranxs-available-language-link-tr\" title=\"Turkish\">Turkish<\/a>. For the sake of viewer convenience, the content is shown below in the alternative language. You may click the link to switch the active language.<\/p><p><\/p>\n<h2>G\u00fcne\u015f paneli de\u011fer zincirinin her a\u015famas\u0131nda yer alan Avrupa\u2019n\u0131n ilk dikey entegre tesisi Kalyon G\u00fcne\u015f Teknolojileri \u00dcretim A.\u015e. (Kalyon PV)\u2019nin halka arz\u0131nda talep toplama s\u00fcreci ba\u015far\u0131yla sonu\u00e7land\u0131.<\/h2>\n<p style=\"text-align: center;\"><img loading=\"lazy\" class=\"aligncenter wp-image-195022\" src=\"https:\/\/www.enerjigazetesi.ist\/wp-content\/uploads\/2025\/02\/1739191428_Kalyon_PV__2_.jpg\" alt=\"\" width=\"500\" height=\"334\" srcset=\"https:\/\/www.enerjigazetesi.ist\/wp-content\/uploads\/2025\/02\/1739191428_Kalyon_PV__2_.jpg 550w, https:\/\/www.enerjigazetesi.ist\/wp-content\/uploads\/2025\/02\/1739191428_Kalyon_PV__2_-300x200.jpg 300w, https:\/\/www.enerjigazetesi.ist\/wp-content\/uploads\/2025\/02\/1739191428_Kalyon_PV__2_-500x334.jpg 500w, https:\/\/www.enerjigazetesi.ist\/wp-content\/uploads\/2025\/02\/1739191428_Kalyon_PV__2_-75x50.jpg 75w, https:\/\/www.enerjigazetesi.ist\/wp-content\/uploads\/2025\/02\/1739191428_Kalyon_PV__2_-450x300.jpg 450w\" sizes=\"(max-width: 500px) 100vw, 500px\" \/><\/p>\n<p>\u0130\u015f Yat\u0131r\u0131m Menkul De\u011ferler A.\u015e. (\u0130\u015f Yat\u0131r\u0131m) ve T\u00fcrkiye Kalk\u0131nma ve Yat\u0131r\u0131m Bankas\u0131 A.\u015e.\u2019nin (TKYB) liderlik etti\u011fi ve 5-6-7 \u015eubat tarihlerinde pay ba\u015f\u0131na 70,30 TL sabit fiyatla ger\u00e7ekle\u015fen halka arz\u0131n toplam b\u00fcy\u00fckl\u00fc\u011f\u00fc 3,3 milyar TL, \u015firketin halka a\u00e7\u0131kl\u0131k oran\u0131 ise y\u00fczde 11,26 oldu.<\/p>\n<p>Kalyon PV halka arz\u0131nda toplam 46.334.639 TL nominal de\u011ferli paylar sat\u0131\u015fa sunuldu. Yurt i\u00e7i bireysel ve y\u00fcksek ba\u015fvurulu yat\u0131r\u0131mc\u0131lar ile yurt i\u00e7i ve yurt d\u0131\u015f\u0131 kurumsal yat\u0131r\u0131mc\u0131lar halka arza yo\u011fun ilgi g\u00f6sterdi. Y\u00fcksek ba\u015fvurulu yat\u0131r\u0131mc\u0131lardan 4,48 kat, yurt i\u00e7i bireysel yat\u0131r\u0131mc\u0131lardan 0,88 kat, yurt i\u00e7i kurumsal yat\u0131r\u0131mc\u0131lardan 1,24 kat, yurt d\u0131\u015f\u0131 kurumsal yat\u0131r\u0131mc\u0131lardan ise 1,26 kat talep topland\u0131.\u00a0Halka arzda\u00a0290.801\u00a0yat\u0131r\u0131mc\u0131n\u0131n talebi kar\u015f\u0131land\u0131.<\/p>\n<p>Halka arz edilen \u015firket paylar\u0131, Borsa \u0130stanbul\u2019da <strong>\u201cKLYPV\u201d<\/strong> kodu ile <strong>13 \u015eubat\u2019ta<\/strong> ger\u00e7ekle\u015fecek gong t\u00f6reni sonras\u0131 i\u015flem g\u00f6rmeye ba\u015flayacak.<\/p>\n<div id=\"attachment_195020\" style=\"width: 510px\" class=\"wp-caption aligncenter\"><img aria-describedby=\"caption-attachment-195020\" loading=\"lazy\" class=\"wp-image-195020\" src=\"https:\/\/www.enerjigazetesi.ist\/wp-content\/uploads\/2025\/02\/1739191411_Kubra_Kalyoncu_Seherli.jpg\" alt=\"\" width=\"500\" height=\"375\" srcset=\"https:\/\/www.enerjigazetesi.ist\/wp-content\/uploads\/2025\/02\/1739191411_Kubra_Kalyoncu_Seherli.jpg 550w, https:\/\/www.enerjigazetesi.ist\/wp-content\/uploads\/2025\/02\/1739191411_Kubra_Kalyoncu_Seherli-300x225.jpg 300w, https:\/\/www.enerjigazetesi.ist\/wp-content\/uploads\/2025\/02\/1739191411_Kubra_Kalyoncu_Seherli-500x375.jpg 500w, https:\/\/www.enerjigazetesi.ist\/wp-content\/uploads\/2025\/02\/1739191411_Kubra_Kalyoncu_Seherli-67x50.jpg 67w\" sizes=\"(max-width: 500px) 100vw, 500px\" \/><p id=\"caption-attachment-195020\" class=\"wp-caption-text\">Kalyon PV Y\u00f6netim Kurulu Ba\u015fkan\u0131 K\u00fcbra Kalyoncu \u015eeherli<\/p><\/div>\n<p>Halka arz sonu\u00e7lar\u0131 ile ilgili olarak <strong>Kalyon PV Y\u00f6netim Kurulu Ba\u015fkan\u0131 K\u00fcbra Kalyoncu \u015eeherli<\/strong> \u015f\u00f6yle konu\u015ftu:<\/p>\n<p><em>\u201cG\u00fcne\u015f paneli, h\u00fccre, wafer ve ingot \u00fcretimi a\u015famalar\u0131n\u0131 tek \u00e7at\u0131 alt\u0131nda toplayan Avrupa\u2019n\u0131n ilk \u2018dikey entegre\u2019 \u00fcretim tesisi Kalyon\u00a0PV\u2019nin\u00a0halka arz\u0131nda\u00a0\u00f6nemli\u00a0bir\u00a0e\u015fi\u011fi ba\u015far\u0131yla\u00a0geride b\u0131rakt\u0131k.\u00a0Halka arz s\u00fcrecine g\u00f6sterilen yo\u011fun ilgi, hem yurt i\u00e7i hem de yurt d\u0131\u015f\u0131 yat\u0131r\u0131mc\u0131lar\u0131n \u015firketimize ve vizyonumuza duydu\u011fu g\u00fcvenin en somut g\u00f6stergesidir.<\/em><\/p>\n<p><em>Bekledi\u011fimiz gibi yat\u0131r\u0131mc\u0131lardan yo\u011fun bir talep g\u00f6rd\u00fck.\u00a0Yurt i\u00e7i yat\u0131r\u0131mc\u0131lar\u0131m\u0131z\u0131n yan\u0131 s\u0131ra, yabanc\u0131 yat\u0131r\u0131mc\u0131lardan gelen yo\u011fun talep de olduk\u00e7a memnuniyet verici oldu. \u00a0Bu seviyede g\u00fc\u00e7l\u00fc bir ilgi g\u00f6rmek bizler i\u00e7in b\u00fcy\u00fck bir gurur kayna\u011f\u0131d\u0131r.\u00a0Bize ortak olmay\u0131 se\u00e7en t\u00fcm yat\u0131r\u0131mc\u0131lar\u0131m\u0131za \u015firketimize g\u00f6sterdikleri tevecc\u00fch i\u00e7in ayr\u0131 ayr\u0131 te\u015fekk\u00fcr ediyoruz.\u00a0<\/em><\/p>\n<p><em>Kalyon PV,\u00a0T\u00fcrkiye\u2019nin\u00a0enerji\u00a0alan\u0131nda\u00a0d\u0131\u015fa\u00a0ba\u011f\u0131ml\u0131l\u0131\u011f\u0131n\u0131\u00a0azaltma,\u00a0y\u0131llard\u0131r\u00a0eksikli\u011fi vurgulanan y\u00fcksek teknolojili\u00a0\u00fcretimi geli\u015ftirme\u00a0ve\u00a0ihracat\u0131 art\u0131rma\u00a0yolunda emin\u00a0ad\u0131mlarla ilerlemektedir.\u00a0Bu\u00a0\u00e7aba, 85 milyon vatanda\u015f\u0131m\u0131z\u0131n\u00a0ortak gurur kayna\u011f\u0131d\u0131r. Halka arz s\u00fcrecinde g\u00f6rd\u00fc\u011f\u00fcm\u00fcz y\u00fcksek\u00a0talep, \u015firketimizin bu misyonuna duyulan g\u00fcvenin a\u00e7\u0131k bir g\u00f6stergesidir.\u00a0Amac\u0131m\u0131z;\u00a0yat\u0131r\u0131mlar\u0131m\u0131z\u0131\u00a0ve\u00a0faaliyetlerimizi kararl\u0131l\u0131kla s\u00fcrd\u00fcrerek, hem\u00a0\u00fclkemize\u00a0hem de\u00a0bize g\u00fcvenen yat\u0131r\u0131mc\u0131lar\u0131m\u0131za\u00a0en iyi \u015fekilde\u00a0de\u011fer katmaya devam\u00a0etmektir.\u201d<\/em><\/p>","protected":false},"excerpt":{"rendered":"<p>Sorry, this entry is only available in Turkish. For the sake of viewer convenience, the content is shown below in the alternative language. You may click the link to switch the active language. G\u00fcne\u015f paneli de\u011fer zincirinin her a\u015famas\u0131nda yer alan Avrupa\u2019n\u0131n ilk dikey entegre tesisi Kalyon G\u00fcne\u015f Teknolojileri \u00dcretim A.\u015e. (Kalyon PV)\u2019nin halka arz\u0131nda [&hellip;]<\/p>\n","protected":false},"author":1,"featured_media":195021,"comment_status":"open","ping_status":"open","sticky":false,"template":"","format":"standard","meta":[],"categories":[53,49],"tags":[8255,19389,68900,96958,116024,61480],"views":20,"_links":{"self":[{"href":"https:\/\/www.enerjigazetesi.ist\/en\/wp-json\/wp\/v2\/posts\/195018"}],"collection":[{"href":"https:\/\/www.enerjigazetesi.ist\/en\/wp-json\/wp\/v2\/posts"}],"about":[{"href":"https:\/\/www.enerjigazetesi.ist\/en\/wp-json\/wp\/v2\/types\/post"}],"author":[{"embeddable":true,"href":"https:\/\/www.enerjigazetesi.ist\/en\/wp-json\/wp\/v2\/users\/1"}],"replies":[{"embeddable":true,"href":"https:\/\/www.enerjigazetesi.ist\/en\/wp-json\/wp\/v2\/comments?post=195018"}],"version-history":[{"count":0,"href":"https:\/\/www.enerjigazetesi.ist\/en\/wp-json\/wp\/v2\/posts\/195018\/revisions"}],"wp:featuredmedia":[{"embeddable":true,"href":"https:\/\/www.enerjigazetesi.ist\/en\/wp-json\/wp\/v2\/media\/195021"}],"wp:attachment":[{"href":"https:\/\/www.enerjigazetesi.ist\/en\/wp-json\/wp\/v2\/media?parent=195018"}],"wp:term":[{"taxonomy":"category","embeddable":true,"href":"https:\/\/www.enerjigazetesi.ist\/en\/wp-json\/wp\/v2\/categories?post=195018"},{"taxonomy":"post_tag","embeddable":true,"href":"https:\/\/www.enerjigazetesi.ist\/en\/wp-json\/wp\/v2\/tags?post=195018"}],"curies":[{"name":"wp","href":"https:\/\/api.w.org\/{rel}","templated":true}]}}