{"id":194997,"date":"2025-02-07T16:29:46","date_gmt":"2025-02-07T13:29:46","guid":{"rendered":"https:\/\/www.enerjigazetesi.ist\/?p=194997"},"modified":"2025-02-07T16:29:46","modified_gmt":"2025-02-07T13:29:46","slug":"sedas-ekipleri-zorlu-kis-kosullariyla-mucadele-ediyor","status":"publish","type":"post","link":"https:\/\/www.enerjigazetesi.ist\/en\/sedas-ekipleri-zorlu-kis-kosullariyla-mucadele-ediyor\/","title":{"rendered":"(Turkish) &#8217;SEDA\u015e Ekipleri&#8217; Zorlu K\u0131\u015f Ko\u015fullar\u0131yla M\u00fccadele Ediyor"},"content":{"rendered":"<p class=\"qtranxs-available-languages-message qtranxs-available-languages-message-en\">Sorry, this entry is only available in <a href=\"https:\/\/www.enerjigazetesi.ist\/tr\/wp-json\/wp\/v2\/posts\/194997\" class=\"qtranxs-available-language-link qtranxs-available-language-link-tr\" title=\"Turkish\">Turkish<\/a>. For the sake of viewer convenience, the content is shown below in the alternative language. You may click the link to switch the active language.<\/p><p><\/p>\n<h2><strong>Sakarya Elektrik Da\u011f\u0131t\u0131m A.\u015e. (SEDA\u015e) ekipleri, olumsuz hava ko\u015fullar\u0131na ra\u011fmen enerji s\u00fcreklili\u011fini sa\u011flamak i\u00e7in sahada \u00e7al\u0131\u015fmalar\u0131na aral\u0131ks\u0131z devam ediyor. Sakarya, Kocaeli, Bolu, D\u00fczce ve Gebze\u2019de etkili olan yo\u011fun kar ya\u011f\u0131\u015f\u0131 nedeniyle ekipler tam kadro alarma ge\u00e7ti.<\/strong><\/h2>\n<p style=\"text-align: center;\"><img loading=\"lazy\" class=\"aligncenter wp-image-194999\" src=\"https:\/\/www.enerjigazetesi.ist\/wp-content\/uploads\/2025\/02\/sedas-ekipleri-zorlu-kis-kosullariyla-mucadele-ediyor-1.jpg\" alt=\"\" width=\"500\" height=\"437\" srcset=\"https:\/\/www.enerjigazetesi.ist\/wp-content\/uploads\/2025\/02\/sedas-ekipleri-zorlu-kis-kosullariyla-mucadele-ediyor-1.jpg 549w, https:\/\/www.enerjigazetesi.ist\/wp-content\/uploads\/2025\/02\/sedas-ekipleri-zorlu-kis-kosullariyla-mucadele-ediyor-1-300x262.jpg 300w, https:\/\/www.enerjigazetesi.ist\/wp-content\/uploads\/2025\/02\/sedas-ekipleri-zorlu-kis-kosullariyla-mucadele-ediyor-1-458x400.jpg 458w, https:\/\/www.enerjigazetesi.ist\/wp-content\/uploads\/2025\/02\/sedas-ekipleri-zorlu-kis-kosullariyla-mucadele-ediyor-1-57x50.jpg 57w, https:\/\/www.enerjigazetesi.ist\/wp-content\/uploads\/2025\/02\/sedas-ekipleri-zorlu-kis-kosullariyla-mucadele-ediyor-1-500x437.jpg 500w\" sizes=\"(max-width: 500px) 100vw, 500px\" \/><\/p>\n<p>20 bin kilometrekarelik hizmet alan\u0131nda gece g\u00fcnd\u00fcz demeden g\u00f6rev yapan SEDA\u015e ekipleri, kar ya\u011f\u0131\u015f\u0131n\u0131n olu\u015fturabilece\u011fi teknik ar\u0131zalara g\u00fc\u00e7l\u00fc ekipmanlar\u0131yla an\u0131nda m\u00fcdahale ediyor. Elektrik da\u011f\u0131t\u0131m faaliyet b\u00f6lgesindeki il ve il\u00e7e merkezlerinden k\u00f6ylere kadar enerji s\u00fcreklili\u011fini korumak i\u00e7in sahada bulunan ekiplere, SEDA\u015e b\u00f6lge y\u00f6neticileri de e\u015flik ediyor.<\/p>\n<p>SEDA\u015e yetkilileri, kar ya\u011f\u0131\u015f\u0131 nedeniyle Sakarya\u2019n\u0131n Hendek, Ferizli ve Sapanca il\u00e7elerinde, Kocaeli\u2019nin Gebze, Kartepe, K\u00f6rfez, Kand\u0131ra ve Ba\u015fiskele il\u00e7elerinde, Bolu Merkez ve G\u00f6yn\u00fck il\u00e7esi ile D\u00fczce\u2019nin G\u00fcm\u00fc\u015fova il\u00e7esinde muhtelif tipte ar\u0131zalar ya\u015fand\u0131\u011f\u0131n\u0131 a\u00e7\u0131klad\u0131.<\/p>\n<p style=\"text-align: center;\"><img loading=\"lazy\" class=\"aligncenter wp-image-195001\" src=\"https:\/\/www.enerjigazetesi.ist\/wp-content\/uploads\/2025\/02\/sedas-ekipleri-zorlu-kis-kosullariyla-mucadele-ediyor-2.jpg\" alt=\"\" width=\"500\" height=\"430\" srcset=\"https:\/\/www.enerjigazetesi.ist\/wp-content\/uploads\/2025\/02\/sedas-ekipleri-zorlu-kis-kosullariyla-mucadele-ediyor-2.jpg 550w, https:\/\/www.enerjigazetesi.ist\/wp-content\/uploads\/2025\/02\/sedas-ekipleri-zorlu-kis-kosullariyla-mucadele-ediyor-2-300x258.jpg 300w, https:\/\/www.enerjigazetesi.ist\/wp-content\/uploads\/2025\/02\/sedas-ekipleri-zorlu-kis-kosullariyla-mucadele-ediyor-2-465x400.jpg 465w, https:\/\/www.enerjigazetesi.ist\/wp-content\/uploads\/2025\/02\/sedas-ekipleri-zorlu-kis-kosullariyla-mucadele-ediyor-2-58x50.jpg 58w, https:\/\/www.enerjigazetesi.ist\/wp-content\/uploads\/2025\/02\/sedas-ekipleri-zorlu-kis-kosullariyla-mucadele-ediyor-2-500x430.jpg 500w\" sizes=\"(max-width: 500px) 100vw, 500px\" \/><\/p>\n<p>SEDA\u015e, kar ya\u011f\u0131\u015f\u0131 s\u00fcresince geni\u015f ara\u00e7 filosuyla kesintisiz enerji i\u00e7in \u00e7al\u0131\u015fmalar\u0131n\u0131 s\u00fcrd\u00fcr\u00fcyor. Binek, sepetli, 4&#215;4 ve 4&#215;2 pick-up, 4&#215;4 ve 4&#215;2 Duster, vin\u00e7 ve kablo test ara\u00e7lar\u0131ndan olu\u015fan donan\u0131ml\u0131 ara\u00e7 filosu, ula\u015f\u0131m\u0131 zor b\u00f6lgelerde etkin m\u00fcdahale sa\u011fl\u0131yor. Ayr\u0131ca, ormanl\u0131k alanlar ve eri\u015fimi g\u00fc\u00e7 b\u00f6lgelerde ar\u0131za tespiti i\u00e7in dron teknolojisinden yararlan\u0131l\u0131yor. Yollar\u0131n kapanmas\u0131 halinde ise Valilik, il ve il\u00e7e yerel y\u00f6netimleri ile Afet ve Acil Durum Y\u00f6netimi Ba\u015fkanl\u0131\u011f\u0131 (AFAD) ekipleriyle koordineli \u015fekilde hareket edilecek.<\/p>\n<p>SEDA\u015e, kar ya\u011f\u0131\u015f\u0131 nedeniyle meydana gelebilecek kesinti ve ar\u0131zalarla ilgili m\u00fc\u015fterilerden gelen ihbarlara an\u0131nda yan\u0131t verebilmek i\u00e7in \u00e7a\u011fr\u0131 merkezinde tam kapasite hizmet veriyor. M\u00fc\u015fteriler, <strong>186<\/strong> numaral\u0131 <strong>M\u00fc\u015fteri \u0130leti\u015fim Hatt\u0131, SEDA\u015e Mobil uygulamas\u0131 ve 0530 919 19 19 numaral\u0131 WhatsApp hatt\u0131<\/strong> \u00fczerinden <strong>kesinti ve ar\u0131za bildirimlerini<\/strong> iletebiliyor.<\/p>\n<p>SEDA\u015e ekipleri, kar ya\u011f\u0131\u015f\u0131n\u0131n etkisini s\u00fcrd\u00fcrd\u00fc\u011f\u00fc b\u00f6lgelerde enerji s\u00fcreklili\u011fini sa\u011flamak i\u00e7in \u00e7al\u0131\u015fmalar\u0131na aral\u0131ks\u0131z devam edecek.<\/p>","protected":false},"excerpt":{"rendered":"<p>Sorry, this entry is only available in Turkish. For the sake of viewer convenience, the content is shown below in the alternative language. You may click the link to switch the active language. Sakarya Elektrik Da\u011f\u0131t\u0131m A.\u015e. (SEDA\u015e) ekipleri, olumsuz hava ko\u015fullar\u0131na ra\u011fmen enerji s\u00fcreklili\u011fini sa\u011flamak i\u00e7in sahada \u00e7al\u0131\u015fmalar\u0131na aral\u0131ks\u0131z devam ediyor. Sakarya, Kocaeli, Bolu, [&hellip;]<\/p>\n","protected":false},"author":1,"featured_media":195000,"comment_status":"open","ping_status":"open","sticky":false,"template":"","format":"standard","meta":[],"categories":[51,53],"tags":[32942,32646,116023,64642,102600,2444,51294,116022],"views":17,"_links":{"self":[{"href":"https:\/\/www.enerjigazetesi.ist\/en\/wp-json\/wp\/v2\/posts\/194997"}],"collection":[{"href":"https:\/\/www.enerjigazetesi.ist\/en\/wp-json\/wp\/v2\/posts"}],"about":[{"href":"https:\/\/www.enerjigazetesi.ist\/en\/wp-json\/wp\/v2\/types\/post"}],"author":[{"embeddable":true,"href":"https:\/\/www.enerjigazetesi.ist\/en\/wp-json\/wp\/v2\/users\/1"}],"replies":[{"embeddable":true,"href":"https:\/\/www.enerjigazetesi.ist\/en\/wp-json\/wp\/v2\/comments?post=194997"}],"version-history":[{"count":0,"href":"https:\/\/www.enerjigazetesi.ist\/en\/wp-json\/wp\/v2\/posts\/194997\/revisions"}],"wp:featuredmedia":[{"embeddable":true,"href":"https:\/\/www.enerjigazetesi.ist\/en\/wp-json\/wp\/v2\/media\/195000"}],"wp:attachment":[{"href":"https:\/\/www.enerjigazetesi.ist\/en\/wp-json\/wp\/v2\/media?parent=194997"}],"wp:term":[{"taxonomy":"category","embeddable":true,"href":"https:\/\/www.enerjigazetesi.ist\/en\/wp-json\/wp\/v2\/categories?post=194997"},{"taxonomy":"post_tag","embeddable":true,"href":"https:\/\/www.enerjigazetesi.ist\/en\/wp-json\/wp\/v2\/tags?post=194997"}],"curies":[{"name":"wp","href":"https:\/\/api.w.org\/{rel}","templated":true}]}}