{"id":194943,"date":"2025-02-07T11:08:57","date_gmt":"2025-02-07T08:08:57","guid":{"rendered":"https:\/\/www.enerjigazetesi.ist\/?p=194943"},"modified":"2025-02-07T11:08:57","modified_gmt":"2025-02-07T08:08:57","slug":"enerjisa-enerjiden-depremin-yil-donumunde-hataya-egitim-destegi","status":"publish","type":"post","link":"https:\/\/www.enerjigazetesi.ist\/en\/enerjisa-enerjiden-depremin-yil-donumunde-hataya-egitim-destegi\/","title":{"rendered":"(Turkish) &#8217;Enerjisa Enerji&#8217;den Depremin Y\u0131l D\u00f6n\u00fcm\u00fcnde Hatay\u2019a E\u011fitim Deste\u011fi"},"content":{"rendered":"<p class=\"qtranxs-available-languages-message qtranxs-available-languages-message-en\">Sorry, this entry is only available in <a href=\"https:\/\/www.enerjigazetesi.ist\/tr\/wp-json\/wp\/v2\/posts\/194943\" class=\"qtranxs-available-language-link qtranxs-available-language-link-tr\" title=\"Turkish\">Turkish<\/a>. For the sake of viewer convenience, the content is shown below in the alternative language. You may click the link to switch the active language.<\/p><p><\/p>\n<h2><strong>Enerjisa Enerji deprem b\u00f6lgesine y\u00f6nelik sosyal ve toplumsal desteklerini s\u00fcrd\u00fcr\u00fcrken, 6 \u015eubat 2023 tarihli deprem felaketinin y\u0131l d\u00f6n\u00fcm\u00fcnde Hatay\u2019\u0131n Hassa il\u00e7esinde yapt\u0131r\u0131lan Enerjisa Atat\u00fcrk \u0130lkokulu\u2019nda anlaml\u0131 bir etkinlik d\u00fczenlendi. Enerjisa Enerji \u00fcst y\u00f6netimi ve \u00e7al\u0131\u015fanlar\u0131n\u0131n kat\u0131l\u0131m\u0131yla d\u00fczenlenen programda tiyatro g\u00f6sterimi, y\u00fcz boyama ve \u00e7ocuk oyunu etkinlikleri ile \u00f6\u011frencilere ne\u015feli bir g\u00fcn ya\u015fat\u0131ld\u0131.<\/strong><\/h2>\n<p style=\"text-align: center;\"><img loading=\"lazy\" class=\"aligncenter wp-image-194945\" src=\"https:\/\/www.enerjigazetesi.ist\/wp-content\/uploads\/2025\/02\/enerjisa-enerjiden-depremin-yil-donumunde-hataya-egitim-destegi.jpg\" alt=\"\" width=\"500\" height=\"354\" srcset=\"https:\/\/www.enerjigazetesi.ist\/wp-content\/uploads\/2025\/02\/enerjisa-enerjiden-depremin-yil-donumunde-hataya-egitim-destegi.jpg 550w, https:\/\/www.enerjigazetesi.ist\/wp-content\/uploads\/2025\/02\/enerjisa-enerjiden-depremin-yil-donumunde-hataya-egitim-destegi-300x212.jpg 300w, https:\/\/www.enerjigazetesi.ist\/wp-content\/uploads\/2025\/02\/enerjisa-enerjiden-depremin-yil-donumunde-hataya-egitim-destegi-500x354.jpg 500w, https:\/\/www.enerjigazetesi.ist\/wp-content\/uploads\/2025\/02\/enerjisa-enerjiden-depremin-yil-donumunde-hataya-egitim-destegi-71x50.jpg 71w\" sizes=\"(max-width: 500px) 100vw, 500px\" \/><\/p>\n<p>\u2018Herkes i\u00e7in daha iyi bir gelecek\u2019 vizyonuyla s\u00fcrd\u00fcr\u00fclebilir projelerini hayata Enerjisa Enerji, 6 \u015eubat depremlerinden en a\u011f\u0131r hasar\u0131 alan ve b\u00f6lgedeki en yo\u011fun \u00f6\u011frenci n\u00fcfusuna sahip olan illerden Hatay\u2019da Enerjisa Enerji depremin izlerini silmek i\u00e7in \u00e7al\u0131\u015fmalar\u0131na devam ediyor.<\/p>\n<p>Bu kapsamda Hatay\u2019\u0131n Hassa il\u00e7esinde in\u015fa edilen Enerjisa Atat\u00fcrk \u0130lkokulu\u2019nda depremin 2. Y\u0131l d\u00f6n\u00fcm\u00fcnde d\u00fczenlenen s\u00f6mestir tatilinden d\u00f6nen \u00f6\u011frenciler i\u00e7in ger\u00e7ekle\u015ftirilen \u2018okula d\u00f6n\u00fc\u015f\u2019 etkinli\u011fi ile deprem b\u00f6lgesindeki \u00f6\u011frencileri ne\u015feli ve anlaml\u0131 bir g\u00fcn ya\u015fat\u0131l\u0131rken, depremde hayat\u0131n\u0131 kaybedenler de an\u0131ld\u0131.<\/p>\n<p>Anma etkinli\u011fine; Hassa Kaymakam\u0131 Osman Acar, Hassa Belediye Ba\u015fkan\u0131 Selahattin \u00c7olak, Hassa \u0130l\u00e7e Milli E\u011fitim M\u00fcd\u00fcr\u00fc Sait Bayraktar, Enerjisa Enerji CEO\u2019su Murat P\u0131nar, Enerjisa Da\u011f\u0131t\u0131m \u015eirketleri Genel M\u00fcd\u00fcr\u00fc O\u011fuzhan \u00d6zs\u00fcrekci, Enerjisa Enerji Perakende Sat\u0131\u015f \u015eirketleri Genel M\u00fcd\u00fcr\u00fc Ersin Esent\u00fcrk, Enerjisa Enerji CFO\u2019su Dr. Philipp Ulbrich ba\u015fta olmak \u00fczere Enerjisa \u00e7al\u0131\u015fanlar\u0131, \u00f6\u011frenciler ve \u00f6\u011fretmenler kat\u0131ld\u0131.<\/p>\n<h3><strong>Okula D\u00f6n\u00fc\u015f Etkinli\u011fi \u00d6\u011frencilerin Y\u00fcz\u00fcn\u00fc G\u00fcld\u00fcrd\u00fc<\/strong><\/h3>\n<p>Y\u00fcz boyama, balon at\u00f6lyesi ba\u015fta olmak \u00fczere \u00e7e\u015fitli etkinlikler ve \u00e7ocuk oyunlar\u0131n\u0131n ger\u00e7ekle\u015ftirildi\u011fi okula d\u00f6n\u00fc\u015f program\u0131 ile \u00f6\u011frencilere ne\u015feli bir g\u00fcn ya\u015fat\u0131ld\u0131.<\/p>\n<p>Program kapsam\u0131nda Enerjisa Enerji\u2019nin 15 ya\u015f\u0131n\u0131 kutlad\u0131\u011f\u0131, \u00e7ocuklara tasarruf bilincini a\u015f\u0131lamak i\u00e7in \u00fclke \u00e7ap\u0131nda sahnelenen ve bug\u00fcne dek 350 binden fazla \u00e7ocu\u011fa ula\u015fan \u2018K\u00fcsmesin Y\u0131ld\u0131zlar\u2019 tiyatro oyunu okuldaki 350 \u00f6\u011frenciye \u00f6zel g\u00f6sterim yapt\u0131.<\/p>\n<p>Ayr\u0131ca Enerjisa Atat\u00fcrk \u0130lkokulu\u2019nun 3. ve 4. s\u0131n\u0131f \u00f6\u011frencilerinin kat\u0131l\u0131m\u0131yla ger\u00e7ekle\u015fen \u201cDaha \u0130yi Bir Gelecek\u201d temal\u0131 resim sergisinin a\u00e7\u0131l\u0131\u015f\u0131 da yap\u0131ld\u0131. \u00d6\u011frencilerin Hatay\u2019a dair hayallerini ve umutlar\u0131n\u0131 resmetti\u011fi \u00e7izimlerden olu\u015fan sergi \u00f6\u011frencilerin sanatla ba\u011f\u0131n\u0131 g\u00fc\u00e7lendirirken gelece\u011fe dair umut dolu bir bak\u0131\u015f a\u00e7\u0131s\u0131 da sundu.<\/p>\n<h3><strong>Desteklerimizle Hatay\u2019\u0131n Yan\u0131nda Olmay\u0131 S\u00fcrd\u00fcrece\u011fiz<\/strong><\/h3>\n<p>Enerjisa Enerji\u2019nin t\u00fcm g\u00fcc\u00fcyle deprem b\u00f6lgesinin yan\u0131nda olmay\u0131 s\u00fcrd\u00fcrece\u011fini vurgulayan <strong>Enerjisa Enerji CEO\u2019su Murat P\u0131nar<\/strong>, <em>\u201cTarihte pek \u00e7ok medeniyete ev sahipli\u011fi yapan kadim kentlerimizden Hatay\u2019da depremin izlerinin silinmesi ve gelece\u011fe umutla bakabilmemiz i\u00e7in \u00fczerinde durulmas\u0131 gereken en \u00f6nemli hususlar\u0131n ba\u015f\u0131nda e\u011fitim geliyor. Biz de tam da bu nedenle yabanc\u0131 hissedar\u0131m\u0131z E.ON\u2019un<strong>\u00a0<\/strong>katk\u0131lar\u0131 ve Sabanc\u0131 Vakf\u0131\u2019n\u0131n \u00f6nc\u00fcl\u00fc\u011f\u00fcnde afet b\u00f6lgesindeki en yo\u011fun \u00f6\u011frenci n\u00fcfusuna sahip Hatay\u2019da ge\u00e7ti\u011fimiz y\u0131l \u201cEnerjisa Atat\u00fcrk \u0130lkokulu\u2019nu\u201d 23 Nisan Ulusal Egemenlik ve \u00c7ocuk Bayram\u2019\u0131nda \u00f6\u011frenci ve \u00f6\u011fretmenlere arma\u011fan etmi\u015ftik. \u015eimdiyse okulumuzda 350 \u00f6\u011frencimiz ile okula d\u00f6n\u00fc\u015f etkinli\u011finde bir araya gelmenin mutlulu\u011funu ya\u015f\u0131yoruz. Enerjisa Enerji olarak gelece\u011fimizin teminat\u0131 olan \u00e7ocuklar\u0131m\u0131z\u0131n daha iyi ve s\u00fcrd\u00fcr\u00fclebilir e\u011fitim almas\u0131 ve daha iyi bir gelecek i\u00e7in \u00e7al\u0131\u015fmaya devam edece\u011fiz\u201d<\/em> ifadelerini kulland\u0131.<\/p>","protected":false},"excerpt":{"rendered":"<p>Sorry, this entry is only available in Turkish. For the sake of viewer convenience, the content is shown below in the alternative language. You may click the link to switch the active language. Enerjisa Enerji deprem b\u00f6lgesine y\u00f6nelik sosyal ve toplumsal desteklerini s\u00fcrd\u00fcr\u00fcrken, 6 \u015eubat 2023 tarihli deprem felaketinin y\u0131l d\u00f6n\u00fcm\u00fcnde Hatay\u2019\u0131n Hassa il\u00e7esinde yapt\u0131r\u0131lan [&hellip;]<\/p>\n","protected":false},"author":1,"featured_media":194945,"comment_status":"open","ping_status":"open","sticky":false,"template":"","format":"standard","meta":[],"categories":[51,53],"tags":[116001,112342,65642,113556,37825,5630],"views":24,"_links":{"self":[{"href":"https:\/\/www.enerjigazetesi.ist\/en\/wp-json\/wp\/v2\/posts\/194943"}],"collection":[{"href":"https:\/\/www.enerjigazetesi.ist\/en\/wp-json\/wp\/v2\/posts"}],"about":[{"href":"https:\/\/www.enerjigazetesi.ist\/en\/wp-json\/wp\/v2\/types\/post"}],"author":[{"embeddable":true,"href":"https:\/\/www.enerjigazetesi.ist\/en\/wp-json\/wp\/v2\/users\/1"}],"replies":[{"embeddable":true,"href":"https:\/\/www.enerjigazetesi.ist\/en\/wp-json\/wp\/v2\/comments?post=194943"}],"version-history":[{"count":0,"href":"https:\/\/www.enerjigazetesi.ist\/en\/wp-json\/wp\/v2\/posts\/194943\/revisions"}],"wp:featuredmedia":[{"embeddable":true,"href":"https:\/\/www.enerjigazetesi.ist\/en\/wp-json\/wp\/v2\/media\/194945"}],"wp:attachment":[{"href":"https:\/\/www.enerjigazetesi.ist\/en\/wp-json\/wp\/v2\/media?parent=194943"}],"wp:term":[{"taxonomy":"category","embeddable":true,"href":"https:\/\/www.enerjigazetesi.ist\/en\/wp-json\/wp\/v2\/categories?post=194943"},{"taxonomy":"post_tag","embeddable":true,"href":"https:\/\/www.enerjigazetesi.ist\/en\/wp-json\/wp\/v2\/tags?post=194943"}],"curies":[{"name":"wp","href":"https:\/\/api.w.org\/{rel}","templated":true}]}}