{"id":194919,"date":"2025-02-05T15:47:25","date_gmt":"2025-02-05T12:47:25","guid":{"rendered":"https:\/\/www.enerjigazetesi.ist\/?p=194919"},"modified":"2025-02-05T15:50:20","modified_gmt":"2025-02-05T12:50:20","slug":"6-subat-depremlerinin-yil-donumunde-talep-ve-uyarilar","status":"publish","type":"post","link":"https:\/\/www.enerjigazetesi.ist\/en\/6-subat-depremlerinin-yil-donumunde-talep-ve-uyarilar\/","title":{"rendered":"(Turkish) 6 \u015eubat Depremlerinin Y\u0131l D\u00f6n\u00fcm\u00fcne Y\u00f6nelik Talep ve Uyar\u0131lar&#8230;"},"content":{"rendered":"<p class=\"qtranxs-available-languages-message qtranxs-available-languages-message-en\">Sorry, this entry is only available in <a href=\"https:\/\/www.enerjigazetesi.ist\/tr\/wp-json\/wp\/v2\/posts\/194919\" class=\"qtranxs-available-language-link qtranxs-available-language-link-tr\" title=\"Turkish\">Turkish<\/a>. For the sake of viewer convenience, the content is shown below in the alternative language. You may click the link to switch the active language.<\/p><p><\/p>\n<h2><strong>6 \u015eubat depremlerinin \u00fczerinden iki y\u0131l ge\u00e7se de ac\u0131lar tazeli\u011fini koruyor. B\u00f6lgenin yeniden in\u015fas\u0131 i\u00e7in \u00e7al\u0131\u015fmalar devam ederken T\u00fcrkiye\u2019nin deprem ger\u00e7e\u011fine kar\u015f\u0131 yeterli bilinci kazan\u0131p \u00f6nlemler almas\u0131, olas\u0131 felaketleri en az zararla atlatmak i\u00e7in b\u00fcy\u00fck \u00f6nem ta\u015f\u0131yor. Kamu m\u00fchendislerinin afet y\u00f6netimi ve yap\u0131 denetimi gibi kritik alanlardaki rollerini g\u00fc\u00e7lendirmek i\u00e7in bir model geli\u015ftirilmesi gerekti\u011fine dikkat \u00e7eken M\u00fchendis Tek-Sen Enerji Sendikas\u0131 Genel Ba\u015fkan\u0131 M\u00fcmin G\u00fcler, m\u00fchendislerin e\u011fitim ve yetkinlik seviyelerinin art\u0131r\u0131ld\u0131\u011f\u0131 takdirde afetlerle m\u00fccadele edilebilece\u011fini vurguluyor.<\/strong><\/h2>\n<div id=\"attachment_194922\" style=\"width: 510px\" class=\"wp-caption aligncenter\"><img aria-describedby=\"caption-attachment-194922\" loading=\"lazy\" class=\"wp-image-194922\" src=\"https:\/\/www.enerjigazetesi.ist\/wp-content\/uploads\/2025\/02\/6-subat-depremlerinin-yil-donumunde-talep-ve-uyarilar.jpg\" alt=\"\" width=\"500\" height=\"401\" srcset=\"https:\/\/www.enerjigazetesi.ist\/wp-content\/uploads\/2025\/02\/6-subat-depremlerinin-yil-donumunde-talep-ve-uyarilar.jpg 550w, https:\/\/www.enerjigazetesi.ist\/wp-content\/uploads\/2025\/02\/6-subat-depremlerinin-yil-donumunde-talep-ve-uyarilar-300x241.jpg 300w, https:\/\/www.enerjigazetesi.ist\/wp-content\/uploads\/2025\/02\/6-subat-depremlerinin-yil-donumunde-talep-ve-uyarilar-500x401.jpg 500w, https:\/\/www.enerjigazetesi.ist\/wp-content\/uploads\/2025\/02\/6-subat-depremlerinin-yil-donumunde-talep-ve-uyarilar-62x50.jpg 62w\" sizes=\"(max-width: 500px) 100vw, 500px\" \/><p id=\"caption-attachment-194922\" class=\"wp-caption-text\">M\u00fchendis Tek-Sen Enerji Sendikas\u0131 Genel Ba\u015fkan\u0131 M\u00fcmin G\u00fcler<\/p><\/div>\n<p>Kamu m\u00fchendisleri ve teknik personelin sesi olan M\u00fchendis Tek-Sen Enerji Sendikas\u0131, 6 \u015eubat depremlerinin y\u0131l d\u00f6n\u00fcm\u00fcnde afetlere kar\u015f\u0131 al\u0131nmas\u0131 gereken \u00f6nlemleri bir kez daha yineledi. Depreme kar\u015f\u0131 topyek\u00fbn m\u00fccadelenin uluslararas\u0131 m\u00fchendislik standartlar\u0131, insan hayat\u0131n\u0131 koruma misyonu, yap\u0131 denetim s\u00fcre\u00e7leri, kamu m\u00fchendislerinin rollerinin g\u00fc\u00e7lendirilmesi ve yeniden in\u015fa s\u00fcre\u00e7lerinin tamam\u0131n\u0131n dikkate al\u0131narak y\u00fcr\u00fct\u00fclmesi gerekti\u011fini s\u00f6yleyen <strong>M\u00fchendis Tek-Sen Enerji Genel Ba\u015fkan\u0131 M\u00fcmin G\u00fcler<\/strong>, T\u00fcrkiye\u2019nin bu konuda en ufak bir vakit kayb\u0131na tahamm\u00fcl\u00fcn\u00fcn olmad\u0131\u011f\u0131na dikkat \u00e7ekti.<\/p>\n<h3><strong>\u201cMevcut Yap\u0131lar da Depreme Kar\u015f\u0131 G\u00fcvenli De\u011fil\u201d<\/strong><\/h3>\n<p><em>\u201cKahramanmara\u015f merkezli depremler; yap\u0131lar\u0131n depreme dayan\u0131kl\u0131 olmas\u0131, g\u00fcncel deprem y\u00f6netmeliklerine uygun olarak tasarlanmas\u0131 ve g\u00fc\u00e7lendirilmesi gerekti\u011fini bir kez daha ortaya \u00e7\u0131kard\u0131\u201d <\/em>diyen M\u00fcmin G\u00fcler, \u015fu a\u00e7\u0131klamalarda bulundu:<em> \u201cDeprem \u00f6ncesi ve sonras\u0131 erken uyar\u0131 sistemleri ile izleme teknolojilerinin kullan\u0131lmas\u0131, m\u00fchendislik alan\u0131nda dikkate al\u0131nmas\u0131 gereken \u00f6nemli bir konu halini ald\u0131. Ayr\u0131ca depreme kar\u015f\u0131 yap\u0131lar\u0131n esnekli\u011fi art\u0131r\u0131lmal\u0131 ve sismik izolasyon gibi teknikler kullan\u0131lmal\u0131. Eski binalar\u0131n g\u00fc\u00e7lendirilmesi de b\u00fcy\u00fck bir \u00f6nem arz etmekte \u00e7\u00fcnk\u00fc mevcut yap\u0131lar da depreme kar\u015f\u0131 g\u00fcvenli de\u011fil. Mevcut yap\u0131 sto\u011funda kamusal, \u00f6zel, t\u00fczel demeden zay\u0131f binalar\u0131 tespit ettikten sonra y\u0131kmal\u0131, g\u00fc\u00e7lendirilebilecek olanlar\u0131 ise g\u00fc\u00e7lendirmeliyiz.\u201d<\/em><\/p>\n<h3><strong>\u201cKentsel D\u00f6n\u00fc\u015f\u00fcm Projeleri Genellikle Aceleye Getirilerek Ger\u00e7ekle\u015ftiriliyor\u201d<\/strong><\/h3>\n<p>T\u00fcrkiye\u2019de in\u015faat m\u00fchendisli\u011fi ve bina g\u00fcvenli\u011fi alan\u0131ndaki standartlar\u0131n teorik yeterlili\u011finin uygulamada tam olarak sa\u011flanamad\u0131\u011f\u0131n\u0131 belirten G\u00fcler, <em>\u201cDeprem y\u00f6netmeli\u011fi gibi \u00f6nemli mevzuatlar g\u00fcncel olsa da eski binalar\u0131n g\u00fc\u00e7lendirilmesi ve uygulama konusunda yetersizlikler ya\u015fanabiliyor. \u0130n\u015faat s\u00fcre\u00e7lerinde denetim eksiklikleri, yap\u0131lar\u0131n standartlara uygunlu\u011funu olumsuz etkiliyor. Zemin et\u00fcd\u00fc ve jeoteknik incelemeler, yeterince dikkate al\u0131nm\u0131yor, bu da b\u00fcy\u00fck riskler olu\u015fturabiliyor. Ayr\u0131ca, in\u015faat m\u00fchendislerinin ve di\u011fer ilgili profesyonellerin s\u00fcrekli e\u011fitim almas\u0131 ve halk\u0131n bina g\u00fcvenli\u011fi konusunda bilin\u00e7lendirilmesi \u00f6nemli. Kentsel d\u00f6n\u00fc\u015f\u00fcm projeleri de genellikle aceleye getirilerek yeterli g\u00fcvenlik \u00f6nlemleri al\u0131nmadan ger\u00e7ekle\u015ftirilebiliyor. Son olarak, in\u015faat sekt\u00f6r\u00fcnde kullan\u0131lan malzeme kalitesinin art\u0131r\u0131lmas\u0131 ve standartlara uygunlu\u011fun denetlenmesi gerekiyor. Bu alanlarda yap\u0131lacak iyile\u015ftirmeler, daha g\u00fcvenli ve dayan\u0131kl\u0131 yap\u0131lar in\u015fa edilmesine olanak sa\u011flayacakt\u0131r\u201d<\/em> ifadelerini kulland\u0131.<\/p>\n<h3><strong>M\u00fchendislerin Talebi, Ba\u011f\u0131ms\u0131zl\u0131klar\u0131n\u0131 Koruyabilecekleri Bir \u00c7al\u0131\u015fma Ortam\u0131<\/strong><\/h3>\n<p>M\u00fchendislik projelerinin temelinde tasar\u0131m a\u015famas\u0131ndan itibaren insan hayat\u0131n\u0131 koruma misyonunun yer almas\u0131 gerekti\u011fine dikkat \u00e7eken G\u00fcler\u2019e g\u00f6re yap\u0131lar\u0131n depreme, elektrik aksam\u0131nda do\u011fabilecek sorunlara, yang\u0131na ve di\u011fer tehlikelere kar\u015f\u0131 dayan\u0131kl\u0131 olmas\u0131, \u00e7evresel ve toplumsal etkilerin dikkate al\u0131nmas\u0131 gibi unsurlar bu misyonun bir par\u00e7as\u0131 durumunda. Kamu m\u00fchendislerinin \u00f6zellikle afet y\u00f6netimi ve yap\u0131 denetimi gibi kritik alanlardaki rollerini g\u00fc\u00e7lendirmenin b\u00fcy\u00fck \u00f6neme sahip oldu\u011funu ifade eden G\u00fcler, s\u00f6zlerine \u015f\u00f6yle devam etti: <em>\u201cKamu m\u00fchendislerinin afet y\u00f6netimi ve yap\u0131 denetimi gibi kritik alanlardaki rollerini g\u00fc\u00e7lendirmek i\u00e7in bir model geli\u015ftirilirken, \u00f6ncelikle m\u00fchendislerin e\u011fitim ve yetkinlik seviyelerinin art\u0131r\u0131lmas\u0131 gerekiyor. Bu do\u011frultuda, m\u00fchendislerin s\u00fcrekli e\u011fitim alaca\u011f\u0131, afet y\u00f6netimi ve yap\u0131 denetimi gibi konularda uzmanla\u015fabilecekleri sertifikasyon programlar\u0131 olu\u015fturulmal\u0131. Ayr\u0131ca, m\u00fchendislerin ba\u011f\u0131ms\u0131zl\u0131klar\u0131n\u0131 koruyabilecekleri bir \u00e7al\u0131\u015fma ortam\u0131 sa\u011flanmal\u0131 ve g\u00f6revlerini tarafs\u0131z bir \u015fekilde yerine getirmeleri i\u00e7in hukuki d\u00fczenlemeler g\u00fc\u00e7lendirilmeli. Son olarak, kamu m\u00fchendislerinin afet ve yap\u0131 denetimi gibi kritik alanlarda daha etkin olabilmesi i\u00e7in bir i\u015f birli\u011fi ve koordinasyon a\u011f\u0131 olu\u015fturulmal\u0131, farkl\u0131 kurumlar aras\u0131nda g\u00fc\u00e7l\u00fc bir ileti\u015fim sa\u011flanmal\u0131. Bu model, m\u00fchendislerin g\u00f6revlerini daha verimli ve g\u00fcvenilir bir \u015fekilde yerine getirmelerine yard\u0131mc\u0131 olacakt\u0131r.\u201d<\/em><\/p>","protected":false},"excerpt":{"rendered":"<p>Sorry, this entry is only available in Turkish. For the sake of viewer convenience, the content is shown below in the alternative language. You may click the link to switch the active language. 6 \u015eubat depremlerinin \u00fczerinden iki y\u0131l ge\u00e7se de ac\u0131lar tazeli\u011fini koruyor. B\u00f6lgenin yeniden in\u015fas\u0131 i\u00e7in \u00e7al\u0131\u015fmalar devam ederken T\u00fcrkiye\u2019nin deprem ger\u00e7e\u011fine kar\u015f\u0131 [&hellip;]<\/p>\n","protected":false},"author":1,"featured_media":194922,"comment_status":"open","ping_status":"open","sticky":false,"template":"","format":"standard","meta":[],"categories":[53],"tags":[112342,115798,115995,17296,115996,115797,115997],"views":20,"_links":{"self":[{"href":"https:\/\/www.enerjigazetesi.ist\/en\/wp-json\/wp\/v2\/posts\/194919"}],"collection":[{"href":"https:\/\/www.enerjigazetesi.ist\/en\/wp-json\/wp\/v2\/posts"}],"about":[{"href":"https:\/\/www.enerjigazetesi.ist\/en\/wp-json\/wp\/v2\/types\/post"}],"author":[{"embeddable":true,"href":"https:\/\/www.enerjigazetesi.ist\/en\/wp-json\/wp\/v2\/users\/1"}],"replies":[{"embeddable":true,"href":"https:\/\/www.enerjigazetesi.ist\/en\/wp-json\/wp\/v2\/comments?post=194919"}],"version-history":[{"count":0,"href":"https:\/\/www.enerjigazetesi.ist\/en\/wp-json\/wp\/v2\/posts\/194919\/revisions"}],"wp:featuredmedia":[{"embeddable":true,"href":"https:\/\/www.enerjigazetesi.ist\/en\/wp-json\/wp\/v2\/media\/194922"}],"wp:attachment":[{"href":"https:\/\/www.enerjigazetesi.ist\/en\/wp-json\/wp\/v2\/media?parent=194919"}],"wp:term":[{"taxonomy":"category","embeddable":true,"href":"https:\/\/www.enerjigazetesi.ist\/en\/wp-json\/wp\/v2\/categories?post=194919"},{"taxonomy":"post_tag","embeddable":true,"href":"https:\/\/www.enerjigazetesi.ist\/en\/wp-json\/wp\/v2\/tags?post=194919"}],"curies":[{"name":"wp","href":"https:\/\/api.w.org\/{rel}","templated":true}]}}