{"id":194908,"date":"2025-02-05T14:34:37","date_gmt":"2025-02-05T11:34:37","guid":{"rendered":"https:\/\/www.enerjigazetesi.ist\/?p=194908"},"modified":"2025-02-05T14:35:30","modified_gmt":"2025-02-05T11:35:30","slug":"tatlipinar-enerjinin-2024-yili-kari-yuzde-122-oraninda-artti","status":"publish","type":"post","link":"https:\/\/www.enerjigazetesi.ist\/en\/tatlipinar-enerjinin-2024-yili-kari-yuzde-122-oraninda-artti\/","title":{"rendered":"(Turkish) &#8217;Tatl\u0131p\u0131nar Enerji&#8217;nin 2024 Y\u0131l\u0131 K\u00e2r\u0131 Y\u00fczde 122 Oran\u0131nda Artt\u0131"},"content":{"rendered":"<p class=\"qtranxs-available-languages-message qtranxs-available-languages-message-en\">Sorry, this entry is only available in <a href=\"https:\/\/www.enerjigazetesi.ist\/tr\/wp-json\/wp\/v2\/posts\/194908\" class=\"qtranxs-available-language-link qtranxs-available-language-link-tr\" title=\"Turkish\">Turkish<\/a>. For the sake of viewer convenience, the content is shown below in the alternative language. You may click the link to switch the active language.<\/p><p><\/p>\n<h2><strong>Tatl\u0131p\u0131nar Enerji, 2024 y\u0131l\u0131 k\u00e2r\u0131n\u0131 2023 y\u0131l\u0131na g\u00f6re g\u00f6re, y\u00fczde 122 oran\u0131nda art\u0131rarak 1 milyar 783 milyon TL\u2019ye \u00e7\u0131kard\u0131. Finansal a\u00e7\u0131dan olduk\u00e7a ba\u015far\u0131l\u0131 bir y\u0131l\u0131 geride b\u0131rakan Tatl\u0131p\u0131nar Enerji\u2019nin toplam kapasitesi ise 317 MW\u2019a \u00e7\u0131kt\u0131. <\/strong><strong>A\u011fao\u011flu \u015eirketler Grubu CEO\u2019su ve Tatl\u0131p\u0131nar Enerji Y\u00f6netim Kurulu \u00dcyesi Burak Kutlu\u011f, <em>\u201cKapasite art\u0131r\u0131mlar\u0131n\u0131 s\u00fcrd\u00fcrd\u00fc\u011f\u00fcm\u00fcz 2024 y\u0131l\u0131nda hedeflerimize ula\u015ft\u0131k ve t\u00fcm bilan\u00e7o kalemlerinde \u00f6nemli b\u00fcy\u00fcme rakamlar\u0131na imza att\u0131k. \u0130stikrarl\u0131 b\u00fcy\u00fcmemizi bu y\u0131l da s\u00fcrd\u00fcrmeye, sat\u0131n almalar ve kapasite art\u0131r\u0131mlar\u0131yla b\u00fcy\u00fcmeye devam edece\u011fiz\u201d<\/em> dedi.<\/strong><\/h2>\n<p style=\"text-align: center;\"><img loading=\"lazy\" class=\"aligncenter wp-image-194911\" src=\"https:\/\/www.enerjigazetesi.ist\/wp-content\/uploads\/2025\/02\/tatlipinar-enerjinin-2024-yili-kari-yuzde-122-oraninda-artti.jpg\" alt=\"\" width=\"500\" height=\"325\" srcset=\"https:\/\/www.enerjigazetesi.ist\/wp-content\/uploads\/2025\/02\/tatlipinar-enerjinin-2024-yili-kari-yuzde-122-oraninda-artti.jpg 550w, https:\/\/www.enerjigazetesi.ist\/wp-content\/uploads\/2025\/02\/tatlipinar-enerjinin-2024-yili-kari-yuzde-122-oraninda-artti-300x195.jpg 300w, https:\/\/www.enerjigazetesi.ist\/wp-content\/uploads\/2025\/02\/tatlipinar-enerjinin-2024-yili-kari-yuzde-122-oraninda-artti-500x325.jpg 500w, https:\/\/www.enerjigazetesi.ist\/wp-content\/uploads\/2025\/02\/tatlipinar-enerjinin-2024-yili-kari-yuzde-122-oraninda-artti-77x50.jpg 77w\" sizes=\"(max-width: 500px) 100vw, 500px\" \/><\/p>\n<p>Tatl\u0131p\u0131nar Enerji, 2024 y\u0131l\u0131na ait bilan\u00e7osunu a\u00e7\u0131klad\u0131. \u015eirketin 31 Aral\u0131k 2024 itibar\u0131yla y\u0131ll\u0131k k\u00e2r\u0131, ge\u00e7en y\u0131l\u0131n ayn\u0131 d\u00f6nemine g\u00f6re y\u00fczde 122 oran\u0131nda artarak 1 milyar 783 milyon TL\u2019yi a\u015ft\u0131. \u015eirketin 12 ayl\u0131k esas faaliyet k\u00e2r\u0131 ise yine ge\u00e7en y\u0131l\u0131n ayn\u0131 d\u00f6nemine g\u00f6re, y\u00fczde 51 oran\u0131nda artarak 1 milyar 168 milyon TL oldu.<\/p>\n<p>\u015eirketin 2023 y\u0131l\u0131nda 1 milyar 352 milyon TL olarak ger\u00e7ekle\u015fen has\u0131lat rakam\u0131 ise 2024\u2019te y\u00fczde 45 art\u0131\u015fla 1 milyar 964 milyon TL\u2019nin \u00fczerine \u00e7\u0131kt\u0131. Aktif b\u00fcy\u00fckl\u00fc\u011f\u00fcn\u00fc y\u00fczde 32 oran\u0131nda art\u0131rarak 11 Milyar 625 milyon TL\u2019ye \u00e7\u0131karan Tatl\u0131p\u0131nar Enerji\u2019nin toplam \u00f6zkaynaklar\u0131 da y\u00fczde 40 art\u0131\u015fla 6 milyar 537 milyon TL oldu.<\/p>\n<div id=\"attachment_194910\" style=\"width: 510px\" class=\"wp-caption aligncenter\"><img aria-describedby=\"caption-attachment-194910\" loading=\"lazy\" class=\"wp-image-194910\" src=\"https:\/\/www.enerjigazetesi.ist\/wp-content\/uploads\/2025\/02\/Burak-Kutlug.jpg\" alt=\"\" width=\"500\" height=\"383\" srcset=\"https:\/\/www.enerjigazetesi.ist\/wp-content\/uploads\/2025\/02\/Burak-Kutlug.jpg 550w, https:\/\/www.enerjigazetesi.ist\/wp-content\/uploads\/2025\/02\/Burak-Kutlug-300x230.jpg 300w, https:\/\/www.enerjigazetesi.ist\/wp-content\/uploads\/2025\/02\/Burak-Kutlug-500x383.jpg 500w, https:\/\/www.enerjigazetesi.ist\/wp-content\/uploads\/2025\/02\/Burak-Kutlug-65x50.jpg 65w, https:\/\/www.enerjigazetesi.ist\/wp-content\/uploads\/2025\/02\/Burak-Kutlug-260x200.jpg 260w\" sizes=\"(max-width: 500px) 100vw, 500px\" \/><p id=\"caption-attachment-194910\" class=\"wp-caption-text\">A\u011fao\u011flu \u015eirketler Grubu CEO\u2019su ve Tatl\u0131p\u0131nar Enerji Y\u00f6netim Kurulu \u00dcyesi Burak Kutlu\u011f<\/p><\/div>\n<p><strong>A\u011fao\u011flu \u015eirketler Grubu CEO\u2019su ve Tatl\u0131p\u0131nar Enerji Y\u00f6netim Kurulu \u00dcyesi Burak Kutlu\u011f<\/strong>,\u00a0 <em>\u201c2024 y\u0131l\u0131n\u0131n t\u00fcm \u00e7eyreklerinde g\u00f6sterdi\u011fimiz performans, y\u0131l\u0131 b\u00fcy\u00fck bir ba\u015far\u0131yla kapatmam\u0131z\u0131 sa\u011flad\u0131. Yapt\u0131\u011f\u0131m\u0131z sat\u0131n almalar\u0131n ve kapasite art\u0131\u015flar\u0131m\u0131z\u0131n olumlu sonu\u00e7lar\u0131 ve ba\u015far\u0131l\u0131 finansal y\u00f6netim anlay\u0131\u015f\u0131m\u0131z \u015firketimizin bu y\u0131la \u00e7ok daha g\u00fc\u00e7l\u00fc girmesini sa\u011flad\u0131\u201d<\/em> dedi.<\/p>\n<h3><strong>\u201cYurt \u0130\u00e7i ve Yurt D\u0131\u015f\u0131nda B\u00fcy\u00fcmeye Devam Edece\u011fiz\u201d<\/strong><\/h3>\n<p>Tatl\u0131p\u0131nar Enerji\u2019nin halka arz oldu\u011fu 17 A\u011fustos 2023\u2019te i\u015fletmedeki kurulu g\u00fcc\u00fcn\u00fcn 115,5 MW oldu\u011funu ve halka arz tarihinden bu yana i\u015fletmedeki kombine kurulu g\u00fcc\u00fcn\u00fcn yakla\u015f\u0131k 3 kat\u0131na \u00e7\u0131kt\u0131\u011f\u0131n\u0131 belirten Kutlu\u011f, a\u00e7\u0131klamalar\u0131n\u0131 \u015f\u00f6yle s\u00fcrd\u00fcrd\u00fc:<em> \u201cDaha \u00f6nce a\u00e7\u0131klad\u0131\u011f\u0131m\u0131z b\u00fcy\u00fcme hedeflerimize eksiksiz ula\u015fm\u0131\u015f bulunuyoruz. Tatl\u0131p\u0131nar Enerji y\u00fczde 100 yenilenebilir enerji \u00fcreten ve b\u00fcy\u00fcme hedeflerini de bu dikey do\u011frultusunda geli\u015ftiren bir \u015firket. Hedefimiz, 2025 y\u0131l\u0131 i\u00e7erisinde de mevcut santrallerimizin bir k\u0131sm\u0131nda kapasite art\u0131\u015flar\u0131 ger\u00e7ekle\u015ftirerek b\u00fcy\u00fcmemizi sa\u011fl\u0131kl\u0131 bir \u015fekilde s\u00fcrd\u00fcrmek. Planlad\u0131\u011f\u0131m\u0131z yeni yat\u0131r\u0131mlarla yak\u0131n zamanda toplam kapasitemizi 350 MW\u2019\u0131n \u00fczerine \u00e7\u0131kartmay\u0131 hedefliyoruz. Orta-uzun vadede ise hedefimiz 1.000 MW\u2019l\u0131k kurulu g\u00fcce ula\u015fmak. Bunu da hem kapasite art\u0131\u015f\u0131 hem de sat\u0131n almalarla sa\u011flayaca\u011f\u0131z.\u201d<\/em><\/p>","protected":false},"excerpt":{"rendered":"<p>Sorry, this entry is only available in Turkish. For the sake of viewer convenience, the content is shown below in the alternative language. You may click the link to switch the active language. Tatl\u0131p\u0131nar Enerji, 2024 y\u0131l\u0131 k\u00e2r\u0131n\u0131 2023 y\u0131l\u0131na g\u00f6re g\u00f6re, y\u00fczde 122 oran\u0131nda art\u0131rarak 1 milyar 783 milyon TL\u2019ye \u00e7\u0131kard\u0131. Finansal a\u00e7\u0131dan olduk\u00e7a [&hellip;]<\/p>\n","protected":false},"author":1,"featured_media":194911,"comment_status":"open","ping_status":"open","sticky":false,"template":"","format":"standard","meta":[],"categories":[53,49,50],"tags":[28917,103075,842,105],"views":18,"_links":{"self":[{"href":"https:\/\/www.enerjigazetesi.ist\/en\/wp-json\/wp\/v2\/posts\/194908"}],"collection":[{"href":"https:\/\/www.enerjigazetesi.ist\/en\/wp-json\/wp\/v2\/posts"}],"about":[{"href":"https:\/\/www.enerjigazetesi.ist\/en\/wp-json\/wp\/v2\/types\/post"}],"author":[{"embeddable":true,"href":"https:\/\/www.enerjigazetesi.ist\/en\/wp-json\/wp\/v2\/users\/1"}],"replies":[{"embeddable":true,"href":"https:\/\/www.enerjigazetesi.ist\/en\/wp-json\/wp\/v2\/comments?post=194908"}],"version-history":[{"count":0,"href":"https:\/\/www.enerjigazetesi.ist\/en\/wp-json\/wp\/v2\/posts\/194908\/revisions"}],"wp:featuredmedia":[{"embeddable":true,"href":"https:\/\/www.enerjigazetesi.ist\/en\/wp-json\/wp\/v2\/media\/194911"}],"wp:attachment":[{"href":"https:\/\/www.enerjigazetesi.ist\/en\/wp-json\/wp\/v2\/media?parent=194908"}],"wp:term":[{"taxonomy":"category","embeddable":true,"href":"https:\/\/www.enerjigazetesi.ist\/en\/wp-json\/wp\/v2\/categories?post=194908"},{"taxonomy":"post_tag","embeddable":true,"href":"https:\/\/www.enerjigazetesi.ist\/en\/wp-json\/wp\/v2\/tags?post=194908"}],"curies":[{"name":"wp","href":"https:\/\/api.w.org\/{rel}","templated":true}]}}