{"id":194868,"date":"2025-02-05T11:36:39","date_gmt":"2025-02-05T08:36:39","guid":{"rendered":"https:\/\/www.enerjigazetesi.ist\/?p=194868"},"modified":"2025-02-05T11:39:23","modified_gmt":"2025-02-05T08:39:23","slug":"geycek-santralleri-icin-134-mwh-enerji-depolama-sistemi-kuruluyor","status":"publish","type":"post","link":"https:\/\/www.enerjigazetesi.ist\/en\/geycek-santralleri-icin-134-mwh-enerji-depolama-sistemi-kuruluyor\/","title":{"rendered":"(Turkish) Geycek Santralleri \u0130\u00e7in 13,4 MWh Enerji Depolama Sistemi Kuruluyor"},"content":{"rendered":"<p class=\"qtranxs-available-languages-message qtranxs-available-languages-message-en\">Sorry, this entry is only available in <a href=\"https:\/\/www.enerjigazetesi.ist\/tr\/wp-json\/wp\/v2\/posts\/194868\" class=\"qtranxs-available-language-link qtranxs-available-language-link-tr\" title=\"Turkish\">Turkish<\/a>. For the sake of viewer convenience, the content is shown below in the alternative language. You may click the link to switch the active language.<\/p><p><\/p>\n<h2><strong>Polat Enerji, Geycek Enerji Santrali\u2019nde depolamal\u0131 kapasite art\u0131\u015f\u0131 kapsam\u0131nda T\u00fcrkiye\u2019nin ilk <\/strong><strong>R\u00fczgar+G\u00fcne\u015f Hibrit<\/strong><strong>\u00a0santrallerine entegre\u00a0<\/strong><strong>enerji depolama tesisi i\u00e7in T Dinamik ile s\u00f6zle\u015fme imzalad\u0131.<\/strong><\/h2>\n<p style=\"text-align: center;\"><img loading=\"lazy\" class=\"aligncenter wp-image-194870\" src=\"https:\/\/www.enerjigazetesi.ist\/wp-content\/uploads\/2025\/02\/geycek-santralleri-icin-134-mwh-enerji-depolama-sistemi-kuruluyor-1.jpg\" alt=\"\" width=\"500\" height=\"359\" srcset=\"https:\/\/www.enerjigazetesi.ist\/wp-content\/uploads\/2025\/02\/geycek-santralleri-icin-134-mwh-enerji-depolama-sistemi-kuruluyor-1.jpg 550w, https:\/\/www.enerjigazetesi.ist\/wp-content\/uploads\/2025\/02\/geycek-santralleri-icin-134-mwh-enerji-depolama-sistemi-kuruluyor-1-300x215.jpg 300w, https:\/\/www.enerjigazetesi.ist\/wp-content\/uploads\/2025\/02\/geycek-santralleri-icin-134-mwh-enerji-depolama-sistemi-kuruluyor-1-500x359.jpg 500w, https:\/\/www.enerjigazetesi.ist\/wp-content\/uploads\/2025\/02\/geycek-santralleri-icin-134-mwh-enerji-depolama-sistemi-kuruluyor-1-70x50.jpg 70w\" sizes=\"(max-width: 500px) 100vw, 500px\" \/><\/p>\n<p>Polat Enerjinin K\u0131r\u015fehir, Mucur\u2019da 168 MW r\u00fczgar 46,6 MW g\u00fcne\u015f kurulu g\u00fcc\u00fcyle T\u00fcrkiye\u2019nin en b\u00fcy\u00fck yenilenebilir santralleri aras\u0131nda yer olan Geycek santrallerine <strong>T Dinamik<\/strong> i\u015ftiraki <strong>Tegnatia<\/strong> taraf\u0131ndan <strong>10 MW g\u00fcc\u00fcnde, 13,4 MWh kapasiteli enerji depolama sistemi<\/strong> kurulacak. Proje kapsam\u0131nda, d\u00fcnya \u00e7ap\u0131nda enerji depolama alan\u0131nda lider olan <strong>Sungrow\u00a0<\/strong>markas\u0131n\u0131n \u00fcr\u00fcnleri kullan\u0131lacak.<\/p>\n<p>Bu s\u00f6zle\u015fme, T\u00fcrkiye\u2019nin ilk \u015eebeke \u00d6l\u00e7ekli R\u00fczgar, G\u00fcne\u015f ve Batarya Enerji Depolamal\u0131 Sistemli hibrit santralinin hayata ge\u00e7mesi s\u00fcrecinin ilk ad\u0131m\u0131 olacakt\u0131r. Yenilenebilir enerji \u00fcretiminde s\u00fcrd\u00fcr\u00fclebilirlik, yenilik\u00e7ilik ve verimlili\u011fi \u00f6n planda tutan Polat Enerji, bu yat\u0131r\u0131m ile birlikte T\u00fcrkiye\u2019nin bu sekt\u00f6rde yine ilklerden biri olmay\u0131 hedeflemektedir.<\/p>\n<p>Projenin hayata ge\u00e7mesiyle birlikte, r\u00fczgar ve g\u00fcne\u015f enerjisi kaynaklar\u0131ndan elde edilen \u00fcretim, batarya enerji depolama sistemleri arac\u0131l\u0131\u011f\u0131yla en verimli \u015fekilde y\u00f6netilecek. Bu entegre yap\u0131, \u015febeke kararl\u0131l\u0131\u011f\u0131na katk\u0131 sa\u011flarken, yenilenebilir enerji kaynaklar\u0131n\u0131n kullan\u0131m\u0131n\u0131 maksimum d\u00fczeye \u00e7\u0131kararak T\u00fcrkiye\u2019nin enerji ba\u011f\u0131ms\u0131zl\u0131\u011f\u0131na ve enerji d\u00f6n\u00fc\u015f\u00fcm\u00fcne destek olacakt\u0131r.<\/p>\n<p><strong>Polat Enerji, T Dinamik Enerji\u00a0<\/strong>ve\u00a0<strong>Tegnatia EPC i\u015f birli\u011fiyle ger\u00e7ekle\u015fecek\u00a0<\/strong>proje ile T\u00fcrkiye\u2019nin yenilenebilir enerji kapasitesine \u00f6nemli bir katk\u0131 sa\u011flayacak.<\/p>","protected":false},"excerpt":{"rendered":"<p>Sorry, this entry is only available in Turkish. For the sake of viewer convenience, the content is shown below in the alternative language. You may click the link to switch the active language. Polat Enerji, Geycek Enerji Santrali\u2019nde depolamal\u0131 kapasite art\u0131\u015f\u0131 kapsam\u0131nda T\u00fcrkiye\u2019nin ilk R\u00fczgar+G\u00fcne\u015f Hibrit\u00a0santrallerine entegre\u00a0enerji depolama tesisi i\u00e7in T Dinamik ile s\u00f6zle\u015fme imzalad\u0131. [&hellip;]<\/p>\n","protected":false},"author":1,"featured_media":194871,"comment_status":"open","ping_status":"open","sticky":false,"template":"","format":"standard","meta":[],"categories":[51,53,49,50],"tags":[18204,115982,4487,115981,32194],"views":33,"_links":{"self":[{"href":"https:\/\/www.enerjigazetesi.ist\/en\/wp-json\/wp\/v2\/posts\/194868"}],"collection":[{"href":"https:\/\/www.enerjigazetesi.ist\/en\/wp-json\/wp\/v2\/posts"}],"about":[{"href":"https:\/\/www.enerjigazetesi.ist\/en\/wp-json\/wp\/v2\/types\/post"}],"author":[{"embeddable":true,"href":"https:\/\/www.enerjigazetesi.ist\/en\/wp-json\/wp\/v2\/users\/1"}],"replies":[{"embeddable":true,"href":"https:\/\/www.enerjigazetesi.ist\/en\/wp-json\/wp\/v2\/comments?post=194868"}],"version-history":[{"count":0,"href":"https:\/\/www.enerjigazetesi.ist\/en\/wp-json\/wp\/v2\/posts\/194868\/revisions"}],"wp:featuredmedia":[{"embeddable":true,"href":"https:\/\/www.enerjigazetesi.ist\/en\/wp-json\/wp\/v2\/media\/194871"}],"wp:attachment":[{"href":"https:\/\/www.enerjigazetesi.ist\/en\/wp-json\/wp\/v2\/media?parent=194868"}],"wp:term":[{"taxonomy":"category","embeddable":true,"href":"https:\/\/www.enerjigazetesi.ist\/en\/wp-json\/wp\/v2\/categories?post=194868"},{"taxonomy":"post_tag","embeddable":true,"href":"https:\/\/www.enerjigazetesi.ist\/en\/wp-json\/wp\/v2\/tags?post=194868"}],"curies":[{"name":"wp","href":"https:\/\/api.w.org\/{rel}","templated":true}]}}