{"id":194834,"date":"2025-02-03T15:22:52","date_gmt":"2025-02-03T12:22:52","guid":{"rendered":"https:\/\/www.enerjigazetesi.ist\/?p=194834"},"modified":"2025-02-03T15:22:52","modified_gmt":"2025-02-03T12:22:52","slug":"tki-den-yenilenebilir-enerji-atagi","status":"publish","type":"post","link":"https:\/\/www.enerjigazetesi.ist\/en\/tki-den-yenilenebilir-enerji-atagi\/","title":{"rendered":"(Turkish) &#8217;TK\u0130&#8217;den Yenilenebilir Enerji Ata\u011f\u0131"},"content":{"rendered":"<p class=\"qtranxs-available-languages-message qtranxs-available-languages-message-en\">Sorry, this entry is only available in <a href=\"https:\/\/www.enerjigazetesi.ist\/tr\/wp-json\/wp\/v2\/posts\/194834\" class=\"qtranxs-available-language-link qtranxs-available-language-link-tr\" title=\"Turkish\">Turkish<\/a>. For the sake of viewer convenience, the content is shown below in the alternative language. You may click the link to switch the active language.<\/p><p><\/p>\n<h2><strong>Enerji ve Tabii Kaynaklar Bakanl\u0131\u011f\u0131&#8217;n\u0131n Milli Enerji ve Maden Politikas\u0131 kapsam\u0131nda g\u00fcne\u015f enerjisi santrallerinin (GES) in\u015fas\u0131na a\u011f\u0131rl\u0131k veren TK\u0130\u2019de ye\u015fil d\u00f6n\u00fc\u015f\u00fcm ba\u015flad\u0131.<\/strong><\/h2>\n<p style=\"text-align: center;\"><img loading=\"lazy\" class=\"aligncenter wp-image-194836\" src=\"https:\/\/www.enerjigazetesi.ist\/wp-content\/uploads\/2025\/02\/tki-den-yenilenebilir-enerji-atagi.jpg\" alt=\"\" width=\"500\" height=\"321\" srcset=\"https:\/\/www.enerjigazetesi.ist\/wp-content\/uploads\/2025\/02\/tki-den-yenilenebilir-enerji-atagi.jpg 550w, https:\/\/www.enerjigazetesi.ist\/wp-content\/uploads\/2025\/02\/tki-den-yenilenebilir-enerji-atagi-300x193.jpg 300w, https:\/\/www.enerjigazetesi.ist\/wp-content\/uploads\/2025\/02\/tki-den-yenilenebilir-enerji-atagi-500x321.jpg 500w, https:\/\/www.enerjigazetesi.ist\/wp-content\/uploads\/2025\/02\/tki-den-yenilenebilir-enerji-atagi-78x50.jpg 78w\" sizes=\"(max-width: 500px) 100vw, 500px\" \/><\/p>\n<h3><strong>YE\u015e\u0130L D\u00d6N\u00dc\u015e\u00dcM ADIMLARI<\/strong><\/h3>\n<p>1957 y\u0131l\u0131nda kurulan T\u00fcrkiye K\u00f6m\u00fcr \u0130\u015fletmeleri (TK\u0130), \u00e7evreyle uyumlu ve s\u00fcrd\u00fcr\u00fclebilir madencilik anlay\u0131\u015f\u0131 \u00e7er\u00e7evesinde faaliyet g\u00f6stermeye devam ederken k\u00fcresel \u0131s\u0131nman\u0131n etkilerini azaltmak, karbon ayak izini d\u00fc\u015f\u00fcrmek ve s\u00fcrd\u00fcr\u00fclebilir bir gelecek in\u015fa etmek amac\u0131yla yenilenebilir enerji alan\u0131nda da \u00f6nemli yat\u0131r\u0131mlar yap\u0131yor.<\/p>\n<p>Enerji Bakanl\u0131\u011f\u0131n\u0131n yenilenebilir enerji kaynaklar\u0131n\u0131n kullan\u0131m\u0131n\u0131n yayg\u0131nla\u015ft\u0131r\u0131lmas\u0131 ve bu kaynaklar\u0131n elektrik enerjisi \u00fcretimindeki pay\u0131n\u0131n artt\u0131r\u0131lmas\u0131 hedefi do\u011frultusunda 2021 y\u0131l\u0131nda ilk GES santralini devreye alan TK\u0130, madencilik faaliyetleri yaparken ihtiya\u00e7 duydu\u011fu enerjinin bir k\u0131sm\u0131n\u0131 bu santrallerden sa\u011fl\u0131yor.<\/p>\n<p>TK\u0130\u2019nin yenilenebilir enerji tesisleri, 2024 y\u0131l\u0131 sonu itibar\u0131yla toplamda 9 milyon kWh enerji \u00fcreterek kurumun toplam y\u0131ll\u0131k enerji t\u00fcketiminin y\u00fczde 17\u2019sini kar\u015f\u0131lad\u0131. Bu projelerle yakla\u015f\u0131k 5 milyon ton karbondioksit sal\u0131n\u0131m\u0131n\u0131n \u00f6n\u00fcne ge\u00e7ildi.<\/p>\n<p>GES santrallerini yerli sermaye ile in\u015fa ederek devlet kaynaklar\u0131n\u0131n daha verimli kullan\u0131lmas\u0131 ve d\u00f6vizle sat\u0131n al\u0131nan enerji kaynaklar\u0131na duyulan ihtiyac\u0131n da azalmas\u0131 sa\u011fland\u0131.<\/p>\n<h3><strong>TK\u0130, 2026\u2019DA GES KURULU G\u00dcC\u00dcN\u00dc 2,5 KAT ARTIRACAK<\/strong><\/h3>\n<p>TK\u0130, \u00fcretimi tamamlanm\u0131\u015f maden sahalar\u0131na g\u00fcne\u015f enerjisi santralleri kurarak \u015fu anda 6 MW\u2019\u0131n \u00fczerinde kurulu g\u00fcce ula\u015ft\u0131. 2026 y\u0131l\u0131na kadar bu kapasitenin 2,5 kat\u0131na \u00e7\u0131kar\u0131lmas\u0131 hedefleniyor. Manisa Soma\u2019da, 2021 y\u0131l\u0131nda 1 MW kapasite ilk GES\u2019ini kuran TK\u0130, bu b\u00f6lgede kurulumunu b\u00fcy\u00fck \u00f6l\u00e7\u00fcde tamamlam\u0131\u015f oldu\u011fu 4 MW kapasiteli bir santrali daha yak\u0131n zamanda \u00fcretime ge\u00e7irecek. \u00c7anakkale \u00c7an\u2019da 2024 y\u0131l\u0131nda 5 MW\u2019l\u0131k santral devreye al\u0131nm\u0131\u015ft\u0131. K\u00fctahya Tav\u015fanl\u0131\u2019da ise 2026 y\u0131l\u0131na kadar 5 MW kapasiteli yeni bir santralin devreye al\u0131nmas\u0131 i\u00e7in \u00e7al\u0131\u015fmalar devam ediyor. TK\u0130\u2019nin Ankara Genel M\u00fcd\u00fcrl\u00fc\u011f\u00fc yerle\u015fkesinde 100 kW \u00c7at\u0131 GES ve 120 kW DC kapasiteli 3 Ara\u00e7 \u015earj \u0130stasyonu projesi de 2022 y\u0131l\u0131nda hayata ge\u00e7mi\u015fti.<\/p>\n<p>\u00c7evreye duyarl\u0131, insan odakl\u0131, s\u00fcrd\u00fcr\u00fclebilir madencilik anlay\u0131\u015f\u0131 i\u00e7inde temiz k\u00f6m\u00fcr teknolojileri konusunda da \u00e7e\u015fitli Ar-Ge projeleri y\u00fcr\u00fcten TK\u0130, Cumhurba\u015fkan\u0131 Erdo\u011fan\u2019\u0131n Dubai\u2019de Birle\u015fmi\u015f Milletler \u0130klim De\u011fi\u015fikli\u011fi \u00c7er\u00e7eve S\u00f6zle\u015fmesi 28\u2019inci Taraflar Konferans\u0131 (COP28) kapsam\u0131nda d\u00fczenlenen D\u00fcnya \u0130klim Eylemi Zirvesi\u2019nde a\u00e7\u0131klad\u0131\u011f\u0131 \u201c2053 net s\u0131f\u0131r emisyon\u201d hedefi do\u011frultusunda \u00e7al\u0131\u015fmalar\u0131na devam ediyor.<\/p>","protected":false},"excerpt":{"rendered":"<p>Sorry, this entry is only available in Turkish. For the sake of viewer convenience, the content is shown below in the alternative language. You may click the link to switch the active language. Enerji ve Tabii Kaynaklar Bakanl\u0131\u011f\u0131&#8217;n\u0131n Milli Enerji ve Maden Politikas\u0131 kapsam\u0131nda g\u00fcne\u015f enerjisi santrallerinin (GES) in\u015fas\u0131na a\u011f\u0131rl\u0131k veren TK\u0130\u2019de ye\u015fil d\u00f6n\u00fc\u015f\u00fcm ba\u015flad\u0131. [&hellip;]<\/p>\n","protected":false},"author":1,"featured_media":194836,"comment_status":"open","ping_status":"open","sticky":false,"template":"","format":"standard","meta":[],"categories":[53,49,24649],"tags":[2326,2569,9321,1748,107584,2482],"views":32,"_links":{"self":[{"href":"https:\/\/www.enerjigazetesi.ist\/en\/wp-json\/wp\/v2\/posts\/194834"}],"collection":[{"href":"https:\/\/www.enerjigazetesi.ist\/en\/wp-json\/wp\/v2\/posts"}],"about":[{"href":"https:\/\/www.enerjigazetesi.ist\/en\/wp-json\/wp\/v2\/types\/post"}],"author":[{"embeddable":true,"href":"https:\/\/www.enerjigazetesi.ist\/en\/wp-json\/wp\/v2\/users\/1"}],"replies":[{"embeddable":true,"href":"https:\/\/www.enerjigazetesi.ist\/en\/wp-json\/wp\/v2\/comments?post=194834"}],"version-history":[{"count":0,"href":"https:\/\/www.enerjigazetesi.ist\/en\/wp-json\/wp\/v2\/posts\/194834\/revisions"}],"wp:featuredmedia":[{"embeddable":true,"href":"https:\/\/www.enerjigazetesi.ist\/en\/wp-json\/wp\/v2\/media\/194836"}],"wp:attachment":[{"href":"https:\/\/www.enerjigazetesi.ist\/en\/wp-json\/wp\/v2\/media?parent=194834"}],"wp:term":[{"taxonomy":"category","embeddable":true,"href":"https:\/\/www.enerjigazetesi.ist\/en\/wp-json\/wp\/v2\/categories?post=194834"},{"taxonomy":"post_tag","embeddable":true,"href":"https:\/\/www.enerjigazetesi.ist\/en\/wp-json\/wp\/v2\/tags?post=194834"}],"curies":[{"name":"wp","href":"https:\/\/api.w.org\/{rel}","templated":true}]}}