{"id":194769,"date":"2025-01-31T15:36:23","date_gmt":"2025-01-31T12:36:23","guid":{"rendered":"https:\/\/www.enerjigazetesi.ist\/?p=194769"},"modified":"2025-01-31T15:41:39","modified_gmt":"2025-01-31T12:41:39","slug":"elektrikte-yeni-tarife-donemi-basliyor","status":"publish","type":"post","link":"https:\/\/www.enerjigazetesi.ist\/en\/elektrikte-yeni-tarife-donemi-basliyor\/","title":{"rendered":"(Turkish) Elektrikte Yeni Tarife D\u00f6nemi Ba\u015fl\u0131yor!"},"content":{"rendered":"<p class=\"qtranxs-available-languages-message qtranxs-available-languages-message-en\">Sorry, this entry is only available in <a href=\"https:\/\/www.enerjigazetesi.ist\/tr\/wp-json\/wp\/v2\/posts\/194769\" class=\"qtranxs-available-language-link qtranxs-available-language-link-tr\" title=\"Turkish\">Turkish<\/a>. For the sake of viewer convenience, the content is shown below in the alternative language. You may click the link to switch the active language.<\/p><p><\/p>\n<h2>Enerji ve Tabii Kaynaklar Bakan\u0131 Alparslan Bayraktar, elektrikte yeni tarifenin 1 \u015eubat\u2019ta ba\u015flayaca\u011f\u0131n\u0131 ifade ederek 42 milyon elektrik abonesinden 40 milyonunun faturalar\u0131nda herhangi bir de\u011fi\u015fiklik olmayaca\u011f\u0131n\u0131 s\u00f6yledi.<\/h2>\n<p style=\"text-align: center;\"><img loading=\"lazy\" class=\"aligncenter wp-image-194772\" src=\"https:\/\/www.enerjigazetesi.ist\/wp-content\/uploads\/2025\/01\/elektrikte-yeni-tarife-donemi-basliyor.jpg\" alt=\"\" width=\"500\" height=\"329\" srcset=\"https:\/\/www.enerjigazetesi.ist\/wp-content\/uploads\/2025\/01\/elektrikte-yeni-tarife-donemi-basliyor.jpg 550w, https:\/\/www.enerjigazetesi.ist\/wp-content\/uploads\/2025\/01\/elektrikte-yeni-tarife-donemi-basliyor-300x197.jpg 300w, https:\/\/www.enerjigazetesi.ist\/wp-content\/uploads\/2025\/01\/elektrikte-yeni-tarife-donemi-basliyor-500x329.jpg 500w, https:\/\/www.enerjigazetesi.ist\/wp-content\/uploads\/2025\/01\/elektrikte-yeni-tarife-donemi-basliyor-76x50.jpg 76w\" sizes=\"(max-width: 500px) 100vw, 500px\" \/><\/p>\n<h3>Gazetecilerin Sorular\u0131n\u0131 Yan\u0131tlad\u0131<\/h3>\n<p>Anadolu Yay\u0131nc\u0131lar\u0131 Federasyonu taraf\u0131ndan d\u00fczenlenen toplant\u0131da gazetecilerin sorular\u0131n\u0131 yan\u0131tlayan Bakan Bayraktar, vatanda\u015flara daha adil bir \u015fekilde destek verme gayretinde olduklar\u0131n\u0131 s\u00f6yledi.<\/p>\n<h3>Maliyet Esasl\u0131 Model<\/h3>\n<p>Bayraktar, elektrikte 1 \u015eubat\u2019ta ba\u015flayacak yeni tarifeyle 2024 y\u0131l\u0131nda ayl\u0131kta 417 KWh, y\u0131ll\u0131kta da toplam 5 bin KWh\u2019l\u0131k t\u00fcketimi a\u015fan gruplar\u0131n ger\u00e7ek maliyet neyse onu \u00f6deyece\u011fini vurgulayarak <em>\u201cAbonelerin y\u00fczde 3&#8217;\u00fcn\u00fc etkileyecek bir d\u00fczenlemeyi hayata ge\u00e7iriyoruz. 40 milyon abonenin faturalar\u0131nda herhangi bir de\u011fi\u015fiklik olmayacak.\u201d<\/em> dedi.<\/p>\n<h3>\u0130l Bazl\u0131 Kademelendirme<\/h3>\n<p>Do\u011fal gazda benzer bir kademelendirme uygulamas\u0131 \u00fczerinde \u00e7al\u0131\u015ft\u0131klar\u0131n\u0131 anlatan, il bazl\u0131 d\u00fc\u015f\u00fcnd\u00fckleri uygulaman\u0131n bu y\u0131l sonunda hayata ge\u00e7ebilece\u011fini bildiren Bayraktar, \u015e\u0131rnak Gabar\u2019da petrol \u00fcretiminin 75 bin varili ge\u00e7ti\u011fini dile getirerek <em>\u201cHem do\u011fal gazda hem petrolde yakla\u015f\u0131k ihtiyac\u0131m\u0131z\u0131n y\u00fczde 15-16\u2019s\u0131n\u0131 kendi \u00fcretimimizle kar\u015f\u0131l\u0131yoruz.\u201d<\/em> diye konu\u015ftu.<\/p>\n<h3>T\u00fcrkmen Gaz\u0131\u2019nda Son A\u015fama<\/h3>\n<p>Bayraktar, 1 Ocak itibar\u0131yla Ukrayna\u2019n\u0131n Rusya&#8217;dan Avrupa&#8217;ya transit gaz ak\u0131\u015f\u0131n\u0131 sonland\u0131rmas\u0131n\u0131n ard\u0131ndan Slovakya\u2019n\u0131n durumdan etkilendi\u011fini, \u00e7\u00f6z\u00fcm noktas\u0131nda Slovakya Ba\u015fbakan Yard\u0131mc\u0131s\u0131 Denisa Sakova ile g\u00f6r\u00fc\u015fece\u011fine de\u011finerek <em>\u201cMacaristan&#8217;la Romanya&#8217;yla Bulgaristan&#8217;la de\u011fi\u015fik ticari formatlarda \u00e7al\u0131\u015f\u0131yoruz. Di\u011fer \u00fclkelere de bu anlamda katk\u0131 yapabiliriz. T\u00fcrkmen gaz\u0131n\u0131n T\u00fcrkiye&#8217;ye gelmesiyle alakal\u0131 da yo\u011fun bir \u00e7al\u0131\u015fmam\u0131z devam ediyor. \u0130n\u015fallah bizim 30 y\u0131ll\u0131k r\u00fcyam\u0131z ger\u00e7e\u011fe d\u00f6n\u00fc\u015fecek. Yani son a\u015famalara geldik diyebilirim.\u201d<\/em> yorumunda bulundu.<\/p>\n<h3>Suriye\u2019ye Elektrik ve Do\u011fal Gaz<\/h3>\n<p>T\u00fcrkiye\u2019nin Suriye\u2019deki harek\u00e2t b\u00f6lgelerine mevcutta bir elektrik transferi oldu\u011funu, ilk etapta bunu y\u00fczde 50 oran\u0131nda artt\u0131racaklar\u0131n\u0131 a\u00e7\u0131klayan Bayraktar, 5-6 ayda Halep\u2019e kadarki iletim hatt\u0131n\u0131 aya\u011fa kald\u0131rarak ihracat\u0131 500 megavata artt\u0131rmay\u0131 hedeflediklerini s\u00f6yledi. Bayraktar, Halep\u2019in ihtiyac\u0131n\u0131n 2 bin megavat oldu\u011funu 500 megavat\u0131n\u0131n iletim hatlar\u0131yla sa\u011flanmas\u0131 durumunda geri kalan k\u0131sm\u0131 i\u00e7in oradaki mevcut do\u011fal gaz santralinin bak\u0131m sonras\u0131 devreye al\u0131nabilece\u011fini vurgulayarak santrale do\u011fal gaz sa\u011flanmas\u0131 i\u00e7in de 50-60 kilometrelik bir do\u011fal gaz boru hatt\u0131yla ilgili \u00e7al\u0131\u015fma yapt\u0131klar\u0131n\u0131 s\u00f6yledi.<\/p>\n<h3>Kand\u0131ra-1\u2019de Sondaj<\/h3>\n<p>Karadeniz\u2019de, Sakarya Gaz Sahas\u0131\u2019nda Kand\u0131ra-1 kuyusunda sondaja ba\u015flad\u0131klar\u0131n\u0131 a\u00e7\u0131klayan Bayraktar, <em>\u201c\u00dcmitvar oldu\u011fumuz bir saha. Bir de Somali&#8217;de \u00e7al\u0131\u015f\u0131yoruz. Sismik \u00e7al\u0131\u015fmalar\u0131n y\u00fczde 47\u2019sini tamamlad\u0131k. Muhtemelen Nisan gibi oradaki sismik \u00e7al\u0131\u015fma bitecek.\u201d<\/em> dedi. Bayraktar, Sakarya Gaz Sahas\u0131\u2019nda g\u00fcnl\u00fck \u00fcretimin 7 milyon metre k\u00fcpe geldi\u011fini, yakla\u015f\u0131k 3 milyon hanenin do\u011fal gaz\u0131n\u0131n buradan kar\u015f\u0131land\u0131\u011f\u0131n\u0131 belirterek<em> \u201cNisan\u2019a gelmeden 9 milyon metrek\u00fcp\u00fc ge\u00e7ece\u011fiz. 2026 Temmuz\u2019da da 20 milyon metrek\u00fcpe gelece\u011fiz.\u201d<\/em> diye konu\u015ftu.<\/p>\n<h3>K\u0131br\u0131s Mesaj\u0131<\/h3>\n<p>G\u00fcney K\u0131br\u0131s Rum Kesimi\u2019nin ada \u00e7evresinde sondaj \u00e7al\u0131\u015fmalar\u0131 ba\u015flatmas\u0131yla ilgili bir soru \u00fczerine Bayraktar, <em>\u201cYani GKRY b\u00fct\u00fcn ada \u00fczerinde b\u00f6yle bir hak iddia ediyorsa o zaman KKTC&#8217;nin de b\u00fct\u00fcn adayla alakal\u0131 verebilece\u011fi ruhsat vard\u0131r. Buradan elde edilebilecek bir petrol ve do\u011fal gaz geliri varsa bu b\u00fct\u00fcn adaya aittir. Yani sadece KKTC de\u011fil, b\u00fct\u00fcn adaya aittir. Bizim onlarla temel s\u00f6ylem fark\u0131m\u0131z ve yakla\u015f\u0131m fark\u0131m\u0131z o.\u201d<\/em> de\u011ferlendirmesini yapt\u0131.<\/p>\n<h3>N\u00fckleerde Kritik Y\u0131l<\/h3>\n<p>Bayraktar, t\u00fcm d\u00fcnyada n\u00fckleer enerjinin b\u00fcy\u00fck bir ivmeyle geri d\u00f6nd\u00fc\u011f\u00fcn\u00fcn alt\u0131n\u0131 \u00e7izerek;<\/p>\n<p><em>\u201cAkkuyu&#8217;da ilk reakt\u00f6rle alakal\u0131 bu sene test \u00fcretimi de olsa bir elektrik \u00fcretimine ba\u015flamay\u0131 hedefliyoruz. Dolay\u0131s\u0131yla ilk reakt\u00f6rden elektrik \u00fcretimi bizim i\u00e7in \u00e7ok kritik. T\u00fcrkiye i\u00e7in \u00e7ok tarihi bir an olur. Kore ve Rusya Sinop ile ilgilenen \u00fclkeler. \u00c7in&#8217;le Trakya&#8217;daki projeyi konu\u015fuyoruz. 2025 bu i\u015f bunun i\u00e7in de kritik bir y\u0131l yani \u00f6n\u00fcm\u00fczdeki birka\u00e7 ay bizim i\u00e7in \u00f6nemli.\u201d <\/em>ifadelerini kulland\u0131.<\/p>\n<h3>Y\u00fczde 92 Safl\u0131kta \u00dcretim<\/h3>\n<p>Eski\u015fehir Beylikova\u2019da nadir toprak elementlerinin bulundu\u011fu sahada kurulan pilot tesiste y\u00fczde 92 safl\u0131\u011fa kadar \u00fcretim yapt\u0131klar\u0131n\u0131 a\u00e7\u0131klayan Bayraktar, <em>\u201cTonu a\u015fa\u011f\u0131 yukar\u0131 10 bin dolar civar\u0131nda olan bir konsantreyi \u00fcretmi\u015f durumday\u0131z \u015fu anda. Ama bunu ticarile\u015ftirmek ve o rakamlar\u0131 safl\u0131k derecesini yukar\u0131lara \u00e7\u0131karmak yani 99,999\u2019a gidebilmek \u00e7ok daha b\u00fcy\u00fck katma de\u011fer.\u201d<\/em> dedi.<\/p>\n<h3>8 Milyar Dolarl\u0131k \u0130thalat\u0131 \u00d6nleyecek<\/h3>\n<p>Bayraktar, bin 200 megavat kapasiteli YEKA RES-2024 yar\u0131\u015fmalar\u0131na 18 kat talep geldi\u011fini, \u00e7ok rekabet\u00e7i bir ihale ger\u00e7ekle\u015ftirildi\u011fini anlatarak <em>\u201c800 milyon metrek\u00fcp do\u011fal gaz kullanarak \u00fcretece\u011fim elektri\u011fi bu bin 200 megavatl\u0131k r\u00fczg\u00e2r ile \u00fcretiyorum. Y\u0131lda 400 milyon dolar, al\u0131m garanti s\u00fcresine 20 y\u0131l derseniz 8 milyar dolarl\u0131k do\u011fal gaz ithalat\u0131n\u0131 \u00f6nleme katk\u0131s\u0131 var. Fiyat 3,5 sente d\u00fc\u015ft\u00fc. Yani \u015fu anda elektrik fiyat\u0131 piyasada 7 sent. Bir de \u00fczerine 120 milyon dolar kapasite bedeli \u00f6deyecekler. \u00d6n\u00fcm\u00fczdeki hafta sal\u0131 g\u00fcn\u00fc daha rekabet\u00e7i ge\u00e7ece\u011fini d\u00fc\u015f\u00fcnd\u00fc\u011f\u00fcm bir g\u00fcne\u015f ihalesi olacak.\u201d<\/em> diye konu\u015ftu.<\/p>\n<p>Kaynak: <a href=\"https:\/\/enerji.gov.tr\/haber-detay?id=21443\" target=\"_blank\" rel=\"noopener\">ETKB<\/a><\/p>","protected":false},"excerpt":{"rendered":"<p>Sorry, this entry is only available in Turkish. For the sake of viewer convenience, the content is shown below in the alternative language. You may click the link to switch the active language. Enerji ve Tabii Kaynaklar Bakan\u0131 Alparslan Bayraktar, elektrikte yeni tarifenin 1 \u015eubat\u2019ta ba\u015flayaca\u011f\u0131n\u0131 ifade ederek 42 milyon elektrik abonesinden 40 milyonunun faturalar\u0131nda [&hellip;]<\/p>\n","protected":false},"author":1,"featured_media":194772,"comment_status":"open","ping_status":"open","sticky":false,"template":"","format":"standard","meta":[],"categories":[51,53],"tags":[68,5939,2961,115957,115958,95930,1369,78789,113148,6074,463,115920,40485],"views":43,"_links":{"self":[{"href":"https:\/\/www.enerjigazetesi.ist\/en\/wp-json\/wp\/v2\/posts\/194769"}],"collection":[{"href":"https:\/\/www.enerjigazetesi.ist\/en\/wp-json\/wp\/v2\/posts"}],"about":[{"href":"https:\/\/www.enerjigazetesi.ist\/en\/wp-json\/wp\/v2\/types\/post"}],"author":[{"embeddable":true,"href":"https:\/\/www.enerjigazetesi.ist\/en\/wp-json\/wp\/v2\/users\/1"}],"replies":[{"embeddable":true,"href":"https:\/\/www.enerjigazetesi.ist\/en\/wp-json\/wp\/v2\/comments?post=194769"}],"version-history":[{"count":0,"href":"https:\/\/www.enerjigazetesi.ist\/en\/wp-json\/wp\/v2\/posts\/194769\/revisions"}],"wp:featuredmedia":[{"embeddable":true,"href":"https:\/\/www.enerjigazetesi.ist\/en\/wp-json\/wp\/v2\/media\/194772"}],"wp:attachment":[{"href":"https:\/\/www.enerjigazetesi.ist\/en\/wp-json\/wp\/v2\/media?parent=194769"}],"wp:term":[{"taxonomy":"category","embeddable":true,"href":"https:\/\/www.enerjigazetesi.ist\/en\/wp-json\/wp\/v2\/categories?post=194769"},{"taxonomy":"post_tag","embeddable":true,"href":"https:\/\/www.enerjigazetesi.ist\/en\/wp-json\/wp\/v2\/tags?post=194769"}],"curies":[{"name":"wp","href":"https:\/\/api.w.org\/{rel}","templated":true}]}}