{"id":194705,"date":"2025-01-30T16:09:06","date_gmt":"2025-01-30T13:09:06","guid":{"rendered":"https:\/\/www.enerjigazetesi.ist\/?p=194705"},"modified":"2025-01-30T16:09:06","modified_gmt":"2025-01-30T13:09:06","slug":"mobil-hizli-sarj-istasyonu-istanbulda-hizmete-basladi","status":"publish","type":"post","link":"https:\/\/www.enerjigazetesi.ist\/en\/mobil-hizli-sarj-istasyonu-istanbulda-hizmete-basladi\/","title":{"rendered":"(Turkish) &#8217;Mobil H\u0131zl\u0131 \u015earj \u0130stasyonu&#8217; \u0130stanbul\u2019da Hizmete Ba\u015flad\u0131"},"content":{"rendered":"<p class=\"qtranxs-available-languages-message qtranxs-available-languages-message-en\">Sorry, this entry is only available in <a href=\"https:\/\/www.enerjigazetesi.ist\/tr\/wp-json\/wp\/v2\/posts\/194705\" class=\"qtranxs-available-language-link qtranxs-available-language-link-tr\" title=\"Turkish\">Turkish<\/a>. For the sake of viewer convenience, the content is shown below in the alternative language. You may click the link to switch the active language.<\/p><p><\/p>\n<h2><strong>Eksim Holding b\u00fcnyesinde yer alan ve y\u00fcksek h\u0131zl\u0131 \u015farj istasyonlar\u0131yla T\u00fcrkiye\u2019nin her b\u00f6lgesinde b\u00fcy\u00fcmesini s\u00fcrd\u00fcren OtoPriz\u2019in elektrikli ara\u00e7 kullan\u0131c\u0131lar\u0131na kesintisiz yolculuk deneyimi sunan \u2018Mobil H\u0131zl\u0131 \u015earj \u0130stasyonu\u2019 \u0130stanbul\u2019da hizmete ba\u015flad\u0131. \u00c7a\u011fr\u0131lan konuma gelerek s\u00fcr\u00fcc\u00fclere hem zaman kazand\u0131ran hem de yolda kalma endi\u015fesini ortadan kald\u0131ran OtoPriz Mobil H\u0131zl\u0131 \u015earj \u0130stasyonu, 31 Mart\u2019a kadar devam edecek kampanya kapsam\u0131nda, randevu talep eden kullan\u0131c\u0131lardan hizmet bedeli almayaca\u011f\u0131n\u0131 duyurdu.<\/strong><\/h2>\n<p style=\"text-align: center;\"><img loading=\"lazy\" class=\"aligncenter wp-image-194708\" src=\"https:\/\/www.enerjigazetesi.ist\/wp-content\/uploads\/2025\/01\/mobil-hizli-sarj-istasyonu-istanbulda-hizmete-basladi.jpg\" alt=\"\" width=\"500\" height=\"270\" srcset=\"https:\/\/www.enerjigazetesi.ist\/wp-content\/uploads\/2025\/01\/mobil-hizli-sarj-istasyonu-istanbulda-hizmete-basladi.jpg 550w, https:\/\/www.enerjigazetesi.ist\/wp-content\/uploads\/2025\/01\/mobil-hizli-sarj-istasyonu-istanbulda-hizmete-basladi-300x162.jpg 300w, https:\/\/www.enerjigazetesi.ist\/wp-content\/uploads\/2025\/01\/mobil-hizli-sarj-istasyonu-istanbulda-hizmete-basladi-500x270.jpg 500w, https:\/\/www.enerjigazetesi.ist\/wp-content\/uploads\/2025\/01\/mobil-hizli-sarj-istasyonu-istanbulda-hizmete-basladi-80x43.jpg 80w\" sizes=\"(max-width: 500px) 100vw, 500px\" \/><\/p>\n<p>Eksim Holding\u2019in yaln\u0131zca y\u00fczde y\u00fcz yenilenebilir enerjiyle hizmet veren y\u00fcksek h\u0131zl\u0131 sarj istasyonu OtoPriz, sekt\u00f6rde ilk olma \u00f6zelli\u011fi ta\u015f\u0131yan \u2018Mobil H\u0131zl\u0131 \u015earj \u0130stasyonu\u2019 ile elektrikli ara\u00e7lar\u0131n yolda kalma endi\u015fesini \u00e7\u00f6z\u00fcme kavu\u015fturuyor. \u0130stanbul\u2019da hizmete ba\u015flayan Mobil H\u0131zl\u0131 \u015earj \u0130stasyonu\u2019nun ilerleyen g\u00fcnlerde farkl\u0131 \u015fehirlerde de devreye al\u0131narak \u00fclke genelinde elektrikli ara\u00e7 s\u00fcr\u00fcc\u00fclerine h\u0131zl\u0131 ve g\u00fcvenli \u015farj hizmeti sa\u011flamas\u0131 ama\u00e7lan\u0131yor.<\/p>\n<h3><strong>\u015earj Hizmeti Bir Telefonla Konuma Geliyor<\/strong><\/h3>\n<div id=\"attachment_194707\" style=\"width: 510px\" class=\"wp-caption aligncenter\"><img aria-describedby=\"caption-attachment-194707\" loading=\"lazy\" class=\"wp-image-194707\" src=\"https:\/\/www.enerjigazetesi.ist\/wp-content\/uploads\/2025\/01\/mobil-hizli-sarj-istasyonu-istanbulda-hizmete-basladi-1.jpg\" alt=\"\" width=\"500\" height=\"396\" srcset=\"https:\/\/www.enerjigazetesi.ist\/wp-content\/uploads\/2025\/01\/mobil-hizli-sarj-istasyonu-istanbulda-hizmete-basladi-1.jpg 550w, https:\/\/www.enerjigazetesi.ist\/wp-content\/uploads\/2025\/01\/mobil-hizli-sarj-istasyonu-istanbulda-hizmete-basladi-1-300x238.jpg 300w, https:\/\/www.enerjigazetesi.ist\/wp-content\/uploads\/2025\/01\/mobil-hizli-sarj-istasyonu-istanbulda-hizmete-basladi-1-500x396.jpg 500w, https:\/\/www.enerjigazetesi.ist\/wp-content\/uploads\/2025\/01\/mobil-hizli-sarj-istasyonu-istanbulda-hizmete-basladi-1-63x50.jpg 63w\" sizes=\"(max-width: 500px) 100vw, 500px\" \/><p id=\"caption-attachment-194707\" class=\"wp-caption-text\">Eksim Holding \u0130\u015f Geli\u015ftirme Ba\u015fkan\u0131 Mutluhan Oruncak<\/p><\/div>\n<p>OtoPriz\u2019in \u00f6zel tasar\u0131ml\u0131 Mobil H\u0131zl\u0131 \u015earj \u0130stasyonu hakk\u0131nda bilgi veren <strong>Eksim Holding \u0130\u015f Geli\u015ftirme Ba\u015fkan\u0131<\/strong> <strong>Mutluhan Oruncak<\/strong>, <em>\u201cElektrikli ara\u00e7 kullan\u0131c\u0131lar\u0131n\u0131n bir k\u0131sm\u0131, yolda kalma tedirginli\u011fi ya\u015fayabiliyor. OtoPriz olarak bu duruma \u00e7\u00f6z\u00fcm \u00fcretmek, s\u00fcr\u00fcc\u00fclere konforlu ve g\u00fcvenli hizmet sa\u011flamak amac\u0131yla mobil \u015farj istasyonu uygulamas\u0131n\u0131 ba\u015flatt\u0131k. Mobil \u015farj istasyonu, \u00e7a\u011fr\u0131lan konuma gelerek h\u0131zl\u0131 \u015farj kabiliyetiyle s\u00fcr\u00fcc\u00fclere hem zaman kazand\u0131r\u0131yor hem de yolda kalma endi\u015fesini ortadan kald\u0131r\u0131yor. Bununla birlikte yo\u011fun i\u015f hayat\u0131 nedeniyle \u015farj istasyonunda s\u0131ra beklemek istemeyen elektrikli ara\u00e7 kullan\u0131c\u0131lar\u0131na da b\u00fcy\u00fck kolayl\u0131k sa\u011flayaca\u011f\u0131z\u201d<\/em> dedi. Oruncak, OtoPriz Mobil \u015earj \u0130stasyonu\u2019nun hem AC hem DC \u00fcnitesinde y\u00fcksek h\u0131zl\u0131 \u015farj hizmeti verebildi\u011fini ekledi.<\/p>\n<h3><strong>Hem Ara\u00e7lar Hem de Afet ve Acil Durumlar \u0130\u00e7in \u00c7\u00f6z\u00fcm Sunuyor<\/strong><\/h3>\n<p>OtoPriz Mobil H\u0131zl\u0131 \u015earj \u0130stasyonu\u2019nun Vehicle to Grid (V2G) teknolojisiyle acil durumlarda hastaneler, k\u00f6yler ve enerjiye ihtiya\u00e7 duyan her durumda g\u00fc\u00e7 sa\u011flayabildi\u011fini kaydeden <strong>Mutluhan Oruncak<\/strong>, <em>\u201cYola \u00e7\u0131k\u0131\u015f hikayemiz elektrikli ara\u00e7 kullan\u0131c\u0131lar\u0131n\u0131n yolda kalma tedirginli\u011fini gidermek olsa da projemizin kapsam\u0131n\u0131 geni\u015fleterek mobil ara\u00e7lar\u0131m\u0131z\u0131, yo\u011fun \u00e7al\u0131\u015fanlara kolayl\u0131k sa\u011flayacak ve afet ya da acil durumlarda da \u00e7\u00f6z\u00fcm sunacak \u015fekilde tasarlad\u0131k. 6 \u015eubat depremi gibi ac\u0131 tecr\u00fcbelerden kendimize \u00f6nemli bir ders \u00e7\u0131kard\u0131k. Deprem, sel gibi kriz anlar\u0131nda veya elektrik kesintisi ya\u015fanan kritik tesislerde h\u0131zla devreye girerek ihtiya\u00e7 duyulan enerjiyi sa\u011flayabilece\u011fiz. Bu yenilikle elektrikli ara\u00e7 ekosistemine katk\u0131da bulunurken toplumsal fayday\u0131 da g\u00f6zetiyoruz\u201d<\/em> diye konu\u015ftu.<\/p>\n<h3><strong>31 Mart\u2019a Kadar Hizmet Bedeli Al\u0131nm\u0131yor<\/strong><\/h3>\n<p>Elektrikli ara\u00e7 kullan\u0131c\u0131lar\u0131n\u0131n hayat\u0131n\u0131 kolayla\u015ft\u0131ran OtoPriz, Mobil H\u0131zl\u0131 \u015earj \u0130stasyonu\u2019ndan faydalanmak isteyenlere y\u00f6nelik yeni kampanyas\u0131n\u0131 da duyurdu. <strong>31 Mart 2025<\/strong> tarihine kadar devam edecek uygulama sayesinde hizmet bedeli \u00f6demeksizin mobil \u015farj randevusu al\u0131nabilecek. OtoPriz kullan\u0131c\u0131lar\u0131, <strong>0850 242 42 47<\/strong> numaral\u0131 <strong>\u00e7a\u011fr\u0131 merkezini<\/strong> arayarak ihtiya\u00e7 duyduklar\u0131 konuma mobil \u015farj hizmeti talebinde bulunabiliyor.<\/p>\n<p>Detayl\u0131 bilgi i\u00e7in\u00a0<u><a href=\"http:\/\/www.otopriz.com\" target=\"_blank\" rel=\"noopener\">www.otopriz.com<\/a><\/u>\u00a0adresi ziyaret edilebilir.<\/p>","protected":false},"excerpt":{"rendered":"<p>Sorry, this entry is only available in Turkish. For the sake of viewer convenience, the content is shown below in the alternative language. You may click the link to switch the active language. Eksim Holding b\u00fcnyesinde yer alan ve y\u00fcksek h\u0131zl\u0131 \u015farj istasyonlar\u0131yla T\u00fcrkiye\u2019nin her b\u00f6lgesinde b\u00fcy\u00fcmesini s\u00fcrd\u00fcren OtoPriz\u2019in elektrikli ara\u00e7 kullan\u0131c\u0131lar\u0131na kesintisiz yolculuk deneyimi [&hellip;]<\/p>\n","protected":false},"author":1,"featured_media":194708,"comment_status":"open","ping_status":"open","sticky":false,"template":"","format":"standard","meta":[],"categories":[51,53],"tags":[20664,76503,115928,114290,115929],"views":23,"_links":{"self":[{"href":"https:\/\/www.enerjigazetesi.ist\/en\/wp-json\/wp\/v2\/posts\/194705"}],"collection":[{"href":"https:\/\/www.enerjigazetesi.ist\/en\/wp-json\/wp\/v2\/posts"}],"about":[{"href":"https:\/\/www.enerjigazetesi.ist\/en\/wp-json\/wp\/v2\/types\/post"}],"author":[{"embeddable":true,"href":"https:\/\/www.enerjigazetesi.ist\/en\/wp-json\/wp\/v2\/users\/1"}],"replies":[{"embeddable":true,"href":"https:\/\/www.enerjigazetesi.ist\/en\/wp-json\/wp\/v2\/comments?post=194705"}],"version-history":[{"count":0,"href":"https:\/\/www.enerjigazetesi.ist\/en\/wp-json\/wp\/v2\/posts\/194705\/revisions"}],"wp:featuredmedia":[{"embeddable":true,"href":"https:\/\/www.enerjigazetesi.ist\/en\/wp-json\/wp\/v2\/media\/194708"}],"wp:attachment":[{"href":"https:\/\/www.enerjigazetesi.ist\/en\/wp-json\/wp\/v2\/media?parent=194705"}],"wp:term":[{"taxonomy":"category","embeddable":true,"href":"https:\/\/www.enerjigazetesi.ist\/en\/wp-json\/wp\/v2\/categories?post=194705"},{"taxonomy":"post_tag","embeddable":true,"href":"https:\/\/www.enerjigazetesi.ist\/en\/wp-json\/wp\/v2\/tags?post=194705"}],"curies":[{"name":"wp","href":"https:\/\/api.w.org\/{rel}","templated":true}]}}