{"id":1947,"date":"2012-09-11T13:20:23","date_gmt":"2012-09-11T10:20:23","guid":{"rendered":"https:\/\/www.enerjigazetesi.ist\/?p=1947"},"modified":"2012-09-11T14:17:18","modified_gmt":"2012-09-11T11:17:18","slug":"nobel-odullu-unlu-siyasetci-al-gore-liderler-konferansinda","status":"publish","type":"post","link":"https:\/\/www.enerjigazetesi.ist\/en\/nobel-odullu-unlu-siyasetci-al-gore-liderler-konferansinda\/","title":{"rendered":"(Turkish) Nobel \u00d6d\u00fcll\u00fc \u00fcnl\u00fc siyaset\u00e7i Al Gore, Liderler Konferans\u0131nda"},"content":{"rendered":"<p class=\"qtranxs-available-languages-message qtranxs-available-languages-message-en\">Sorry, this entry is only available in <a href=\"https:\/\/www.enerjigazetesi.ist\/tr\/wp-json\/wp\/v2\/posts\/1947\" class=\"qtranxs-available-language-link qtranxs-available-language-link-tr\" title=\"Turkish\">Turkish<\/a>. For the sake of viewer convenience, the content is shown below in the alternative language. You may click the link to switch the active language.<\/p><p><\/p>\n<p style=\"text-align: left;\" align=\"center\"><strong>\u201cTurkcell<\/strong><strong> Liderler Konferans\u0131\u201d 22 Eyl\u00fcl\u2019de d\u00f6rd\u00fcnc\u00fc kez ger\u00e7ekle\u015fiyor. D\u00fcnya \u00e7ap\u0131nda marka haline gelmi\u015f \u00f6nemli isimlerin konu\u015fmac\u0131 olarak kat\u0131ld\u0131\u011f\u0131 konferans\u0131n bu seneki konu\u011fu ABD\u2019li siyaset\u00e7i, Apple Y\u00f6netim Kurulu \u00dcyesi ve Google \u00dcst D\u00fczey Dan\u0131\u015fman\u0131, Nobel \u00d6d\u00fcll\u00fc Al Gore\u2026 Gore i\u015f d\u00fcnyas\u0131n\u0131n \u00f6nde gelenlerine yapaca\u011f\u0131 konu\u015fmada, geli\u015fen teknolojilerin liderli\u011fe ve i\u015f d\u00fcnyas\u0131na etkilerini mercek alt\u0131na alacak.<\/strong><\/p>\n<p><img loading=\"lazy\" class=\"alignright size-medium wp-image-1948\" title=\"Film Title: An Inconvenient Truth.\" src=\"https:\/\/www.enerjigazetesi.ist\/wp-content\/uploads\/2012\/09\/Al-Gore-turkcell-liderler-konferansi-300x226.jpg\" alt=\"\" width=\"300\" height=\"226\" srcset=\"https:\/\/www.enerjigazetesi.ist\/wp-content\/uploads\/2012\/09\/Al-Gore-turkcell-liderler-konferansi-300x226.jpg 300w, https:\/\/www.enerjigazetesi.ist\/wp-content\/uploads\/2012\/09\/Al-Gore-turkcell-liderler-konferansi-1024x773.jpg 1024w, https:\/\/www.enerjigazetesi.ist\/wp-content\/uploads\/2012\/09\/Al-Gore-turkcell-liderler-konferansi-500x377.jpg 500w, https:\/\/www.enerjigazetesi.ist\/wp-content\/uploads\/2012\/09\/Al-Gore-turkcell-liderler-konferansi-66x50.jpg 66w, https:\/\/www.enerjigazetesi.ist\/wp-content\/uploads\/2012\/09\/Al-Gore-turkcell-liderler-konferansi.jpg 1124w\" sizes=\"(max-width: 300px) 100vw, 300px\" \/>T\u00fcrkiye\u2019nin lider teknoloji ve ileti\u015fim \u015firketi Turkcell, \u201cLiderler Konferans\u0131\u201d etkinli\u011fiyle,\u00a0 d\u00fcnyaca \u00fcnl\u00fc fikir adamlar\u0131n\u0131, \u00fclkemizin \u00f6nde gelen i\u015fadam\u0131 ve sanayicileriyle bulu\u015fturmaya devam ediyor. 22 Eyl\u00fcl 2012\u2019de \u00c7\u0131ra\u011fan Oteli\u2019nde d\u00f6rd\u00fcnc\u00fc kez ger\u00e7ekle\u015fecek \u201cLiderler Konferans\u0131\u201dn\u0131n konu\u011fu, gerek siyaset\u00e7i kimli\u011fi gerek \u00e7evreci g\u00f6r\u00fc\u015fleriyle uluslararas\u0131 arenada hep g\u00fcndemde kalmay\u0131 ba\u015faran Al Gore.<\/p>\n<p>\u201cK\u00fcresel Is\u0131nma\u201d \u00fczerine yapt\u0131\u011f\u0131 \u00e7al\u0131\u015fmalarla Nobel\u2019e, yine ayn\u0131 konuda \u00fcretti\u011fi belgeselle de Oscar\u2019a lay\u0131k g\u00f6r\u00fclen Gore\u2019un \u0130stanbul\u2019da yapaca\u011f\u0131 konu\u015fman\u0131n ba\u015fl\u0131\u011f\u0131 \u201cDe\u011fi\u015fen D\u00fcnyada Liderlik\u201d. ABD\u2019de 7 sene boyunca \u201cBa\u015fkan Yard\u0131mc\u0131l\u0131\u011f\u0131\u201d gibi \u00f6nemli bir g\u00f6revi \u00fcstlenmi\u015f olan, Apple Y\u00f6netim Kurulu \u00dcyesi ve Google \u00dcst D\u00fczey Dan\u0131\u015fman\u0131 Al Gore, \u0130stanbul\u2019da teknolojinin liderli\u011fe olan etkisi, demokratikle\u015fmesi ve devletler i\u00e7in \u00f6nemini analiz edecek.<\/p>\n<p><strong>\u201cLiderler Platformu\u201d hayata ge\u00e7iyor<\/strong><\/p>\n<p>Turkcell Genel M\u00fcd\u00fcr\u00fc S\u00fcreyya Ciliv\u2019in ev sahipli\u011fi ile bu sene d\u00f6rd\u00fcnc\u00fc kez ger\u00e7ekle\u015fecek olan Liderler Konferans\u0131\u2019nda, Turkcell\u2019in, i\u015f d\u00fcnyas\u0131n\u0131n tepe y\u00f6neticilerini \u201c\u00f6\u011frenen&amp;\u00f6\u011freten liderler\u201d vizyonuyla bulu\u015fturarak s\u00fcrekli geli\u015fim yolculuklar\u0131na de\u011fer katmak amac\u0131yla olu\u015fturdu\u011fu \u201cLiderler Platformu\u201dnun lansman\u0131 da yap\u0131lacak.<\/p>\n<p><strong>\u201cLiderler Konferans\u0131\u201d daha \u00f6nce de d\u00fcnya devlerini a\u011f\u0131rlam\u0131\u015ft\u0131 <\/strong><\/p>\n<p>\u201cTurkcell Liderler Konferans\u0131\u201d daha \u00f6nce de \u00e7ok \u00f6nemli fikir \u00f6nderlerini a\u011f\u0131rlam\u0131\u015ft\u0131. Virgin Group\u2019un sahibi, giri\u015fimci lider Richard Branson, General Electric eski ba\u015fkan\u0131 Jack Welch ve son olarak Harvard Business School profes\u00f6rlerinden<em> <\/em>Michael E. Porter, \u201cLiderler Konferans\u0131\u201d i\u00e7in \u0130stanbul\u2019a gelmi\u015f ve e\u015fsiz g\u00f6r\u00fc\u015f ve deneyimlerini dinleyicilerle payla\u015fm\u0131\u015ft\u0131.\u00a0 <strong><\/strong><\/p>\n<p>&nbsp;<\/p>\n<p><strong><span style=\"text-decoration: underline;\">Al Gore Kimdir?<\/span><\/strong><\/p>\n<p>ABD&#8217;li siyaset adam\u0131, i\u015f adam\u0131, belgesel film yap\u0131mc\u0131s\u0131 ve Nobel Bar\u0131\u015f \u00d6d\u00fcl\u00fc sahibi olan Albert Arnold Gore 1948 do\u011fumlu. 1993-2001 aras\u0131nda Amerika Birle\u015fik Devletleri&#8217;nin ba\u015fkan yard\u0131mc\u0131l\u0131\u011f\u0131n\u0131 \u00fcstlenen Gore, 2000 y\u0131l\u0131ndaki ABD ba\u015fkanl\u0131k se\u00e7imlerinde Demokratik Parti&#8217;den ba\u015fkan aday\u0131 oldu.\u00a0 Se\u00e7imi kaybettikten sonra siyasetten \u00e7ekildi ve \u201cK\u00fcresel Is\u0131nma\u201d konusunda \u00e7al\u0131\u015fmalar yapmaya ba\u015flad\u0131. Bu konu \u00fczerine yapt\u0131\u011f\u0131 <em>Uygunsuz Ger\u00e7ek<\/em> ad\u0131ndaki belgesel film 2007 y\u0131l\u0131nda Akademi \u00d6d\u00fcl\u00fc\u2019ne hak kazand\u0131 ve sinema tarihinde en \u00e7ok izlenen \u00fc\u00e7\u00fcnc\u00fc belgesel \u00fcnvan\u0131n\u0131 kazand\u0131. D\u00fcnyan\u0131n d\u00f6rt bir yan\u0131nda verdi\u011fi konferanslar ve di\u011fer<\/p>\n<p>\u00e7al\u0131\u015fmalar sayesinde 2007 y\u0131l\u0131nda Nobel Bar\u0131\u015f \u00d6d\u00fcl\u00fcne uygun g\u00f6r\u00fcld\u00fc. Kendisi 2007 y\u0131l\u0131nda \u0130stanbul\u2019a gelmi\u015f ve K\u00fcresel Is\u0131nma konulu bir konu\u015fma yapm\u0131\u015ft\u0131.<\/p>\n<p>Kaynak: <a href=\"https:\/\/www.enerjigazetesi.ist\" target=\"_blank\">EnerjiGazetesi<\/a><\/p>","protected":false},"excerpt":{"rendered":"<p>Sorry, this entry is only available in Turkish. For the sake of viewer convenience, the content is shown below in the alternative language. You may click the link to switch the active language. \u201cTurkcell Liderler Konferans\u0131\u201d 22 Eyl\u00fcl\u2019de d\u00f6rd\u00fcnc\u00fc kez ger\u00e7ekle\u015fiyor. D\u00fcnya \u00e7ap\u0131nda marka haline gelmi\u015f \u00f6nemli isimlerin konu\u015fmac\u0131 olarak kat\u0131ld\u0131\u011f\u0131 konferans\u0131n bu seneki konu\u011fu [&hellip;]<\/p>\n","protected":false},"author":1,"featured_media":1948,"comment_status":"open","ping_status":"open","sticky":false,"template":"","format":"standard","meta":[],"categories":[157],"tags":[517,518],"views":983,"_links":{"self":[{"href":"https:\/\/www.enerjigazetesi.ist\/en\/wp-json\/wp\/v2\/posts\/1947"}],"collection":[{"href":"https:\/\/www.enerjigazetesi.ist\/en\/wp-json\/wp\/v2\/posts"}],"about":[{"href":"https:\/\/www.enerjigazetesi.ist\/en\/wp-json\/wp\/v2\/types\/post"}],"author":[{"embeddable":true,"href":"https:\/\/www.enerjigazetesi.ist\/en\/wp-json\/wp\/v2\/users\/1"}],"replies":[{"embeddable":true,"href":"https:\/\/www.enerjigazetesi.ist\/en\/wp-json\/wp\/v2\/comments?post=1947"}],"version-history":[{"count":6,"href":"https:\/\/www.enerjigazetesi.ist\/en\/wp-json\/wp\/v2\/posts\/1947\/revisions"}],"predecessor-version":[{"id":1950,"href":"https:\/\/www.enerjigazetesi.ist\/en\/wp-json\/wp\/v2\/posts\/1947\/revisions\/1950"}],"wp:featuredmedia":[{"embeddable":true,"href":"https:\/\/www.enerjigazetesi.ist\/en\/wp-json\/wp\/v2\/media\/1948"}],"wp:attachment":[{"href":"https:\/\/www.enerjigazetesi.ist\/en\/wp-json\/wp\/v2\/media?parent=1947"}],"wp:term":[{"taxonomy":"category","embeddable":true,"href":"https:\/\/www.enerjigazetesi.ist\/en\/wp-json\/wp\/v2\/categories?post=1947"},{"taxonomy":"post_tag","embeddable":true,"href":"https:\/\/www.enerjigazetesi.ist\/en\/wp-json\/wp\/v2\/tags?post=1947"}],"curies":[{"name":"wp","href":"https:\/\/api.w.org\/{rel}","templated":true}]}}