{"id":194687,"date":"2025-01-30T13:41:17","date_gmt":"2025-01-30T10:41:17","guid":{"rendered":"https:\/\/www.enerjigazetesi.ist\/?p=194687"},"modified":"2025-01-30T13:41:17","modified_gmt":"2025-01-30T10:41:17","slug":"turkiyenin-gunes-kapasitesi-25-yilda-2-katina-cikarak-2025-hedefini-asti","status":"publish","type":"post","link":"https:\/\/www.enerjigazetesi.ist\/en\/turkiyenin-gunes-kapasitesi-25-yilda-2-katina-cikarak-2025-hedefini-asti\/","title":{"rendered":"(Turkish) &#8221;T\u00fcrkiye\u2019nin G\u00fcne\u015f Kapasitesi 2,5 Y\u0131lda 2 Kat\u0131na \u00c7\u0131karak 2025 Hedefini A\u015ft\u0131&#8221;"},"content":{"rendered":"<p class=\"qtranxs-available-languages-message qtranxs-available-languages-message-en\">Sorry, this entry is only available in <a href=\"https:\/\/www.enerjigazetesi.ist\/tr\/wp-json\/wp\/v2\/posts\/194687\" class=\"qtranxs-available-language-link qtranxs-available-language-link-tr\" title=\"Turkish\">Turkish<\/a>. For the sake of viewer convenience, the content is shown below in the alternative language. You may click the link to switch the active language.<\/p><p><\/p>\n<h2><strong>Londra merkezli uluslararas\u0131 enerji d\u00fc\u015f\u00fcnce kurulu\u015fu Ember\u2019in yeni raporuna g\u00f6re, T\u00fcrkiye g\u00fcne\u015f enerjisi kapasitesini 2,5 y\u0131lda iki kat\u0131na \u00e7\u0131kararak 2025 hedefini geride b\u0131rakt\u0131.<\/strong><\/h2>\n<p style=\"text-align: center;\"><img loading=\"lazy\" class=\"aligncenter wp-image-194689\" src=\"https:\/\/www.enerjigazetesi.ist\/wp-content\/uploads\/2025\/01\/turkiyenin-gunes-kapasitesi-25-yilda-2-katina-cikarak-2025-hedefini-asti.jpg\" alt=\"\" width=\"500\" height=\"332\" srcset=\"https:\/\/www.enerjigazetesi.ist\/wp-content\/uploads\/2025\/01\/turkiyenin-gunes-kapasitesi-25-yilda-2-katina-cikarak-2025-hedefini-asti.jpg 550w, https:\/\/www.enerjigazetesi.ist\/wp-content\/uploads\/2025\/01\/turkiyenin-gunes-kapasitesi-25-yilda-2-katina-cikarak-2025-hedefini-asti-300x199.jpg 300w, https:\/\/www.enerjigazetesi.ist\/wp-content\/uploads\/2025\/01\/turkiyenin-gunes-kapasitesi-25-yilda-2-katina-cikarak-2025-hedefini-asti-500x332.jpg 500w, https:\/\/www.enerjigazetesi.ist\/wp-content\/uploads\/2025\/01\/turkiyenin-gunes-kapasitesi-25-yilda-2-katina-cikarak-2025-hedefini-asti-75x50.jpg 75w, https:\/\/www.enerjigazetesi.ist\/wp-content\/uploads\/2025\/01\/turkiyenin-gunes-kapasitesi-25-yilda-2-katina-cikarak-2025-hedefini-asti-450x300.jpg 450w\" sizes=\"(max-width: 500px) 100vw, 500px\" \/><\/p>\n<p>Ember\u2019dan taraf\u0131ndan yap\u0131lan analize g\u00f6re, T\u00fcrkiye yaln\u0131zca iki bu\u00e7uk y\u0131lda g\u00fcne\u015f enerjisi kapasitesini iki kat\u0131na \u00e7\u0131kararak mevcut hedefini planlanandan bir y\u0131ldan fazla s\u00fcre \u00f6nce a\u015ft\u0131. Temmuz 2022\u2019den bu yana b\u00fcy\u00fcmenin %94\u2019\u00fc \u00f6zt\u00fcketime y\u00f6nelik santral kurulumlar\u0131ndan gelirken, kapasite 9,7 GW de\u011ferinden 2024 y\u0131l\u0131 sonunda 19 GW\u2019\u0131n \u00fczerine \u00e7\u0131kt\u0131.<\/p>\n<p>Analizde,<em> \u201cG\u00fcne\u015f enerjisi kapasitesinin 2018 ile 2022 y\u0131llar\u0131 aras\u0131nda \u00f6nceki ikiye katlanma s\u00fcresi d\u00f6rt y\u0131ldan fazla bir s\u00fcre al\u0131rken, mevcut ikiye katlanma son y\u0131llarda h\u0131zl\u0131 bir ivmelenme ya\u015fand\u0131\u011f\u0131n\u0131 g\u00f6sterdi. T\u00fcrkiye yakalad\u0131\u011f\u0131 bu ivmenin devaml\u0131l\u0131\u011f\u0131n\u0131 \u00e7at\u0131, hibrit, y\u00fczer ve depolamal\u0131 g\u00fcne\u015f santrallerindeki y\u00fcksek potansiyelini kullanarak sa\u011flayabilir.\u201d<\/em> a\u00e7\u0131klamalar\u0131na yer verildi.<\/p>\n<p style=\"text-align: center;\"><img loading=\"lazy\" class=\"aligncenter wp-image-194690\" src=\"https:\/\/www.enerjigazetesi.ist\/wp-content\/uploads\/2025\/01\/turkiyenin-gunes-kapasitesi-25-yilda-2-katina-cikarak-2025-hedefini-asti-1.jpg\" alt=\"\" width=\"500\" height=\"344\" srcset=\"https:\/\/www.enerjigazetesi.ist\/wp-content\/uploads\/2025\/01\/turkiyenin-gunes-kapasitesi-25-yilda-2-katina-cikarak-2025-hedefini-asti-1.jpg 550w, https:\/\/www.enerjigazetesi.ist\/wp-content\/uploads\/2025\/01\/turkiyenin-gunes-kapasitesi-25-yilda-2-katina-cikarak-2025-hedefini-asti-1-300x206.jpg 300w, https:\/\/www.enerjigazetesi.ist\/wp-content\/uploads\/2025\/01\/turkiyenin-gunes-kapasitesi-25-yilda-2-katina-cikarak-2025-hedefini-asti-1-500x344.jpg 500w, https:\/\/www.enerjigazetesi.ist\/wp-content\/uploads\/2025\/01\/turkiyenin-gunes-kapasitesi-25-yilda-2-katina-cikarak-2025-hedefini-asti-1-73x50.jpg 73w\" sizes=\"(max-width: 500px) 100vw, 500px\" \/><\/p>\n<p><strong>Ember Enerji Analisti Bahad\u0131r Sercan G\u00fcm\u00fc\u015f:<\/strong> <em>\u201cT\u00fcrkiye sadece iki bu\u00e7uk y\u0131lda g\u00fcne\u015f enerjisi kapasitesini iki kat\u0131na \u00e7\u0131kararak 2025 hedefini zaman\u0131ndan \u00f6nce a\u015fm\u0131\u015f ve daha iddial\u0131 hedefler belirleme potansiyelini g\u00f6stermi\u015ftir. Yenilenebilir enerji hedeflerini y\u00fckseltmek ve bu ivmeyi s\u00fcrd\u00fcrmek, T\u00fcrkiye\u2019ye enerji ithalat\u0131na olan ba\u011f\u0131ml\u0131l\u0131\u011f\u0131n\u0131 azaltma, enerji g\u00fcvenli\u011fini g\u00fc\u00e7lendirme ve uluslararas\u0131 alanda d\u00f6n\u00fc\u015f\u00fcm taahh\u00fcd\u00fcn\u00fc daha g\u00fc\u00e7l\u00fc bir \u015fekilde ortaya koyma f\u0131rsat\u0131 sunmaktad\u0131r.\u201d<\/em> ifadelerini kulland\u0131.<\/p>\n<h3><strong>Analizde \u00d6ne \u00c7\u0131kan Veriler:<\/strong><\/h3>\n<p><strong>+102%<\/strong><br \/>\nG\u00fcne\u015f enerji kapasitesinde son iki bu\u00e7uk y\u0131lda ger\u00e7ekle\u015fen art\u0131\u015f<\/p>\n<p><strong>14,6 GW<\/strong><br \/>\nGelecek be\u015f y\u0131lda hayata ge\u00e7irilmesi planlanan depolamal\u0131 g\u00fcne\u015f santral kurulu g\u00fcc\u00fc<\/p>\n<p><strong>$15 milyar<\/strong><br \/>\nSon iki bu\u00e7uk y\u0131lda r\u00fczgar ve g\u00fcne\u015ften toplam elektrik \u00fcretiminin engel oldu\u011fu do\u011falgaz ithalat\u0131n\u0131n ABD Dolar\u0131 kar\u015f\u0131l\u0131\u011f\u0131<\/p>\n<p>Kaynak:\u00a0<a href=\"https:\/\/ember-energy.org\/tr\/analizler\/gunes-kapasitesi-25-yilda-iki-katina-cikarak-2025-hedefini-asti\/#yonetici-ozeti\" target=\"_blank\" rel=\"noopener noreferrer\">Ember<\/a><\/p>","protected":false},"excerpt":{"rendered":"<p>Sorry, this entry is only available in Turkish. For the sake of viewer convenience, the content is shown below in the alternative language. You may click the link to switch the active language. Londra merkezli uluslararas\u0131 enerji d\u00fc\u015f\u00fcnce kurulu\u015fu Ember\u2019in yeni raporuna g\u00f6re, T\u00fcrkiye g\u00fcne\u015f enerjisi kapasitesini 2,5 y\u0131lda iki kat\u0131na \u00e7\u0131kararak 2025 hedefini geride [&hellip;]<\/p>\n","protected":false},"author":1,"featured_media":194689,"comment_status":"open","ping_status":"open","sticky":false,"template":"","format":"standard","meta":[],"categories":[51,53,49],"tags":[69720,28399,2206],"views":21,"_links":{"self":[{"href":"https:\/\/www.enerjigazetesi.ist\/en\/wp-json\/wp\/v2\/posts\/194687"}],"collection":[{"href":"https:\/\/www.enerjigazetesi.ist\/en\/wp-json\/wp\/v2\/posts"}],"about":[{"href":"https:\/\/www.enerjigazetesi.ist\/en\/wp-json\/wp\/v2\/types\/post"}],"author":[{"embeddable":true,"href":"https:\/\/www.enerjigazetesi.ist\/en\/wp-json\/wp\/v2\/users\/1"}],"replies":[{"embeddable":true,"href":"https:\/\/www.enerjigazetesi.ist\/en\/wp-json\/wp\/v2\/comments?post=194687"}],"version-history":[{"count":0,"href":"https:\/\/www.enerjigazetesi.ist\/en\/wp-json\/wp\/v2\/posts\/194687\/revisions"}],"wp:featuredmedia":[{"embeddable":true,"href":"https:\/\/www.enerjigazetesi.ist\/en\/wp-json\/wp\/v2\/media\/194689"}],"wp:attachment":[{"href":"https:\/\/www.enerjigazetesi.ist\/en\/wp-json\/wp\/v2\/media?parent=194687"}],"wp:term":[{"taxonomy":"category","embeddable":true,"href":"https:\/\/www.enerjigazetesi.ist\/en\/wp-json\/wp\/v2\/categories?post=194687"},{"taxonomy":"post_tag","embeddable":true,"href":"https:\/\/www.enerjigazetesi.ist\/en\/wp-json\/wp\/v2\/tags?post=194687"}],"curies":[{"name":"wp","href":"https:\/\/api.w.org\/{rel}","templated":true}]}}