{"id":194674,"date":"2025-01-30T12:17:37","date_gmt":"2025-01-30T09:17:37","guid":{"rendered":"https:\/\/www.enerjigazetesi.ist\/?p=194674"},"modified":"2025-01-30T12:19:34","modified_gmt":"2025-01-30T09:19:34","slug":"tosyali-dunyanin-en-buyuk-oz-tuketim-ges-projelerinden-birisini-kuracak","status":"publish","type":"post","link":"https:\/\/www.enerjigazetesi.ist\/en\/tosyali-dunyanin-en-buyuk-oz-tuketim-ges-projelerinden-birisini-kuracak\/","title":{"rendered":"(Turkish) &#8217;Tosyal\u0131&#8217;dan D\u00fcnyan\u0131n En B\u00fcy\u00fck \u00d6z T\u00fcketim GES Projelerinden Birisi&#8230;"},"content":{"rendered":"<p class=\"qtranxs-available-languages-message qtranxs-available-languages-message-en\">Sorry, this entry is only available in <a href=\"https:\/\/www.enerjigazetesi.ist\/tr\/wp-json\/wp\/v2\/posts\/194674\" class=\"qtranxs-available-language-link qtranxs-available-language-link-tr\" title=\"Turkish\">Turkish<\/a>. For the sake of viewer convenience, the content is shown below in the alternative language. You may click the link to switch the active language.<\/p><p><\/p>\n<h2><strong>Y\u0131ll\u0131k 15 milyon ton ham \u00e7elik kapasitesiyle d\u00fcnyan\u0131n lider k\u00fcresel ye\u015fil \u00e7elik \u00fcreticilerinden biri olan Tosyal\u0131, kendi enerjisini \u00fcretmek \u00fczere att\u0131\u011f\u0131 ad\u0131mlar\u0131 b\u00fcy\u00fctmeye devam ediyor. Bu kapsamda yenilenebilir enerji yat\u0131r\u0131mlar\u0131yla dikkat \u00e7eken Tosyal\u0131, toplam 1.2 GW kapasiteli T\u00fcrkiye&#8217;nin ve d\u00fcnyan\u0131n en b\u00fcy\u00fck \u00f6z t\u00fcketim GES projelerinden birinin yap\u0131m\u0131 \u00e7er\u00e7evesindeki 120 MWp\u2019lik ilk k\u0131s\u0131m i\u00e7in<\/strong><strong>\u00a0<\/strong><strong>GE Vernova ve \u0130nogen ile s\u00f6zle\u015fme imzalad\u0131.<\/strong><\/h2>\n<p style=\"text-align: center;\"><img loading=\"lazy\" class=\"aligncenter wp-image-194679\" src=\"https:\/\/www.enerjigazetesi.ist\/wp-content\/uploads\/2025\/01\/tosyali-dunyanin-en-buyuk-oz-tuketim-ges-projelerinden-birisini-kuracak.jpg\" alt=\"\" width=\"500\" height=\"395\" srcset=\"https:\/\/www.enerjigazetesi.ist\/wp-content\/uploads\/2025\/01\/tosyali-dunyanin-en-buyuk-oz-tuketim-ges-projelerinden-birisini-kuracak.jpg 550w, https:\/\/www.enerjigazetesi.ist\/wp-content\/uploads\/2025\/01\/tosyali-dunyanin-en-buyuk-oz-tuketim-ges-projelerinden-birisini-kuracak-300x237.jpg 300w, https:\/\/www.enerjigazetesi.ist\/wp-content\/uploads\/2025\/01\/tosyali-dunyanin-en-buyuk-oz-tuketim-ges-projelerinden-birisini-kuracak-500x395.jpg 500w, https:\/\/www.enerjigazetesi.ist\/wp-content\/uploads\/2025\/01\/tosyali-dunyanin-en-buyuk-oz-tuketim-ges-projelerinden-birisini-kuracak-63x50.jpg 63w\" sizes=\"(max-width: 500px) 100vw, 500px\" \/><\/p>\n<p>Tosyal\u0131, d\u00fcnyan\u0131n lider k\u00fcresel ye\u015fil \u00e7elik \u00fcreticilerinden biri olarak eko-verimlilik prensibiyle, ileri teknolojiye, yapay zekaya, yenilenebilir ve temiz enerji kaynaklar\u0131na yat\u0131r\u0131m yapmaya devam ediyor.<\/p>\n<p>Bu anlay\u0131\u015fla Tosyal\u0131, \u00f6zellikle hidrojen ve GES gibi temiz enerji kaynaklar\u0131na yapt\u0131\u011f\u0131 yat\u0131r\u0131mlarla kendi enerjisini kendisi \u00fcreterek tam entegre bir ye\u015fil \u00e7elik \u00fcreticisi olma yolunda emin ad\u0131mlarla ilerliyor.<\/p>\n<p>Daha \u00f6nce ayn\u0131 anda t\u00fcm tesislerinde yapt\u0131\u011f\u0131 yat\u0131r\u0131mlarla hayata ge\u00e7irdi\u011fi GES projesi ile 235 MW kurulu g\u00fcce ula\u015farak d\u00fcnyan\u0131n en b\u00fcy\u00fck \u00e7at\u0131 \u00fcst\u00fc GES\u2019ine sahip \u015firketi konumuna ula\u015fan Tosyal\u0131, \u015fimdi \u00e7ok daha b\u00fcy\u00fck bir projeye imza at\u0131yor.<\/p>\n<p>Tosyal\u0131 toplam 1,2 GW kapasiteli T\u00fcrkiye&#8217;nin ve d\u00fcnyan\u0131n en b\u00fcy\u00fck \u00f6z t\u00fcketim GES projelerinden birinin yap\u0131m\u0131 kapsam\u0131nda, 120 MWp\u2019l\u0131k ilk k\u0131s\u0131m yat\u0131r\u0131m\u0131 i\u00e7in GE Vernova ve onun b\u00f6lgesel i\u015f orta\u011f\u0131 \u0130nogen ile s\u00f6zle\u015fme imzalad\u0131. Projenin ilk k\u0131sm\u0131n\u0131n 2025 y\u0131l\u0131nda devreye al\u0131nmas\u0131 planlan\u0131rken, d\u00fcnya \u00e7ap\u0131ndaki toplam 1,2 GW kapasiteli bu projenin tamam\u0131n\u0131n 2027 y\u0131l\u0131nda tamamlanmas\u0131 hedefleniyor.<\/p>\n<h3><strong>Tosyal\u0131 Holding Y\u00f6netim Kurulu Ba\u015fkan\u0131 Fuat Tosyal\u0131 Davos 2025\u2019te yapt\u0131\u011f\u0131 a\u00e7\u0131klamada: \u201cYapt\u0131\u011f\u0131m\u0131z yat\u0131r\u0131mla Tosyal\u0131 olarak \u00f6z t\u00fcketimimizin %50\u2019ye yak\u0131n\u0131n\u0131 GES\u2019ten sa\u011flayaca\u011f\u0131z.\u201d<\/strong><\/h3>\n<div id=\"attachment_194678\" style=\"width: 510px\" class=\"wp-caption aligncenter\"><img aria-describedby=\"caption-attachment-194678\" loading=\"lazy\" class=\"wp-image-194678\" src=\"https:\/\/www.enerjigazetesi.ist\/wp-content\/uploads\/2025\/01\/fuat-tosyali.jpg\" alt=\"\" width=\"500\" height=\"419\" srcset=\"https:\/\/www.enerjigazetesi.ist\/wp-content\/uploads\/2025\/01\/fuat-tosyali.jpg 550w, https:\/\/www.enerjigazetesi.ist\/wp-content\/uploads\/2025\/01\/fuat-tosyali-300x251.jpg 300w, https:\/\/www.enerjigazetesi.ist\/wp-content\/uploads\/2025\/01\/fuat-tosyali-477x400.jpg 477w, https:\/\/www.enerjigazetesi.ist\/wp-content\/uploads\/2025\/01\/fuat-tosyali-60x50.jpg 60w, https:\/\/www.enerjigazetesi.ist\/wp-content\/uploads\/2025\/01\/fuat-tosyali-500x419.jpg 500w\" sizes=\"(max-width: 500px) 100vw, 500px\" \/><p id=\"caption-attachment-194678\" class=\"wp-caption-text\">Tosyal\u0131 Holding Y\u00f6netim Kurulu Ba\u015fkan\u0131 Fuat Tosyal\u0131<\/p><\/div>\n<p>D\u00fcnya Ekonomik Forumu\u2019nda verdi\u011fi r\u00f6portajda sanayi tesislerinde yenilenebilir ve temiz enerjinin \u00f6nemini vurgulayan Fuat Tosyal\u0131, <em>\u201cS\u00fcrd\u00fcr\u00fclebilir bir ya\u015fam i\u00e7in Tosyal\u0131 diyerek ileri temiz enerji teknolojilerine yat\u0131r\u0131m yapmaya devam ediyoruz. Bu kapsamda 1,2 GW kapasiteli d\u00fcnyan\u0131n en b\u00fcy\u00fck \u00f6z t\u00fcketim GES projelerinden biri i\u00e7in ilk ad\u0131m\u0131 Osmaniye\u2019deki ilk faz \u00e7al\u0131\u015fmalar\u0131yla att\u0131k. D\u00fcnyan\u0131n bu alandaki lider \u015firketlerinden biri olan GE Vernova ve T\u00fcrkiye\u2019nin \u00f6nde gelen EPC y\u00fcklenicisi Inogen ile i\u015f birli\u011fi yapmaktan memnuniyet duyuyoruz. G\u00fcne\u015f panellerimizi Osmaniye\u2019de kendimiz \u00fcretece\u011fiz. \u0130lk projeyle ba\u015flayarak bu panelleri sekiz farkl\u0131 ildeki GES sahalar\u0131na kuraca\u011f\u0131z. B\u00f6ylece \u00f6z t\u00fcketimimizin %50\u2019ye yak\u0131n\u0131n\u0131 GES\u2019ten sa\u011flayaca\u011f\u0131z. Bu da bizi enerji kullan\u0131m\u0131nda daha g\u00fc\u00e7l\u00fc ve ba\u011f\u0131ms\u0131z hale getirirken ayn\u0131 zamanda d\u00fcnyan\u0131n say\u0131l\u0131 ye\u015fil \u00e7elik \u00fcreticilerinden biri olma konumumuzu daha da g\u00fc\u00e7lendirecek.\u201d<\/em> dedi.<\/p>\n<p>Daha \u00f6nce T\u00fcrkiye\u2019de ve d\u00fcnyada \u00e7e\u015fitli GES projeleri hayata ge\u00e7irilmi\u015f olsa da, Tosyal\u0131\u2019n\u0131n 1,2 GW kapasiteli bu projesi tek \u00e7at\u0131 alt\u0131nda ger\u00e7ekle\u015ftirilen en b\u00fcy\u00fck \u00f6z t\u00fcketim odakl\u0131 projelerinden biri olma \u00f6zelli\u011fini ta\u015f\u0131yor. 120 MW&#8217;l\u0131k 1. k\u0131s\u0131m i\u00e7in Osmaniye\u2019de ilk ad\u0131m at\u0131larak in\u015faat ba\u015flam\u0131\u015f durumda. Projenin di\u011fer a\u015famalar\u0131 da \u00fc\u00e7 fazda hayata ge\u00e7irilecek.<\/p>\n<p><strong>\u0130nogen Group Y\u00f6netim Kurulu Ba\u015fkan\u0131 Prof. Dr. Ali Murat SOYDAN:<\/strong>\u00a0<em>\u201cTosyal\u0131\u2019n\u0131n, d\u00fcnya ve \u00fclkemizde ye\u015fil d\u00f6n\u00fc\u015f\u00fcm\u00fcn sembol\u00fc haline gelen bu \u00f6nc\u00fc projesinde yer almaktan mutluluk duyuyoruz. Tosyal\u0131\u2019n\u0131n t\u00fcm projeleri tamamland\u0131\u011f\u0131nda, GE Vernova ile olan i\u015f ortakl\u0131\u011f\u0131m\u0131z sayesinde \u00fclkemizde ye\u015fil d\u00f6n\u00fc\u015f\u00fcm lideri konumumuzu daha da g\u00fc\u00e7lendirece\u011fiz. 10 farkl\u0131 ilde, 2000&#8217;den fazla \u00e7al\u0131\u015fanla y\u00fcr\u00fct\u00fclecek bu projelerde, k\u00fcresel ortaklar\u0131m\u0131z\u0131n deste\u011fiyle verimli ve h\u0131zl\u0131 bir kurulum s\u00fcreci ge\u00e7irmeyi ve t\u00fcm enerji santrallerini m\u00fcmk\u00fcn olan en k\u0131sa s\u00fcrede devreye almay\u0131 planl\u0131yoruz.\u201d<\/em><\/p>\n<p><strong>GE Vernova G\u00fc\u00e7 D\u00f6n\u00fc\u015f\u00fcm\u00fc ve Depolama B\u00f6l\u00fcm Ba\u015fkan\u0131 Ed Torres:\u00a0<\/strong><em>\u201cInogen ile birlikte, Tosyal\u0131\u2019n\u0131n d\u00fcnyan\u0131n en b\u00fcy\u00fck \u00f6z t\u00fcketim g\u00fcne\u015f enerjisi projelerinden birini geli\u015ftirme hedefini desteklemekten gurur duyuyoruz. \u0130leri d\u00fczey g\u00fcne\u015f teknolojilerimizi sunman\u0131n yan\u0131 s\u0131ra, tasar\u0131m ve m\u00fchendislik hizmetleri sa\u011flayarak ve ECA finansman\u0131n\u0131 kolayla\u015ft\u0131rarak, Tosyal\u0131\u2019n\u0131n enerji ba\u011f\u0131ms\u0131zl\u0131\u011f\u0131n\u0131 art\u0131rmas\u0131na ve daha dayan\u0131kl\u0131 bir enerji gelece\u011fine ge\u00e7i\u015fini h\u0131zland\u0131rmas\u0131na yard\u0131mc\u0131 olmay\u0131 ama\u00e7l\u0131yoruz.&#8221;<\/em><\/p>","protected":false},"excerpt":{"rendered":"<p>Sorry, this entry is only available in Turkish. For the sake of viewer convenience, the content is shown below in the alternative language. You may click the link to switch the active language. Y\u0131ll\u0131k 15 milyon ton ham \u00e7elik kapasitesiyle d\u00fcnyan\u0131n lider k\u00fcresel ye\u015fil \u00e7elik \u00fcreticilerinden biri olan Tosyal\u0131, kendi enerjisini \u00fcretmek \u00fczere att\u0131\u011f\u0131 ad\u0131mlar\u0131 [&hellip;]<\/p>\n","protected":false},"author":1,"featured_media":194679,"comment_status":"open","ping_status":"open","sticky":false,"template":"","format":"standard","meta":[],"categories":[51,53,49],"tags":[114000,2326,2569,104185,113456,27592,98074],"views":22,"_links":{"self":[{"href":"https:\/\/www.enerjigazetesi.ist\/en\/wp-json\/wp\/v2\/posts\/194674"}],"collection":[{"href":"https:\/\/www.enerjigazetesi.ist\/en\/wp-json\/wp\/v2\/posts"}],"about":[{"href":"https:\/\/www.enerjigazetesi.ist\/en\/wp-json\/wp\/v2\/types\/post"}],"author":[{"embeddable":true,"href":"https:\/\/www.enerjigazetesi.ist\/en\/wp-json\/wp\/v2\/users\/1"}],"replies":[{"embeddable":true,"href":"https:\/\/www.enerjigazetesi.ist\/en\/wp-json\/wp\/v2\/comments?post=194674"}],"version-history":[{"count":0,"href":"https:\/\/www.enerjigazetesi.ist\/en\/wp-json\/wp\/v2\/posts\/194674\/revisions"}],"wp:featuredmedia":[{"embeddable":true,"href":"https:\/\/www.enerjigazetesi.ist\/en\/wp-json\/wp\/v2\/media\/194679"}],"wp:attachment":[{"href":"https:\/\/www.enerjigazetesi.ist\/en\/wp-json\/wp\/v2\/media?parent=194674"}],"wp:term":[{"taxonomy":"category","embeddable":true,"href":"https:\/\/www.enerjigazetesi.ist\/en\/wp-json\/wp\/v2\/categories?post=194674"},{"taxonomy":"post_tag","embeddable":true,"href":"https:\/\/www.enerjigazetesi.ist\/en\/wp-json\/wp\/v2\/tags?post=194674"}],"curies":[{"name":"wp","href":"https:\/\/api.w.org\/{rel}","templated":true}]}}