{"id":194667,"date":"2025-01-30T11:38:58","date_gmt":"2025-01-30T08:38:58","guid":{"rendered":"https:\/\/www.enerjigazetesi.ist\/?p=194667"},"modified":"2025-01-30T11:38:58","modified_gmt":"2025-01-30T08:38:58","slug":"elder-baskani-erdeniz-yesil-donusumun-omurgasi-dagitim-sektorudur","status":"publish","type":"post","link":"https:\/\/www.enerjigazetesi.ist\/en\/elder-baskani-erdeniz-yesil-donusumun-omurgasi-dagitim-sektorudur\/","title":{"rendered":"(Turkish) Elder Ba\u015fkan\u0131 Erdeniz: &#8220;Ye\u015fil D\u00f6n\u00fc\u015f\u00fcm\u00fcn Omurgas\u0131 Da\u011f\u0131t\u0131m Sekt\u00f6r\u00fcd\u00fcr&#8221;"},"content":{"rendered":"<p class=\"qtranxs-available-languages-message qtranxs-available-languages-message-en\">Sorry, this entry is only available in <a href=\"https:\/\/www.enerjigazetesi.ist\/tr\/wp-json\/wp\/v2\/posts\/194667\" class=\"qtranxs-available-language-link qtranxs-available-language-link-tr\" title=\"Turkish\">Turkish<\/a>. For the sake of viewer convenience, the content is shown below in the alternative language. You may click the link to switch the active language.<\/p><p><\/p>\n<h2><strong>Elektrik Da\u011f\u0131t\u0131m Hizmetleri Derne\u011fi (Elder) Ba\u015fkan\u0131 Bar\u0131\u015f Erdeniz; T\u00fcrkiye\u2019nin yenilenebilir enerji \u00e7al\u0131\u015fmalar\u0131n\u0131n yeni YEKA yar\u0131\u015fmalar\u0131yla h\u0131zland\u0131\u011f\u0131 bir atmosferde, ye\u015fil d\u00f6n\u00fc\u015f\u00fcm\u00fcn omurgas\u0131n\u0131n da\u011f\u0131t\u0131m sekt\u00f6r\u00fc oldu\u011funu ifade ederken do\u011fru bir \u015febeke stratejisi uyguland\u0131\u011f\u0131 takdirde, enerji arz g\u00fcvenli\u011finin ve ba\u011f\u0131ms\u0131zl\u0131\u011f\u0131n\u0131n daha az maliyetle ula\u015f\u0131labilir bir hedef haline d\u00f6n\u00fc\u015fece\u011fini s\u00f6yledi.<\/strong><\/h2>\n<div id=\"attachment_194670\" style=\"width: 510px\" class=\"wp-caption aligncenter\"><img aria-describedby=\"caption-attachment-194670\" loading=\"lazy\" class=\"wp-image-194670\" src=\"https:\/\/www.enerjigazetesi.ist\/wp-content\/uploads\/2025\/01\/elder-baskani-erdeniz-yesil-donusumun-omurgasi-dagitim-sektorudur.jpg\" alt=\"\" width=\"500\" height=\"404\" srcset=\"https:\/\/www.enerjigazetesi.ist\/wp-content\/uploads\/2025\/01\/elder-baskani-erdeniz-yesil-donusumun-omurgasi-dagitim-sektorudur.jpg 550w, https:\/\/www.enerjigazetesi.ist\/wp-content\/uploads\/2025\/01\/elder-baskani-erdeniz-yesil-donusumun-omurgasi-dagitim-sektorudur-300x242.jpg 300w, https:\/\/www.enerjigazetesi.ist\/wp-content\/uploads\/2025\/01\/elder-baskani-erdeniz-yesil-donusumun-omurgasi-dagitim-sektorudur-495x400.jpg 495w, https:\/\/www.enerjigazetesi.ist\/wp-content\/uploads\/2025\/01\/elder-baskani-erdeniz-yesil-donusumun-omurgasi-dagitim-sektorudur-62x50.jpg 62w, https:\/\/www.enerjigazetesi.ist\/wp-content\/uploads\/2025\/01\/elder-baskani-erdeniz-yesil-donusumun-omurgasi-dagitim-sektorudur-500x404.jpg 500w\" sizes=\"(max-width: 500px) 100vw, 500px\" \/><p id=\"caption-attachment-194670\" class=\"wp-caption-text\">Elektrik Da\u011f\u0131t\u0131m Hizmetleri Derne\u011fi (Elder) Ba\u015fkan\u0131 Bar\u0131\u015f Erdeniz<\/p><\/div>\n<p>Elektrik Da\u011f\u0131t\u0131m Hizmetleri Derne\u011fi (Elder) Ba\u015fkan\u0131 Bar\u0131\u015f Erdeniz, yeni YEKA yar\u0131\u015fmalar\u0131yla T\u00fcrkiye\u2019nin yenilenebilir enerji \u00fcretim kapasitesini art\u0131rma hamlesinin \u00e7ok \u00f6nemli oldu\u011funu, ye\u015fil d\u00f6n\u00fc\u015f\u00fcm\u00fcn omurgas\u0131n\u0131 olu\u015fturan da\u011f\u0131t\u0131m sisteminin de do\u011fru bir \u015febeke stratejisiyle desteklenmesi durumunda enerji arz g\u00fcvenli\u011fi ve ba\u011f\u0131ms\u0131zl\u0131\u011f\u0131n\u0131n daha az maliyetle ula\u015f\u0131labilir bir hedef haline d\u00f6n\u00fc\u015fece\u011fini a\u00e7\u0131klad\u0131.<\/p>\n<p>Enerji ve Tabii Kaynaklar Bakanl\u0131\u011f\u0131, r\u00fczgar enerjisine dayal\u0131 YEKA yar\u0131\u015fmalar\u0131n\u0131 ger\u00e7ekle\u015ftirerek 1200 MW\u2019lik yeni kapasite olu\u015ftururken g\u00fcne\u015f enerjisine dayal\u0131 YEKA yar\u0131\u015fmalar\u0131n\u0131n da \u00f6n\u00fcm\u00fczdeki hafta yap\u0131laca\u011f\u0131n\u0131 a\u00e7\u0131klad\u0131. Yenilenebilir enerji \u00fcretim kapasitesini art\u0131rma \u00e7al\u0131\u015fmalar\u0131n\u0131n h\u0131zland\u0131\u011f\u0131 bir d\u00f6nemde, elektrik da\u011f\u0131t\u0131m sekt\u00f6r\u00fc de s\u00fcrecin \u015febeke stratejisi ile de desteklenmesi y\u00f6n\u00fcndeki beklentisini a\u00e7\u0131klad\u0131. <strong>Elder Ba\u015fkan\u0131 Bar\u0131\u015f Erdeniz;<\/strong> 21 da\u011f\u0131t\u0131m \u015firketinin T\u00fcrkiye\u2019nin enerji ekosisteminin b\u00fcy\u00fcmesine \u00e7ok \u00f6nemli katk\u0131lar yapt\u0131\u011f\u0131n\u0131 ve yapmaya devam edece\u011fini vurgulad\u0131. 13 milyar dolar\u0131 lisans bedeli, 18 milyar dolar\u0131 da yat\u0131r\u0131m olmak \u00fczere \u00f6zelle\u015ftirmelerden bu yana \u015firketlerin T\u00fcrkiye hazinesine katk\u0131s\u0131n\u0131n 31 milyar dolar\u0131 buldu\u011funu anlatan Erdeniz, <em>\u201cBizler enerji ekosisteminin da\u011f\u0131t\u0131m aya\u011f\u0131 olarak operasyonelgiderleri, yat\u0131r\u0131m harcamalar\u0131 ve gelirleri reg\u00fcle olan sekt\u00f6r\u00fcm\u00fczde 100 bin \u00e7al\u0131\u015fanla vatanda\u015flar\u0131m\u0131za elektri\u011fi kesintisiz bir \u015fekilde ula\u015ft\u0131rmak i\u00e7in gece g\u00fcnd\u00fcz \u00e7al\u0131yoruz\u201d<\/em> dedi.<\/p>\n<p>Yapt\u0131klar\u0131 yat\u0131r\u0131mlarla son 10 y\u0131lda hat uzunlu\u011funu 1 milyon kilometreden 1.5 milyon kilometreye \u00e7\u0131kararak Avrupa\u2019n\u0131n en uzun ikinci da\u011f\u0131t\u0131m \u015febekesini kurduklar\u0131n\u0131 belirten Bar\u0131\u015f Erdeniz, <em>\u201c\u015eirketlerimiz; yak\u0131n co\u011frafyalar\u0131m\u0131zdaki sava\u015flar, pandemi, deprem gibi y\u0131k\u0131c\u0131 s\u00fcre\u00e7lere ra\u011fmen \u00e7ok ba\u015far\u0131l\u0131 i\u015fler yapt\u0131lar. Her y\u0131l, bir\u00e7ok Avrupa \u00fclkesinin n\u00fcfusundan daha fazla yeni aboneyi sisteme ba\u011flad\u0131lar. Toplam kurulu g\u00fcc\u00fcn y\u00fczde 80, da\u011f\u0131t\u0131ma ba\u011fl\u0131 \u00fcretim kurulu g\u00fcc\u00fcn y\u00fczde 867 artt\u0131\u011f\u0131 bir d\u00f6nemde ba\u011flant\u0131lar b\u00fcy\u00fck bir \u00f6zveriyle ger\u00e7ekle\u015ftirildi. Elektrik kesintisi s\u0131kl\u0131\u011f\u0131 \u00f6nemli oranda d\u00fc\u015f\u00fcr\u00fcl\u00fcrken \u00e7a\u011fr\u0131 merkezi memnuniyet oranlar\u0131 y\u00fczde 74\u2019e \u00e7\u0131kt\u0131\u201d<\/em> dedi.<\/p>\n<p>Sekt\u00f6r\u00fcn her t\u00fcrl\u00fc zorlu ko\u015fullara ra\u011fmen y\u0131ll\u0131k yat\u0131r\u0131m kapasitesini 2,5 kat art\u0131rarak 2,2 milyar dolar seviyesine \u00e7\u0131kard\u0131\u011f\u0131na dikkat \u00e7eken Erdeniz, kay\u0131p ka\u00e7ak oranlar\u0131n\u0131n y\u00fczde 10\u2019un alt\u0131na \u00e7ekilmesinin ba\u015far\u0131ld\u0131\u011f\u0131n\u0131 ve bu durumun da devlete y\u0131ll\u0131k getirisinin 1 milyar dolar d\u00fczeyinde oldu\u011funu anlatt\u0131.<\/p>\n<p>Elektrifikasyon, teknolojik geli\u015fmeler ve iklim ko\u015fullar\u0131ndaki de\u011fi\u015fimin elektrik t\u00fcketimini art\u0131rd\u0131\u011f\u0131n\u0131, elektrik iletim ve da\u011f\u0131t\u0131m \u015febekelerinin de bu de\u011fi\u015fimlere ayak uydurmas\u0131 gerekti\u011fini vurgulayan Erdeniz, <em>\u201cBug\u00fcn, Avrupa\u2019da y\u0131ll\u0131k 67 milyar euroluk, d\u00fcnyada ise y\u0131ll\u0131k 600 milyar dolarl\u0131k yat\u0131r\u0131m ihtiyac\u0131ndan bahsedilmektedir. T\u00fcrkiye\u2019nin \u015febeke sisteminin, Avrupa \u015febeke b\u00fcy\u00fckl\u00fc\u011f\u00fcn\u00fcn y\u00fczde 10\u2019u, d\u00fcnya \u015febeke b\u00fcy\u00fckl\u00fc\u011f\u00fcn\u00fcn de y\u00fczde 1.5\u2019i d\u00fczeyinde oldu\u011funu d\u00fc\u015f\u00fcnd\u00fc\u011f\u00fcm\u00fczde, bizdeki yat\u0131r\u0131m ihtiyac\u0131 da net olarak anla\u015f\u0131labilir. Y\u0131ll\u0131k asgari 5 milyar dolarl\u0131k bir yat\u0131r\u0131ma ve buna uygun bir \u015febeke stratejisine ihtiyac\u0131m\u0131z var\u201d<\/em> \u015feklinde konu\u015ftu.<\/p>\n<p>Teknoloji kadar eme\u011finde yo\u011fun oldu\u011fu da\u011f\u0131t\u0131m sekt\u00f6r\u00fcn\u00fcn istihdam a\u00e7\u0131s\u0131ndan \u00f6nemine de dikkat \u00e7eken Erdeniz; \u015firketlerin mali bazl\u0131 s\u00fcrd\u00fcr\u00fclebilirli\u011finin, finansmana eri\u015fiminin ve \u00f6ng\u00f6r\u00fclebilir bir sistemde \u00e7al\u0131\u015fmas\u0131n\u0131n stratejik kamu hizmetini sa\u011fl\u0131kl\u0131 y\u00fcr\u00fctmeleri i\u00e7in temel unsurlar oldu\u011funu ifade etti.<\/p>\n<p>Bar\u0131\u015f Erdeniz; T\u00fcrkiye\u2019de \u00e7ok \u00f6nemli hizmetler veren elektrik da\u011f\u0131t\u0131m \u015firketlerinin,birikimlerini yak\u0131n d\u00f6nemde hizmet ihrac\u0131na d\u00f6n\u00fc\u015ft\u00fcrmesinin de s\u00f6z konusu oldu\u011funu, bir\u00e7ok \u00fclkenin T\u00fcrk \u015firketlerinin deneyim ve birikiminden yararlanmak istedi\u011fine de dikkat \u00e7ekti.<\/p>","protected":false},"excerpt":{"rendered":"<p>Sorry, this entry is only available in Turkish. For the sake of viewer convenience, the content is shown below in the alternative language. You may click the link to switch the active language. Elektrik Da\u011f\u0131t\u0131m Hizmetleri Derne\u011fi (Elder) Ba\u015fkan\u0131 Bar\u0131\u015f Erdeniz; T\u00fcrkiye\u2019nin yenilenebilir enerji \u00e7al\u0131\u015fmalar\u0131n\u0131n yeni YEKA yar\u0131\u015fmalar\u0131yla h\u0131zland\u0131\u011f\u0131 bir atmosferde, ye\u015fil d\u00f6n\u00fc\u015f\u00fcm\u00fcn omurgas\u0131n\u0131n da\u011f\u0131t\u0131m [&hellip;]<\/p>\n","protected":false},"author":1,"featured_media":194671,"comment_status":"open","ping_status":"open","sticky":false,"template":"","format":"standard","meta":[],"categories":[51,53],"tags":[5680,1824,7315,1079,115924,61023,2482],"views":12,"_links":{"self":[{"href":"https:\/\/www.enerjigazetesi.ist\/en\/wp-json\/wp\/v2\/posts\/194667"}],"collection":[{"href":"https:\/\/www.enerjigazetesi.ist\/en\/wp-json\/wp\/v2\/posts"}],"about":[{"href":"https:\/\/www.enerjigazetesi.ist\/en\/wp-json\/wp\/v2\/types\/post"}],"author":[{"embeddable":true,"href":"https:\/\/www.enerjigazetesi.ist\/en\/wp-json\/wp\/v2\/users\/1"}],"replies":[{"embeddable":true,"href":"https:\/\/www.enerjigazetesi.ist\/en\/wp-json\/wp\/v2\/comments?post=194667"}],"version-history":[{"count":0,"href":"https:\/\/www.enerjigazetesi.ist\/en\/wp-json\/wp\/v2\/posts\/194667\/revisions"}],"wp:featuredmedia":[{"embeddable":true,"href":"https:\/\/www.enerjigazetesi.ist\/en\/wp-json\/wp\/v2\/media\/194671"}],"wp:attachment":[{"href":"https:\/\/www.enerjigazetesi.ist\/en\/wp-json\/wp\/v2\/media?parent=194667"}],"wp:term":[{"taxonomy":"category","embeddable":true,"href":"https:\/\/www.enerjigazetesi.ist\/en\/wp-json\/wp\/v2\/categories?post=194667"},{"taxonomy":"post_tag","embeddable":true,"href":"https:\/\/www.enerjigazetesi.ist\/en\/wp-json\/wp\/v2\/tags?post=194667"}],"curies":[{"name":"wp","href":"https:\/\/api.w.org\/{rel}","templated":true}]}}