{"id":194652,"date":"2025-01-30T10:42:32","date_gmt":"2025-01-30T07:42:32","guid":{"rendered":"https:\/\/www.enerjigazetesi.ist\/?p=194652"},"modified":"2025-01-30T10:42:32","modified_gmt":"2025-01-30T07:42:32","slug":"balabanli-ruzgar-enerji-santralinde-2inci-kapasite-artisi-tamamlandi","status":"publish","type":"post","link":"https:\/\/www.enerjigazetesi.ist\/en\/balabanli-ruzgar-enerji-santralinde-2inci-kapasite-artisi-tamamlandi\/","title":{"rendered":"(Turkish) &#8217;Balabanl\u0131 R\u00fczgar Enerji Santrali&#8217;nde 2&#8217;inci Kapasite Art\u0131\u015f\u0131 Tamamland\u0131"},"content":{"rendered":"<p class=\"qtranxs-available-languages-message qtranxs-available-languages-message-en\">Sorry, this entry is only available in <a href=\"https:\/\/www.enerjigazetesi.ist\/tr\/wp-json\/wp\/v2\/posts\/194652\" class=\"qtranxs-available-language-link qtranxs-available-language-link-tr\" title=\"Turkish\">Turkish<\/a>. For the sake of viewer convenience, the content is shown below in the alternative language. You may click the link to switch the active language.<\/p><p><\/p>\n<h2><strong>Borusan EnBW Enerji, Tekirda\u011f&#8217;daki Balabanl\u0131 R\u00fczg\u00e2r Enerji Santrali&#8217;nde (RES) ger\u00e7ekle\u015ftirdi\u011fi ikinci kapasite art\u0131\u015f\u0131yla g\u00fcc\u00fcne g\u00fc\u00e7 katt\u0131. Kapasite art\u0131\u015f\u0131 projesinin devreye girmesiyle santralin kurulu g\u00fcc\u00fc 97 MW&#8217;a ula\u015f\u0131rken, Borusan EnBW Enerji\u2019nin r\u00fczgar t\u00fcrbini say\u0131s\u0131 198\u2019e ula\u015ft\u0131. Balabanl\u0131 RES y\u0131ll\u0131k yakla\u015f\u0131k 190.000 ton karbondioksit sal\u0131m\u0131n\u0131n \u00f6n\u00fcne ge\u00e7ecek.<\/strong><\/h2>\n<p style=\"text-align: center;\"><img loading=\"lazy\" class=\"aligncenter wp-image-194655\" src=\"https:\/\/www.enerjigazetesi.ist\/wp-content\/uploads\/2025\/01\/balabanli-ruzgar-enerji-santralinde-2inci-kapasite-artisi-tamamlandi.jpg\" alt=\"\" width=\"500\" height=\"323\" srcset=\"https:\/\/www.enerjigazetesi.ist\/wp-content\/uploads\/2025\/01\/balabanli-ruzgar-enerji-santralinde-2inci-kapasite-artisi-tamamlandi.jpg 550w, https:\/\/www.enerjigazetesi.ist\/wp-content\/uploads\/2025\/01\/balabanli-ruzgar-enerji-santralinde-2inci-kapasite-artisi-tamamlandi-300x194.jpg 300w, https:\/\/www.enerjigazetesi.ist\/wp-content\/uploads\/2025\/01\/balabanli-ruzgar-enerji-santralinde-2inci-kapasite-artisi-tamamlandi-500x323.jpg 500w, https:\/\/www.enerjigazetesi.ist\/wp-content\/uploads\/2025\/01\/balabanli-ruzgar-enerji-santralinde-2inci-kapasite-artisi-tamamlandi-77x50.jpg 77w\" sizes=\"(max-width: 500px) 100vw, 500px\" \/><\/p>\n<p>Borusan Grubu ve Energie Baden-W\u00fcrttemberg AG\u2019nin (EnBW) ortak giri\u015fimi olarak T\u00fcrkiye\u2019nin ye\u015fil enerji d\u00f6n\u00fc\u015f\u00fcm\u00fcnde \u00f6nc\u00fc bir rol \u00fcstlenen Borusan EnBW Enerji, Tekirda\u011f\u2019da bulunan Balabanl\u0131 R\u00fczg\u00e2r Enerji Santrali\u2019nde (RES) ger\u00e7ekle\u015ftirdi\u011fi ikinci kapasite art\u0131\u015f projesini ba\u015far\u0131yla tamamlad\u0131.\u00a0Toplam 36 MW\u2019l\u0131k kapasitenin devreye girmesiyle Balabanl\u0131 RES\u2019in kurulu g\u00fcc\u00fc 97 MW\u2019a ula\u015f\u0131rken, tesis, y\u0131ll\u0131k yakla\u015f\u0131k 190.000 ton CO<sub>2<\/sub> sal\u0131m\u0131n\u0131n \u00f6n\u00fcne ge\u00e7ecek. 2. Kapasite Art\u0131\u015f\u0131n\u0131n devreye girmesiyle, Borusan EnBW Enerji\u2019nin de 1352 MW\u2019l\u0131k portf\u00f6y\u00fcn\u00fcn 855 MW\u2019\u0131 i\u015fletmeye girmi\u015f oldu. \u015eirketin toplam r\u00fczgar t\u00fcrbini say\u0131s\u0131 da 198\u2019e ula\u015ft\u0131.<\/p>\n<h3><strong>Enis Amasyal\u0131; \u201cT\u00fcrkiye\u2019nin Ye\u015fil Enerji D\u00f6n\u00fc\u015f\u00fcm\u00fcnde \u00d6nc\u00fc Rol\u00fcm\u00fcz\u00fc S\u00fcrd\u00fcrmede Kararl\u0131y\u0131z\u201d<\/strong><\/h3>\n<p>Balabanl\u0131 R\u00fczg\u00e2r Enerji Santrali\u2019nde (RES) ikinci kapasite art\u0131\u015f projesini ba\u015far\u0131yla tamamlaman\u0131n mutlulu\u011funu ya\u015fad\u0131klar\u0131n\u0131 belirten <strong>Borusan EnBW Enerji Genel M\u00fcd\u00fcr\u00fc Enis Amasyal\u0131<\/strong>, proje ile ilgili \u015fu bilgileri payla\u015ft\u0131: <em>\u201cBorusan EnBW Enerji olarak, tamam\u0131 yenilenebilir enerji tesislerinden olu\u015fan portf\u00f6y\u00fcm\u00fcz ile \u00fclkemizin enerji ba\u011f\u0131ms\u0131zl\u0131\u011f\u0131, enerjide arz g\u00fcvenli\u011fi ve 2053 Net S\u0131f\u0131r politikalar\u0131na da g\u00fc\u00e7l\u00fc katk\u0131da bulunuyoruz.\u00a0<\/em><\/p>\n<p><em>Balabanl\u0131 RES\u2019teki bu kapasite art\u0131\u015f\u0131, yenilenebilir enerji kaynaklar\u0131na yapt\u0131\u011f\u0131m\u0131z yat\u0131r\u0131mlar\u0131n ve insan-iklim-inovasyon temelinde kurgulad\u0131\u011f\u0131m\u0131z s\u00fcrd\u00fcr\u00fclebilirlik vizyonumuzun bir par\u00e7as\u0131d\u0131r. \u0130klim de\u011fi\u015fikli\u011fiyle m\u00fccadelede ve T\u00fcrkiye\u2019nin ye\u015fil enerji d\u00f6n\u00fc\u015f\u00fcm\u00fcnde \u00f6nc\u00fc rol\u00fcm\u00fcz\u00fc s\u00fcrd\u00fcrmede kararl\u0131y\u0131z. Balabanl\u0131 R\u00fczg\u00e2r Enerji Santrali&#8217;mizde ger\u00e7ekle\u015ftirdi\u011fimiz bu ikinci kapasite art\u0131\u015f\u0131, bunun somut bir g\u00f6stergesidir\u201d<\/em> dedi.<\/p>","protected":false},"excerpt":{"rendered":"<p>Sorry, this entry is only available in Turkish. For the sake of viewer convenience, the content is shown below in the alternative language. You may click the link to switch the active language. Borusan EnBW Enerji, Tekirda\u011f&#8217;daki Balabanl\u0131 R\u00fczg\u00e2r Enerji Santrali&#8217;nde (RES) ger\u00e7ekle\u015ftirdi\u011fi ikinci kapasite art\u0131\u015f\u0131yla g\u00fcc\u00fcne g\u00fc\u00e7 katt\u0131. Kapasite art\u0131\u015f\u0131 projesinin devreye girmesiyle santralin [&hellip;]<\/p>\n","protected":false},"author":1,"featured_media":194655,"comment_status":"open","ping_status":"open","sticky":false,"template":"","format":"standard","meta":[],"categories":[53,50],"tags":[115921,113416,14225,10764,231],"views":35,"_links":{"self":[{"href":"https:\/\/www.enerjigazetesi.ist\/en\/wp-json\/wp\/v2\/posts\/194652"}],"collection":[{"href":"https:\/\/www.enerjigazetesi.ist\/en\/wp-json\/wp\/v2\/posts"}],"about":[{"href":"https:\/\/www.enerjigazetesi.ist\/en\/wp-json\/wp\/v2\/types\/post"}],"author":[{"embeddable":true,"href":"https:\/\/www.enerjigazetesi.ist\/en\/wp-json\/wp\/v2\/users\/1"}],"replies":[{"embeddable":true,"href":"https:\/\/www.enerjigazetesi.ist\/en\/wp-json\/wp\/v2\/comments?post=194652"}],"version-history":[{"count":0,"href":"https:\/\/www.enerjigazetesi.ist\/en\/wp-json\/wp\/v2\/posts\/194652\/revisions"}],"wp:featuredmedia":[{"embeddable":true,"href":"https:\/\/www.enerjigazetesi.ist\/en\/wp-json\/wp\/v2\/media\/194655"}],"wp:attachment":[{"href":"https:\/\/www.enerjigazetesi.ist\/en\/wp-json\/wp\/v2\/media?parent=194652"}],"wp:term":[{"taxonomy":"category","embeddable":true,"href":"https:\/\/www.enerjigazetesi.ist\/en\/wp-json\/wp\/v2\/categories?post=194652"},{"taxonomy":"post_tag","embeddable":true,"href":"https:\/\/www.enerjigazetesi.ist\/en\/wp-json\/wp\/v2\/tags?post=194652"}],"curies":[{"name":"wp","href":"https:\/\/api.w.org\/{rel}","templated":true}]}}