{"id":194595,"date":"2025-01-28T11:47:39","date_gmt":"2025-01-28T08:47:39","guid":{"rendered":"https:\/\/www.enerjigazetesi.ist\/?p=194595"},"modified":"2025-01-28T11:58:43","modified_gmt":"2025-01-28T08:58:43","slug":"brisanin-aksaray-fabrikasindaki-gunes-santralinin-kapasitesi-artirildi","status":"publish","type":"post","link":"https:\/\/www.enerjigazetesi.ist\/en\/brisanin-aksaray-fabrikasindaki-gunes-santralinin-kapasitesi-artirildi\/","title":{"rendered":"(Turkish) &#8217;Brisa&#8217;n\u0131n Aksaray Fabrikas\u0131\u2019ndaki G\u00fcne\u015f Santralinin Kapasitesi Art\u0131r\u0131ld\u0131"},"content":{"rendered":"<p class=\"qtranxs-available-languages-message qtranxs-available-languages-message-en\">Sorry, this entry is only available in <a href=\"https:\/\/www.enerjigazetesi.ist\/tr\/wp-json\/wp\/v2\/posts\/194595\" class=\"qtranxs-available-language-link qtranxs-available-language-link-tr\" title=\"Turkish\">Turkish<\/a>. For the sake of viewer convenience, the content is shown below in the alternative language. You may click the link to switch the active language.<\/p><p><\/p>\n<h2><strong>Brisa ve Enerjisa Enerji, s\u00fcrd\u00fcr\u00fclebilirlik hedeflerine katk\u0131 sunacak \u00f6nemli bir i\u015f birli\u011fine imza att\u0131.\u00a0Tasarruf ve verimlilik odakl\u0131 \u0130\u015fimin Enerjisi \u00e7\u00f6z\u00fcmleriyle m\u00fc\u015fterilerine u\u00e7tan uca yenilenebilir enerji ve enerji verimlili\u011fi uygulamalar\u0131 sunan Enerjisa Enerji,\u00a0Brisa\u2019n\u0131n Aksaray fabrikas\u0131nda kurulu g\u00fcne\u015f enerjisi santralinin kapasitesini yakla\u015f\u0131k 2 bin 600 panel ile art\u0131rd\u0131. Yakla\u015f\u0131k 13 bin g\u00fcne\u015f paneline ula\u015fan bu santral ile Brisa, 2025 y\u0131l\u0131ndaki enerji ihtiyac\u0131n\u0131n y\u00fczde 18\u2019ini yenilenebilir enerji ile kar\u015f\u0131layarak y\u0131lda yakla\u015f\u0131k 4.260 ton karbon sal\u0131m\u0131 \u00f6nleyecek.<\/strong><\/h2>\n<p style=\"text-align: center;\"><img loading=\"lazy\" class=\"aligncenter wp-image-194597\" src=\"https:\/\/www.enerjigazetesi.ist\/wp-content\/uploads\/2025\/01\/brisanin-aksaray-fabrikasindaki-gunes-santralinin-kapasitesi-artirildi.jpg\" alt=\"\" width=\"500\" height=\"372\" srcset=\"https:\/\/www.enerjigazetesi.ist\/wp-content\/uploads\/2025\/01\/brisanin-aksaray-fabrikasindaki-gunes-santralinin-kapasitesi-artirildi.jpg 550w, https:\/\/www.enerjigazetesi.ist\/wp-content\/uploads\/2025\/01\/brisanin-aksaray-fabrikasindaki-gunes-santralinin-kapasitesi-artirildi-300x223.jpg 300w, https:\/\/www.enerjigazetesi.ist\/wp-content\/uploads\/2025\/01\/brisanin-aksaray-fabrikasindaki-gunes-santralinin-kapasitesi-artirildi-500x372.jpg 500w, https:\/\/www.enerjigazetesi.ist\/wp-content\/uploads\/2025\/01\/brisanin-aksaray-fabrikasindaki-gunes-santralinin-kapasitesi-artirildi-67x50.jpg 67w\" sizes=\"(max-width: 500px) 100vw, 500px\" \/><\/p>\n<p>T\u00fcrkiye lastik sekt\u00f6r\u00fcnde s\u00fcrd\u00fcr\u00fclebilirlikte \u00f6nc\u00fc Brisa ile m\u00fc\u015fterilerine u\u00e7tan uca yenilenebilir enerji ve enerji verimlili\u011fi uygulamalar\u0131 sunan Enerjisa Enerji yeni i\u015f birli\u011fine daha imza att\u0131. Karbonsuzla\u015fma yol haritas\u0131 kapsam\u0131nda, yenilenebilir enerji kullan\u0131m\u0131n\u0131 art\u0131rmay\u0131 hedefleyen Brisa, Aksaray fabrikas\u0131ndaki g\u00fcne\u015f enerjisi santralinin kapasitesini yine Enerjisa ile art\u0131rd\u0131.<\/p>\n<p>G\u00fc\u00e7lerini ilk kez 2022\u2019de duyurduklar\u0131 proje ile birle\u015ftiren iki \u015firket, Brisa\u2019n\u0131n Aksaray\u2019daki \u00fcretim tesislerinde devreye ald\u0131\u011f\u0131 G\u00fcne\u015f enerjisi santrali projesi ile temiz enerji kullan\u0131m\u0131n\u0131 ba\u015flatm\u0131\u015ft\u0131. Yeni i\u015f birli\u011fi ile Enerjisa Enerji, Brisa\u2019n\u0131n Aksaray fabrikas\u0131n\u0131n \u00e7at\u0131s\u0131na kurdu\u011fu G\u00fcne\u015f enerjisi santralinin kapasitesini, araziye kurdu\u011fu yakla\u015f\u0131k 2 bin 600 panel ile art\u0131rd\u0131. Santrale yap\u0131lan bu ek yat\u0131r\u0131m ile beraber Brisa\u2019n\u0131n toplam enerji t\u00fcketiminde yenilenebilir enerjinin pay\u0131 y\u00fckselmi\u015f oldu.<\/p>\n<p>\u2018\u0130\u015fimin Enerjisi\u2019 \u00e7at\u0131s\u0131 alt\u0131nda yap\u0131lan ve toplamda yakla\u015f\u0131k 13 bin g\u00fcne\u015f paneline ula\u015fan santralin \u00a0toplam DC kurulu g\u00fcc\u00fc 5,3 MWp, AC Kurulu g\u00fcc\u00fc ise 4,5 MWe seviyesine ula\u015facak. B\u00f6ylece Brisa\u2019n\u0131n Aksaray\u2019daki fabrikas\u0131n\u0131n enerji ihtiyac\u0131n\u0131n y\u00fczde 18\u2019i yenilenebilir enerji ile kar\u015f\u0131lanm\u0131\u015f olacak.<\/p>\n<h3><strong>4 Bin 260 Ton Karbondioksit Sal\u0131m\u0131n\u0131n \u00d6n\u00fcne Ge\u00e7ilecek<\/strong><\/h3>\n<p>\u2018Herkes i\u00e7in daha iyi bir gelecek\u2019 vizyonuyla s\u00fcrd\u00fcr\u00fclebilir projelerini hayata ge\u00e7iren Enerjisa Enerji ile t\u00fcm i\u015f s\u00fcre\u00e7lerini s\u00fcrd\u00fcr\u00fclebilirlik ekseninde tasarlayan Brisa\u2019n\u0131n yeni i\u015f birli\u011fi ile \u00fcretilen enerji, yakla\u015f\u0131k 2 bin 740 hanenin y\u0131ll\u0131k elektrik ihtiyac\u0131na denk geliyor. \u0130\u015fimin Enerjisi alt\u0131nda ger\u00e7ekle\u015fen en b\u00fcy\u00fck GES uygulamalar\u0131ndan biri olan bu projeyle, yakla\u015f\u0131k 13 bin g\u00fcne\u015f paneli ile y\u0131ll\u0131k yakla\u015f\u0131k 4 bin 260 ton karbon sal\u0131m\u0131n\u0131n \u00f6n\u00fcne ge\u00e7ilerek do\u011fa ve ekosistem \u00fczerinde kal\u0131c\u0131 olumlu etkiler b\u0131rak\u0131lmas\u0131 \u00f6ng\u00f6r\u00fcl\u00fcyor.<\/p>\n<h3><strong>\u201cKarbonsuz Bir Gelecek \u0130\u00e7in \u00d6nemli Bir Ad\u0131m Att\u0131k\u201d<\/strong><\/h3>\n<div id=\"attachment_194599\" style=\"width: 510px\" class=\"wp-caption aligncenter\"><img aria-describedby=\"caption-attachment-194599\" loading=\"lazy\" class=\"wp-image-194599\" src=\"https:\/\/www.enerjigazetesi.ist\/wp-content\/uploads\/2025\/01\/brisanin-aksaray-fabrikasindaki-gunes-santralinin-kapasitesi-artirildi-1.jpg\" alt=\"\" width=\"500\" height=\"313\" srcset=\"https:\/\/www.enerjigazetesi.ist\/wp-content\/uploads\/2025\/01\/brisanin-aksaray-fabrikasindaki-gunes-santralinin-kapasitesi-artirildi-1.jpg 550w, https:\/\/www.enerjigazetesi.ist\/wp-content\/uploads\/2025\/01\/brisanin-aksaray-fabrikasindaki-gunes-santralinin-kapasitesi-artirildi-1-300x188.jpg 300w, https:\/\/www.enerjigazetesi.ist\/wp-content\/uploads\/2025\/01\/brisanin-aksaray-fabrikasindaki-gunes-santralinin-kapasitesi-artirildi-1-500x313.jpg 500w, https:\/\/www.enerjigazetesi.ist\/wp-content\/uploads\/2025\/01\/brisanin-aksaray-fabrikasindaki-gunes-santralinin-kapasitesi-artirildi-1-80x50.jpg 80w\" sizes=\"(max-width: 500px) 100vw, 500px\" \/><p id=\"caption-attachment-194599\" class=\"wp-caption-text\">Brisa CEO\u2019su Haluk K\u00fcrk\u00e7\u00fc<\/p><\/div>\n<p>Brisa olarak s\u00fcrd\u00fcr\u00fclebilir bir gelecek i\u00e7in somut ad\u0131mlar atmaya devam ettiklerinin alt\u0131n\u0131 \u00e7izen\u00a0<strong>Brisa CEO\u2019su Haluk K\u00fcrk\u00e7\u00fc<\/strong>, Enerjisa Enerji ile ger\u00e7ekle\u015ftirilen i\u015f birliklerinin karbonsuzla\u015fma yol haritalar\u0131nda \u00f6nemli bir ad\u0131m oldu\u011funa vurgu yapt\u0131. K\u00fcrk\u00e7\u00fc, yapt\u0131\u011f\u0131 de\u011ferlendirmesinde \u015fu ifadeleri kulland\u0131: <em>\u201cBrisa olarak, s\u00fcrd\u00fcr\u00fclebilirlik hedeflerini Bilim Temelli Hedefler inisiyatifine onaylatan T\u00fcrkiye\u2019de ilk \u015firket ve global d\u00fczeyde tek lastik \u015firketiyiz. Bu kapsamda, 2030 y\u0131l\u0131 i\u00e7in belirledi\u011fimiz kritik hedeflerimiz var. \u00d6rne\u011fin, 2020\u2019ye k\u0131yasla karbon emisyonlar\u0131m\u0131z\u0131 %56 oran\u0131nda azaltmay\u0131, %100 yenilenebilir enerjiye ge\u00e7meyi hedefliyoruz. Aksaray fabrikam\u0131zda daha \u00f6nce devreye ald\u0131\u011f\u0131m\u0131z, 3,5 MWe\u2019lik g\u00fcne\u015f enerjisi santrali yat\u0131r\u0131m\u0131nda yeni bir kapasite art\u0131\u015f\u0131na giderek, yenilenebilir enerji kullan\u0131m\u0131m\u0131z\u0131 ciddi oranda art\u0131r\u0131yoruz. Bridgestone Corporation ve Sabanc\u0131 Holding\u2019in vizyonundan ilham alarak her y\u0131l enerji ve su verimlili\u011fi, karbon ve at\u0131k azalt\u0131m\u0131 konular\u0131nda kararl\u0131kla ilerlemeye ve s\u00fcrd\u00fcr\u00fclebilirlik performans\u0131m\u0131z\u0131 g\u00fc\u00e7lendirmeye devam ediyoruz. Enerjisa Enerji ekibine bu s\u00fcre\u00e7teki i\u015f birli\u011fi i\u00e7in te\u015fekk\u00fcr ediyorum\u201d<\/em> dedi.<\/p>\n<h3><strong>\u201cYeni Nesil Enerji Teknolojileri Uygulamalar\u0131nda Kilit Rol Oynad\u0131\u011f\u0131m\u0131z\u0131 Biliyoruz\u201d<\/strong><\/h3>\n<div id=\"attachment_194598\" style=\"width: 510px\" class=\"wp-caption aligncenter\"><img aria-describedby=\"caption-attachment-194598\" loading=\"lazy\" class=\"wp-image-194598\" src=\"https:\/\/www.enerjigazetesi.ist\/wp-content\/uploads\/2025\/01\/brisanin-aksaray-fabrikasindaki-gunes-santralinin-kapasitesi-artirildi-2.jpg\" alt=\"\" width=\"500\" height=\"334\" srcset=\"https:\/\/www.enerjigazetesi.ist\/wp-content\/uploads\/2025\/01\/brisanin-aksaray-fabrikasindaki-gunes-santralinin-kapasitesi-artirildi-2.jpg 550w, https:\/\/www.enerjigazetesi.ist\/wp-content\/uploads\/2025\/01\/brisanin-aksaray-fabrikasindaki-gunes-santralinin-kapasitesi-artirildi-2-300x200.jpg 300w, https:\/\/www.enerjigazetesi.ist\/wp-content\/uploads\/2025\/01\/brisanin-aksaray-fabrikasindaki-gunes-santralinin-kapasitesi-artirildi-2-500x334.jpg 500w, https:\/\/www.enerjigazetesi.ist\/wp-content\/uploads\/2025\/01\/brisanin-aksaray-fabrikasindaki-gunes-santralinin-kapasitesi-artirildi-2-75x50.jpg 75w, https:\/\/www.enerjigazetesi.ist\/wp-content\/uploads\/2025\/01\/brisanin-aksaray-fabrikasindaki-gunes-santralinin-kapasitesi-artirildi-2-450x300.jpg 450w\" sizes=\"(max-width: 500px) 100vw, 500px\" \/><p id=\"caption-attachment-194598\" class=\"wp-caption-text\">Enerjisa Enerji CEO\u2019su Murat P\u0131nar<\/p><\/div>\n<p>\u0130\u015fimin Enerjisi \u00e7at\u0131s\u0131 ger\u00e7ekle\u015ftirdikleri projelerin hem ekonomik verimlilik hem de s\u00fcrd\u00fcr\u00fclebilirlik hedeflerine do\u011frudan etki etti\u011fini belirten\u00a0<strong>Enerjisa Enerji CEO\u2019su Murat P\u0131nar<\/strong>, <em>&#8220;Yenilenebilir enerjiye yapt\u0131\u011f\u0131m\u0131z yat\u0131r\u0131mlar ve stratejik i\u015f birlikleriyle T\u00fcrkiye&#8217;nin enerji d\u00f6n\u00fc\u015f\u00fcm\u00fcne \u00f6nc\u00fcl\u00fck etmeye devam ediyoruz. &#8216;\u0130\u015fimin Enerjisi&#8217; \u00e7at\u0131s\u0131 alt\u0131nda Brisa ile hayata ge\u00e7irdi\u011fimiz g\u00fcne\u015f enerjisi santrali, \u00e7evresel s\u00fcrd\u00fcr\u00fclebilirli\u011fe katk\u0131 sa\u011flamakla kalm\u0131yor hem de yerinde \u00fcretim ve t\u00fcketim sayesinde tasarruflu, verimli bir enerji uygulamas\u0131 oluyor. D\u0131\u015f ticaret a\u00e7\u0131\u011f\u0131n\u0131n en b\u00fcy\u00fck kaleminde enerji ithalat\u0131 g\u00f6ren bir \u00fclkenin en b\u00fcy\u00fck fabrikalar\u0131ndan birini bu anlamda d\u00f6n\u00fc\u015ft\u00fcrmekten gururluyuz.<\/em><\/p>\n<p><em>T\u00fcm i\u015f ortaklar\u0131m\u0131z ile do\u011faya sayg\u0131 duydu\u011fumuz, ayn\u0131 zamanda da kaynaklar\u0131m\u0131z\u0131 do\u011fru y\u00f6netti\u011fimiz b\u00f6yle ba\u015far\u0131l\u0131 projeler ile geli\u015ftirmeye devam edece\u011fiz. Brisa \u00f6rne\u011finde \u015funu g\u00f6rd\u00fck ki, yenilenebilir enerjinin pozitif etkisi ciddi anlamda hissedilmi\u015f ve kapasite art\u0131r\u0131m\u0131na gidilmek istenmi\u015f. T\u00fcrkiye\u2019nin karbon azalt\u0131m\u0131nda ve yeni nesil enerji teknolojileri uygulamalar\u0131nda kilit rol oynad\u0131\u011f\u0131m\u0131z\u0131 biliyor ve bunun sorumlulu\u011fuyla hareket ediyoruz. Proje s\u00fcresi boyunca panellerin temizli\u011finden t\u00fcm bak\u0131m ve onar\u0131m\u0131na kadar projeye sahip \u00e7\u0131kt\u0131\u011f\u0131m\u0131z, enerji performans s\u00f6zle\u015fmesinin t\u00fcm gerekliliklerini takip etti\u011fimiz, en verimli y\u00f6netimi yapt\u0131\u011f\u0131m\u0131z \u0130\u015fimin Enerjisi projelerinin giderek artmas\u0131n\u0131 temenni ediyorum. Brisa\u2019ya da yenilenebilir enerjiye olan inanc\u0131 ve anlaml\u0131 i\u015f birli\u011fi i\u00e7in te\u015fekk\u00fcr ediyorum.\u201d<\/em> dedi.<\/p>\n<h3><strong>\u0130\u015fletmelere Yat\u0131r\u0131m Maliyeti Yans\u0131tm\u0131yor<\/strong><\/h3>\n<p>Enerjisa Enerji,\u00a0\u2018<a href=\"https:\/\/www.enerjisa.com.tr\/tr\/isimin-enerjisi\" target=\"_blank\" rel=\"noopener\">\u0130\u015fimin Enerjisi<\/a>\u2019 \u00e7\u00f6z\u00fcmleri alt\u0131nda ger\u00e7ekle\u015ftirdi\u011fi GES projesi ile \u00e7evre dostu bir \u00fcretim s\u00fcreci olu\u015fturman\u0131n yan\u0131 s\u0131ra, i\u015fletmelere yat\u0131r\u0131m maliyeti yans\u0131tmadan enerji maliyetlerinden tasarruf etmelerine de imkan tan\u0131yor. Enerjisa Enerji \u2018Enerji Performans Modeli\u2019 ile yat\u0131r\u0131m masraf\u0131 olmadan i\u015fletmeler i\u00e7in bir \u00e7\u00f6z\u00fcm orta\u011f\u0131 olarak \u00f6zel i\u015f modelleri geli\u015ftiriyor i\u015fletmelerin performans riskini \u00fcstlenirken enerjiden tasarruf etmeleri g\u00fcvence alt\u0131na al\u0131yor.<\/p>","protected":false},"excerpt":{"rendered":"<p>Sorry, this entry is only available in Turkish. For the sake of viewer convenience, the content is shown below in the alternative language. You may click the link to switch the active language. Brisa ve Enerjisa Enerji, s\u00fcrd\u00fcr\u00fclebilirlik hedeflerine katk\u0131 sunacak \u00f6nemli bir i\u015f birli\u011fine imza att\u0131.\u00a0Tasarruf ve verimlilik odakl\u0131 \u0130\u015fimin Enerjisi \u00e7\u00f6z\u00fcmleriyle m\u00fc\u015fterilerine u\u00e7tan [&hellip;]<\/p>\n","protected":false},"author":1,"featured_media":194597,"comment_status":"open","ping_status":"open","sticky":false,"template":"","format":"standard","meta":[],"categories":[53,49],"tags":[104399,21701,55807,37825,2326,2569,80308],"views":12,"_links":{"self":[{"href":"https:\/\/www.enerjigazetesi.ist\/en\/wp-json\/wp\/v2\/posts\/194595"}],"collection":[{"href":"https:\/\/www.enerjigazetesi.ist\/en\/wp-json\/wp\/v2\/posts"}],"about":[{"href":"https:\/\/www.enerjigazetesi.ist\/en\/wp-json\/wp\/v2\/types\/post"}],"author":[{"embeddable":true,"href":"https:\/\/www.enerjigazetesi.ist\/en\/wp-json\/wp\/v2\/users\/1"}],"replies":[{"embeddable":true,"href":"https:\/\/www.enerjigazetesi.ist\/en\/wp-json\/wp\/v2\/comments?post=194595"}],"version-history":[{"count":0,"href":"https:\/\/www.enerjigazetesi.ist\/en\/wp-json\/wp\/v2\/posts\/194595\/revisions"}],"wp:featuredmedia":[{"embeddable":true,"href":"https:\/\/www.enerjigazetesi.ist\/en\/wp-json\/wp\/v2\/media\/194597"}],"wp:attachment":[{"href":"https:\/\/www.enerjigazetesi.ist\/en\/wp-json\/wp\/v2\/media?parent=194595"}],"wp:term":[{"taxonomy":"category","embeddable":true,"href":"https:\/\/www.enerjigazetesi.ist\/en\/wp-json\/wp\/v2\/categories?post=194595"},{"taxonomy":"post_tag","embeddable":true,"href":"https:\/\/www.enerjigazetesi.ist\/en\/wp-json\/wp\/v2\/tags?post=194595"}],"curies":[{"name":"wp","href":"https:\/\/api.w.org\/{rel}","templated":true}]}}