{"id":194575,"date":"2025-01-27T14:57:14","date_gmt":"2025-01-27T11:57:14","guid":{"rendered":"https:\/\/www.enerjigazetesi.ist\/?p=194575"},"modified":"2025-01-27T14:57:14","modified_gmt":"2025-01-27T11:57:14","slug":"gunes-enerjisine-dayali-6-yarisma-basvurusu-27-ocak-2025te-alinacak","status":"publish","type":"post","link":"https:\/\/www.enerjigazetesi.ist\/en\/gunes-enerjisine-dayali-6-yarisma-basvurusu-27-ocak-2025te-alinacak\/","title":{"rendered":"(Turkish) G\u00fcne\u015f Enerjisine Dayal\u0131 6 Yar\u0131\u015fma Ba\u015fvurusu 27 Ocak 2025\u2019te Al\u0131nacak!"},"content":{"rendered":"<p class=\"qtranxs-available-languages-message qtranxs-available-languages-message-en\">Sorry, this entry is only available in <a href=\"https:\/\/www.enerjigazetesi.ist\/tr\/wp-json\/wp\/v2\/posts\/194575\" class=\"qtranxs-available-language-link qtranxs-available-language-link-tr\" title=\"Turkish\">Turkish<\/a>. For the sake of viewer convenience, the content is shown below in the alternative language. You may click the link to switch the active language.<\/p><p><\/p>\n<h2><strong>Toplam 800 megavat g\u00fcc\u00fcndeki ba\u011flant\u0131 kapasitesinin tahsisi amac\u0131yla g\u00fcne\u015f enerjisine dayal\u0131 6 yar\u0131\u015fma ba\u015fvurusu (YEKA GES-2024) 27 Ocak 2025 tarihinde al\u0131nacak.<\/strong><\/h2>\n<p style=\"text-align: center;\"><img loading=\"lazy\" class=\"aligncenter wp-image-194577\" src=\"https:\/\/www.enerjigazetesi.ist\/wp-content\/uploads\/2025\/01\/gunes-enerjisine-dayali-6-yarisma-basvurusu-27-ocak-2025te-alinacak.jpg\" alt=\"\" width=\"500\" height=\"334\" srcset=\"https:\/\/www.enerjigazetesi.ist\/wp-content\/uploads\/2025\/01\/gunes-enerjisine-dayali-6-yarisma-basvurusu-27-ocak-2025te-alinacak.jpg 550w, https:\/\/www.enerjigazetesi.ist\/wp-content\/uploads\/2025\/01\/gunes-enerjisine-dayali-6-yarisma-basvurusu-27-ocak-2025te-alinacak-300x200.jpg 300w, https:\/\/www.enerjigazetesi.ist\/wp-content\/uploads\/2025\/01\/gunes-enerjisine-dayali-6-yarisma-basvurusu-27-ocak-2025te-alinacak-500x334.jpg 500w, https:\/\/www.enerjigazetesi.ist\/wp-content\/uploads\/2025\/01\/gunes-enerjisine-dayali-6-yarisma-basvurusu-27-ocak-2025te-alinacak-75x50.jpg 75w, https:\/\/www.enerjigazetesi.ist\/wp-content\/uploads\/2025\/01\/gunes-enerjisine-dayali-6-yarisma-basvurusu-27-ocak-2025te-alinacak-450x300.jpg 450w\" sizes=\"(max-width: 500px) 100vw, 500px\" \/><\/p>\n<p>Enerji ve Tabii Kaynaklar Bakanl\u0131\u011f\u0131nca Antalya\u2019da 40 megavat, Karaman\u2019da 200, Malatya\u2019da 75, Van\u2019da 60, K\u00fctahya\u2019da 40 ve Konya\u2019n\u0131n Karap\u0131nar il\u00e7esinde 385 megavat olacak \u015fekilde toplam 800 megavat alan i\u00e7in ba\u015fvurular al\u0131nacak.<\/p>\n<p>Her bir yar\u0131\u015fma i\u00e7in ba\u015flang\u0131\u00e7 tavan fiyat\u0131 kilovatsaat ba\u015f\u0131na 5,50 dolar\/cent, taban fiyat\u0131 da kilovatsaat ba\u015f\u0131na 3,25 dolar\/cent olacak. Taban fiyata ula\u015f\u0131lmas\u0131 halinde megavat ba\u015f\u0131na katk\u0131 pay\u0131 art\u0131rma ba\u015flang\u0131\u00e7 fiyat\u0131 10 bin dolar olarak belirlendi.<\/p>\n<h3><strong>YEKA ile \u015eu Ana Kadar 5 Bin 850 Megavatl\u0131k Kapasite Duyurusu Yap\u0131ld\u0131<\/strong><\/h3>\n<p>Enerji ve Tabii Kaynaklar Bakanl\u0131\u011f\u0131 verilerine g\u00f6re, T\u00fcrkiye\u2019nin elektrik talebinin 2035\u2019te en az 510 milyar kilovatsaat olaca\u011f\u0131 hesaplan\u0131yor. Bu noktada yenilenebilir enerji kaynaklar\u0131na b\u00fcy\u00fck i\u015f d\u00fc\u015f\u00fcyor.<\/p>\n<p>Bakanl\u0131k, bug\u00fcne kadar g\u00fcne\u015f ve r\u00fczgar enerjisinde 5 bin 850 megavatl\u0131k YEKA duyurusu ger\u00e7ekle\u015ftirdi. YEKA projelerinden baz\u0131lar\u0131 iptal edildi, baz\u0131lar\u0131 tamamland\u0131, baz\u0131lar\u0131 ise yat\u0131r\u0131m a\u015famas\u0131nda bulunuyor.<\/p>\n<p>T\u00fcrkiye\u2019de 2035\u2019e kadar r\u00fczgar ve g\u00fcne\u015f kurulu g\u00fcc\u00fcn\u00fcn 4 kat\u0131na \u00e7\u0131kar\u0131larak 120 bin megavata y\u00fckseltilmesi hedefleniyor.<\/p>\n<p>Hedefin ger\u00e7ekle\u015ftirilmesi i\u00e7in lisansl\u0131, lisanss\u0131z ve depolamal\u0131 projelerin yan\u0131nda YEKA modeliyle kapasite art\u0131r\u0131lmas\u0131 hedefleniyor.<\/p>\n<p>Kaynak:\u00a0<a href=\"https:\/\/www.aa.com.tr\/tr\/ekonomi\/guneste-800-megavatlik-yeka-ihalesi-600-milyon-dolarlik-yatirim-getirecek\/3462593\" target=\"_blank\" rel=\"noopener\">AA<\/a><\/p>","protected":false},"excerpt":{"rendered":"<p>Sorry, this entry is only available in Turkish. For the sake of viewer convenience, the content is shown below in the alternative language. You may click the link to switch the active language. Toplam 800 megavat g\u00fcc\u00fcndeki ba\u011flant\u0131 kapasitesinin tahsisi amac\u0131yla g\u00fcne\u015f enerjisine dayal\u0131 6 yar\u0131\u015fma ba\u015fvurusu (YEKA GES-2024) 27 Ocak 2025 tarihinde al\u0131nacak. Enerji [&hellip;]<\/p>\n","protected":false},"author":1,"featured_media":194577,"comment_status":"open","ping_status":"open","sticky":false,"template":"","format":"standard","meta":[],"categories":[51,53,49],"tags":[2326,13,2569,4269,115472,40092,35318],"views":48,"_links":{"self":[{"href":"https:\/\/www.enerjigazetesi.ist\/en\/wp-json\/wp\/v2\/posts\/194575"}],"collection":[{"href":"https:\/\/www.enerjigazetesi.ist\/en\/wp-json\/wp\/v2\/posts"}],"about":[{"href":"https:\/\/www.enerjigazetesi.ist\/en\/wp-json\/wp\/v2\/types\/post"}],"author":[{"embeddable":true,"href":"https:\/\/www.enerjigazetesi.ist\/en\/wp-json\/wp\/v2\/users\/1"}],"replies":[{"embeddable":true,"href":"https:\/\/www.enerjigazetesi.ist\/en\/wp-json\/wp\/v2\/comments?post=194575"}],"version-history":[{"count":0,"href":"https:\/\/www.enerjigazetesi.ist\/en\/wp-json\/wp\/v2\/posts\/194575\/revisions"}],"wp:featuredmedia":[{"embeddable":true,"href":"https:\/\/www.enerjigazetesi.ist\/en\/wp-json\/wp\/v2\/media\/194577"}],"wp:attachment":[{"href":"https:\/\/www.enerjigazetesi.ist\/en\/wp-json\/wp\/v2\/media?parent=194575"}],"wp:term":[{"taxonomy":"category","embeddable":true,"href":"https:\/\/www.enerjigazetesi.ist\/en\/wp-json\/wp\/v2\/categories?post=194575"},{"taxonomy":"post_tag","embeddable":true,"href":"https:\/\/www.enerjigazetesi.ist\/en\/wp-json\/wp\/v2\/tags?post=194575"}],"curies":[{"name":"wp","href":"https:\/\/api.w.org\/{rel}","templated":true}]}}