{"id":194521,"date":"2025-01-27T11:20:26","date_gmt":"2025-01-27T08:20:26","guid":{"rendered":"https:\/\/www.enerjigazetesi.ist\/?p=194521"},"modified":"2025-01-27T11:38:21","modified_gmt":"2025-01-27T08:38:21","slug":"zesten-en-hizli-elektrikli-arac-sarj-cozumu-10-dakikada-sarj","status":"publish","type":"post","link":"https:\/\/www.enerjigazetesi.ist\/en\/zesten-en-hizli-elektrikli-arac-sarj-cozumu-10-dakikada-sarj\/","title":{"rendered":"(Turkish) Zes\u2019ten En H\u0131zl\u0131 Elektrikli Ara\u00e7 \u015earj \u00c7\u00f6z\u00fcm\u00fc: 10 Dakikada \u015earj"},"content":{"rendered":"<p class=\"qtranxs-available-languages-message qtranxs-available-languages-message-en\">Sorry, this entry is only available in <a href=\"https:\/\/www.enerjigazetesi.ist\/tr\/wp-json\/wp\/v2\/posts\/194521\" class=\"qtranxs-available-language-link qtranxs-available-language-link-tr\" title=\"Turkish\">Turkish<\/a>. For the sake of viewer convenience, the content is shown below in the alternative language. You may click the link to switch the active language.<\/p><p><\/p>\n<h2><strong>T\u00fcrkiye\u2019nin \u00f6nde gelen elektrikli ara\u00e7 \u015farj istasyonu operat\u00f6r\u00fc Zes, Vestel Mobilite taraf\u0131ndan \u00fcretilen T\u00fcrkiye\u2019nin en h\u0131zl\u0131, d\u00fcnyada ise s\u0131n\u0131rl\u0131 say\u0131da bulunan 720 kW g\u00fcc\u00fcndeki \u015farj istasyonlar\u0131n\u0131 elektrikli ara\u00e7 kullan\u0131c\u0131lar\u0131yla bulu\u015fturarak yeni bir d\u00f6nemin kap\u0131lar\u0131n\u0131 aral\u0131yor.<\/strong><\/h2>\n<p style=\"text-align: center;\"><img loading=\"lazy\" class=\"aligncenter wp-image-194524\" src=\"https:\/\/www.enerjigazetesi.ist\/wp-content\/uploads\/2025\/01\/zesten-en-hizli-elektrikli-arac-sarj-cozumu-10-dakikada-sarj.jpg\" alt=\"\" width=\"500\" height=\"339\" srcset=\"https:\/\/www.enerjigazetesi.ist\/wp-content\/uploads\/2025\/01\/zesten-en-hizli-elektrikli-arac-sarj-cozumu-10-dakikada-sarj.jpg 550w, https:\/\/www.enerjigazetesi.ist\/wp-content\/uploads\/2025\/01\/zesten-en-hizli-elektrikli-arac-sarj-cozumu-10-dakikada-sarj-300x203.jpg 300w, https:\/\/www.enerjigazetesi.ist\/wp-content\/uploads\/2025\/01\/zesten-en-hizli-elektrikli-arac-sarj-cozumu-10-dakikada-sarj-500x339.jpg 500w, https:\/\/www.enerjigazetesi.ist\/wp-content\/uploads\/2025\/01\/zesten-en-hizli-elektrikli-arac-sarj-cozumu-10-dakikada-sarj-74x50.jpg 74w\" sizes=\"(max-width: 500px) 100vw, 500px\" \/><\/p>\n<p>Elektrikli ara\u00e7 \u015farj istasyonlar\u0131nda ve altyap\u0131 projelerinde T\u00fcrkiye\u2019nin \u00f6nc\u00fclerinden olan Zes ve Vestel i\u015fbirli\u011fi ile elektrikli ara\u00e7lar i\u00e7in sunulan \u00e7\u00f6z\u00fcm ekosistemi geli\u015fmeye devam ediyor. Zes, Vestel Mobilite\u2019nin m\u00fchendislik ve teknoloji g\u00fcc\u00fcyle \u00fcretilen 720 kW g\u00fcc\u00fcndeki \u015farj istasyonlar\u0131 ile hem T\u00fcrkiye&#8217;de hem de Avrupa\u2019da elektrikli ara\u00e7 kullan\u0131c\u0131lar\u0131na en h\u0131zl\u0131 hizmeti sunmaya haz\u0131rlan\u0131yor. T\u00fcrkiye\u2019den ba\u015flayarak Avrupa\u2019ya yay\u0131lacak bu ultra h\u0131zl\u0131 \u015farj istasyonlar\u0131 ile Zes ve Electrip markalar\u0131 s\u00fcrd\u00fcr\u00fclebilir mobilite \u00e7\u00f6z\u00fcmlerindeki taah\u00fctlerini g\u00fc\u00e7lendiriyor.<\/p>\n<h3><strong>10 Dakikada \u015earj\u00a0<\/strong><\/h3>\n<p>Vestel Mobilite\u2019nin \u00fcretti\u011fi ultra h\u0131zl\u0131 \u015farj istasyonlar\u0131, bireysel ve ticari elektrikli ara\u00e7 kullan\u0131c\u0131lar\u0131n\u0131n ihtiya\u00e7lar\u0131n\u0131 tam anlam\u0131yla kar\u015f\u0131lamak i\u00e7in tasarland\u0131. Ara\u00e7lar\u0131n \u015farjlanma kapasitesine ba\u011fl\u0131 olarak otomobil, otob\u00fcs ve a\u011f\u0131r vas\u0131ta ara\u00e7lar i\u00e7in tek \u00e7\u0131k\u0131\u015fta 720 kW\u2019l\u0131k g\u00fcc\u00fcn tamam\u0131n\u0131 sunabilme yetene\u011fine sahip istasyonlar; \u015farj s\u00fcresini 10 dakikaya kadar d\u00fc\u015f\u00fcr\u00fcyor. K\u0131sa s\u00fcrede bir elektrikli otomobilin \u015fehir i\u00e7i haftal\u0131k ortalama \u015farj ihtiyac\u0131n\u0131 kar\u015f\u0131lamas\u0131n\u0131n yan\u0131 s\u0131ra uzun yolculuklardaki \u015farj s\u00fcresini de k\u0131salt\u0131yor.<\/p>\n<h3><strong>Mod\u00fcler ve Yenilik\u00e7i Yakla\u015f\u0131m<\/strong><\/h3>\n<p>Vestel Mobilite\u2019nin \u00fcretim g\u00fcc\u00fcyle geli\u015ftirilen yeni istasyonlar, \u00fcnite ve g\u00fc\u00e7 \u00fcnitelerinde olu\u015fan mod\u00fcler yap\u0131s\u0131, s\u0131v\u0131 so\u011futmal\u0131 kablo teknolojisi ve batarya entegrasyon opsiyonuyla, hem kullan\u0131c\u0131lar hem de i\u015fletmeciler i\u00e7in \u00fcst\u00fcn bir deneyim sunuyor.<\/p>\n<p>\u0130leri teknoloji istasyonlar\u0131 ilk olarak \u0130stanbul Levent 199 binas\u0131nda devreye alan Zes, bir\u00e7ok filo ve bireysel kullan\u0131c\u0131ya hizmet vermeye ba\u015flad\u0131. 2025 itibariyle Zes T\u00fcrkiye a\u011f\u0131 ve Electrip\u2019in Avrupa\u2019daki geni\u015fleyen altyap\u0131s\u0131yla, stratejik ve premium noktalara konumlanacak istasyonlar ayn\u0131 anda 8 araca hizmet verilebilecek.<\/p>\n<p>En h\u0131zl\u0131 \u015farj deneyimi ile sekt\u00f6r\u00fcn \u00f6nc\u00fclerinden olan <strong>Electrip Global CEO\u2019su \u0130nan\u00e7 Salman<\/strong> \u015funlar\u0131 s\u00f6yledi:<\/p>\n<p><em>&#8220;T\u00fcrkiye\u2019de Zes ile halihaz\u0131rda 4500\u2019\u00fc a\u015fan istasyonla 1800 lokasyonda hizmet veriyoruz. Electrip ise <img loading=\"lazy\" class=\"alignright wp-image-194527\" src=\"https:\/\/www.enerjigazetesi.ist\/wp-content\/uploads\/2025\/01\/ender-yuksel-2.jpg\" alt=\"\" width=\"320\" height=\"282\" srcset=\"https:\/\/www.enerjigazetesi.ist\/wp-content\/uploads\/2025\/01\/ender-yuksel-2.jpg 390w, https:\/\/www.enerjigazetesi.ist\/wp-content\/uploads\/2025\/01\/ender-yuksel-2-300x265.jpg 300w, https:\/\/www.enerjigazetesi.ist\/wp-content\/uploads\/2025\/01\/ender-yuksel-2-57x50.jpg 57w\" sizes=\"(max-width: 320px) 100vw, 320px\" \/>ba\u015fta \u0130talya olmak \u00fczere Avrupa\u2019daki hedef \u00fclkelerinde yakla\u015f\u0131k 1000 istasyona ula\u015fm\u0131\u015f durumda. Elektrikli \u015farj ekosistemindeki geli\u015fmelere ve de\u011fi\u015fen m\u00fc\u015fteri beklentilerine uygun bir strateji izleyerek 720 kW\u2019l\u0131k ultra h\u0131zl\u0131 \u015farj istasyonlar\u0131m\u0131z, hem T\u00fcrkiye hem de Avrupa\u2019daki elektrikli ara\u00e7 kullan\u0131c\u0131lar\u0131 i\u00e7in \u015farj altyap\u0131s\u0131nda yeni bir standart belirliyor. Zes ve Electrip markalar\u0131m\u0131z\u0131n yeni yat\u0131r\u0131mlar\u0131nda \u00f6nceli\u011fimiz ultra h\u0131zl\u0131 \u015farj istasyonlar\u0131n\u0131n kurulumu olacak.<\/em><\/p>\n<p><em>Hedefimiz, \u00e7ok daha h\u0131zl\u0131, g\u00fcvenilir ve eri\u015filebilir bir \u015farj deneyimi sunarak, elektrikli ula\u015f\u0131m\u0131 herkes i\u00e7in daha cazip hale getirmek. Bunu yaparken de kaliteli deneyim sunmay\u0131 \u00f6nceliklerimizin ba\u015f\u0131nda tutuyoruz. Hem yat\u0131r\u0131m yapmak hem de belli bir kaliteyi tutturarak kullan\u0131c\u0131 beklentisini kar\u015f\u0131lamak ad\u0131na \u00e7al\u0131\u015fmalar\u0131m\u0131z\u0131 y\u00fcr\u00fct\u00fcyoruz. D\u00fcnyan\u0131n pek \u00e7ok yerinde benzerine az rastlanan bu ultra h\u0131zl\u0131 deneyimin h\u0131zla geli\u015fen T\u00fcrkiye elektrikli ara\u00e7 pazar\u0131 i\u00e7in bir ivme olaca\u011f\u0131n\u0131 d\u00fc\u015f\u00fcn\u00fcyor, sekt\u00f6r\u00fcm\u00fcz\u00fcn \u00f6n\u00fcn\u00fc a\u00e7acak giri\u015fimlerde bulunmaktan memnuniyet duyuyoruz.&#8221;<\/em><\/p>\n<p>Vestel Mobilite&#8217;nin sekt\u00f6rdeki \u00f6nc\u00fcl\u00fc\u011f\u00fcn\u00fc ve yenilik\u00e7i yakla\u015f\u0131m\u0131n\u0131 vurgulayan <strong>Vestel Mobilite Genel M\u00fcd\u00fcr\u00fc Ender Y\u00fcksel<\/strong> ise \u015funlar\u0131 s\u00f6yledi: <em>&#8220;Vestel Mobilite olarak, k\u0131sa s\u00fcrede sekt\u00f6r\u00fcm\u00fczde \u00f6nc\u00fc bir konuma geldik. Geli\u015ftirdi\u011fimiz \u00fcr\u00fcn ve teknolojilerle sekt\u00f6rde standartlar\u0131 belirleyen bir <img loading=\"lazy\" class=\"alignleft wp-image-194525\" src=\"https:\/\/www.enerjigazetesi.ist\/wp-content\/uploads\/2025\/01\/inanc-salman.jpg\" alt=\"\" width=\"320\" height=\"262\" srcset=\"https:\/\/www.enerjigazetesi.ist\/wp-content\/uploads\/2025\/01\/inanc-salman.jpg 550w, https:\/\/www.enerjigazetesi.ist\/wp-content\/uploads\/2025\/01\/inanc-salman-300x246.jpg 300w, https:\/\/www.enerjigazetesi.ist\/wp-content\/uploads\/2025\/01\/inanc-salman-488x400.jpg 488w, https:\/\/www.enerjigazetesi.ist\/wp-content\/uploads\/2025\/01\/inanc-salman-61x50.jpg 61w, https:\/\/www.enerjigazetesi.ist\/wp-content\/uploads\/2025\/01\/inanc-salman-500x410.jpg 500w\" sizes=\"(max-width: 320px) 100vw, 320px\" \/>noktaday\u0131z. Vestel&#8217;in t\u00fcketici elektroni\u011fi alan\u0131ndaki k\u00f6kl\u00fc bilgi birikimini ve deneyimini, bu alana yapt\u0131\u011f\u0131m\u0131z yat\u0131r\u0131mlarla birle\u015ftirerek g\u00fc\u00e7l\u00fc bir yap\u0131 olu\u015fturduk. Bug\u00fcn Zes \u2018e teslimi sa\u011flanan 720 kW g\u00fc\u00e7 \u00e7\u0131k\u0131\u015fl\u0131 ultra h\u0131zl\u0131 \u015farj istasyonumuz, k\u0131sa s\u00fcrede \u015farj imk\u00e2n\u0131 sunarak bekleme s\u00fcrelerini b\u00fcy\u00fck \u00f6l\u00e7\u00fcde azalt\u0131yor.<\/em><\/p>\n<p><em>D\u00fcnya genelinde kimi \u00fcreticiler 300 kW\u2019l\u0131k \u015farj istasyonlar\u0131n\u0131 \u00fcr\u00fcn gamlar\u0131na daha yeni eklemeyi planlarken, Vestel Mobilite olarak bug\u00fcn 720 kW g\u00fc\u00e7 \u00e7\u0131k\u0131\u015fl\u0131 \u00e7ok h\u0131zl\u0131 \u015farj istasyonlar\u0131n\u0131 hizmete sunuyor olmaktan gurur duyuyoruz. D\u00fcnyada mobilite alan\u0131nda say\u0131l\u0131 \u015firketlerden biri olarak 1 ve 5 MW g\u00fc\u00e7 \u00e7\u0131k\u0131\u015fl\u0131 \u00fcr\u00fcnlerimizin de portf\u00f6y\u00fcm\u00fczde oldu\u011funu belirtmek isteriz.<\/em><\/p>\n<p><em>2017\u2019den bu yana elektrikli ara\u00e7 \u015farj istasyonlar\u0131 \u00fcretiyor ve ihra\u00e7 ediyoruz. Bug\u00fcne kadar d\u00f6rt k\u0131tada 35 \u00fclkeye, 250 binden fazla \u015farj soketini ba\u015far\u0131yla yerle\u015ftirdik. Bu alanda hem yerli hem de global bir\u00e7ok i\u015f orta\u011f\u0131m\u0131zla birlikte \u00e7al\u0131\u015f\u0131yor, s\u00fcrd\u00fcr\u00fclebilir gelece\u011fe katk\u0131da bulunmaya devam ediyoruz. Vestel olarak, inovasyon ve kaliteye olan ba\u011fl\u0131l\u0131\u011f\u0131m\u0131zla sekt\u00f6rde fark yaratmaya ve \u00f6nc\u00fcl\u00fc\u011f\u00fcm\u00fcz\u00fc s\u00fcrd\u00fcrmeye kararl\u0131y\u0131z.&#8221;<\/em><\/p>","protected":false},"excerpt":{"rendered":"<p>Sorry, this entry is only available in Turkish. For the sake of viewer convenience, the content is shown below in the alternative language. You may click the link to switch the active language. T\u00fcrkiye\u2019nin \u00f6nde gelen elektrikli ara\u00e7 \u015farj istasyonu operat\u00f6r\u00fc Zes, Vestel Mobilite taraf\u0131ndan \u00fcretilen T\u00fcrkiye\u2019nin en h\u0131zl\u0131, d\u00fcnyada ise s\u0131n\u0131rl\u0131 say\u0131da bulunan 720 [&hellip;]<\/p>\n","protected":false},"author":1,"featured_media":194524,"comment_status":"open","ping_status":"open","sticky":false,"template":"","format":"standard","meta":[],"categories":[51,53],"tags":[215,18159,115871,1273,110778,113309,38859],"views":18,"_links":{"self":[{"href":"https:\/\/www.enerjigazetesi.ist\/en\/wp-json\/wp\/v2\/posts\/194521"}],"collection":[{"href":"https:\/\/www.enerjigazetesi.ist\/en\/wp-json\/wp\/v2\/posts"}],"about":[{"href":"https:\/\/www.enerjigazetesi.ist\/en\/wp-json\/wp\/v2\/types\/post"}],"author":[{"embeddable":true,"href":"https:\/\/www.enerjigazetesi.ist\/en\/wp-json\/wp\/v2\/users\/1"}],"replies":[{"embeddable":true,"href":"https:\/\/www.enerjigazetesi.ist\/en\/wp-json\/wp\/v2\/comments?post=194521"}],"version-history":[{"count":0,"href":"https:\/\/www.enerjigazetesi.ist\/en\/wp-json\/wp\/v2\/posts\/194521\/revisions"}],"wp:featuredmedia":[{"embeddable":true,"href":"https:\/\/www.enerjigazetesi.ist\/en\/wp-json\/wp\/v2\/media\/194524"}],"wp:attachment":[{"href":"https:\/\/www.enerjigazetesi.ist\/en\/wp-json\/wp\/v2\/media?parent=194521"}],"wp:term":[{"taxonomy":"category","embeddable":true,"href":"https:\/\/www.enerjigazetesi.ist\/en\/wp-json\/wp\/v2\/categories?post=194521"},{"taxonomy":"post_tag","embeddable":true,"href":"https:\/\/www.enerjigazetesi.ist\/en\/wp-json\/wp\/v2\/tags?post=194521"}],"curies":[{"name":"wp","href":"https:\/\/api.w.org\/{rel}","templated":true}]}}