{"id":194504,"date":"2025-01-24T14:47:46","date_gmt":"2025-01-24T11:47:46","guid":{"rendered":"https:\/\/www.enerjigazetesi.ist\/?p=194504"},"modified":"2025-01-24T14:49:08","modified_gmt":"2025-01-24T11:49:08","slug":"mepastan-3uncu-elektrik-elektrigin-tarihcesi-ve-enerji-verimliligi-sergisi","status":"publish","type":"post","link":"https:\/\/www.enerjigazetesi.ist\/en\/mepastan-3uncu-elektrik-elektrigin-tarihcesi-ve-enerji-verimliligi-sergisi\/","title":{"rendered":"(Turkish) &#8217;MEPA\u015e&#8217;tan 3&#8217;\u00fcnc\u00fc Elektrik, Elektri\u011fin Tarih\u00e7esi ve Enerji Verimlili\u011fi Sergisi"},"content":{"rendered":"<p class=\"qtranxs-available-languages-message qtranxs-available-languages-message-en\">Sorry, this entry is only available in <a href=\"https:\/\/www.enerjigazetesi.ist\/tr\/wp-json\/wp\/v2\/posts\/194504\" class=\"qtranxs-available-language-link qtranxs-available-language-link-tr\" title=\"Turkish\">Turkish<\/a>. For the sake of viewer convenience, the content is shown below in the alternative language. You may click the link to switch the active language.<\/p><p><\/p>\n<h2>Enerji verimlili\u011fi haftas\u0131 kapsam\u0131nda MEPA\u015e elektri\u011fin tarih\u00e7esini ke\u015ffetmek ve enerji verimlili\u011finin \u00f6nemini vurgulamak amac\u0131yla 3. Geleneksel &#8220;Elektrik, Elektri\u011fin Tarih\u00e7esi ve Enerji Verimlili\u011fi&#8221; konulu sergisini bu y\u0131l da d\u00fczenledi.<\/h2>\n<p style=\"text-align: center;\"><img loading=\"lazy\" class=\"aligncenter wp-image-194517\" src=\"https:\/\/www.enerjigazetesi.ist\/wp-content\/uploads\/2025\/01\/mepastan-3uncu-elektrik-elektrigin-tarihcesi-ve-enerji-verimliligi-sergisi-1.jpg\" alt=\"\" width=\"500\" height=\"349\" srcset=\"https:\/\/www.enerjigazetesi.ist\/wp-content\/uploads\/2025\/01\/mepastan-3uncu-elektrik-elektrigin-tarihcesi-ve-enerji-verimliligi-sergisi-1.jpg 550w, https:\/\/www.enerjigazetesi.ist\/wp-content\/uploads\/2025\/01\/mepastan-3uncu-elektrik-elektrigin-tarihcesi-ve-enerji-verimliligi-sergisi-1-300x209.jpg 300w, https:\/\/www.enerjigazetesi.ist\/wp-content\/uploads\/2025\/01\/mepastan-3uncu-elektrik-elektrigin-tarihcesi-ve-enerji-verimliligi-sergisi-1-500x349.jpg 500w, https:\/\/www.enerjigazetesi.ist\/wp-content\/uploads\/2025\/01\/mepastan-3uncu-elektrik-elektrigin-tarihcesi-ve-enerji-verimliligi-sergisi-1-72x50.jpg 72w\" sizes=\"(max-width: 500px) 100vw, 500px\" \/><\/p>\n<p>Sergi, 13 Ocak tarihinde <strong>Vali Yard\u0131mc\u0131s\u0131 Say\u0131n Yavuz G\u00dcNER\u2019 in<\/strong> kat\u0131l\u0131m\u0131yla ve a\u00e7\u0131l\u0131\u015f t\u00f6reniyle ba\u015flad\u0131. A\u00e7\u0131l\u0131\u015fa kurum ve kurulu\u015f y\u00f6neticileri, \u00f6\u011frenciler, sanatseverler kat\u0131ld\u0131. Sergi <strong>13-20 Ocak<\/strong> tarihleri aras\u0131nda a\u00e7\u0131k kalarak \u00f6\u011frencileri a\u011f\u0131rlad\u0131. D\u00fczenledikleri sergi ile gelece\u011fe daha ya\u015fanabilir bir d\u00fcnya b\u0131rakmak istediklerini belirten<strong> MEPA\u015e Genel M\u00fcd\u00fcr\u00fc \u0130lker ARSLANARGUN<\/strong> \u00f6zellikle \u00f6\u011frencileri hedef ald\u0131klar\u0131n\u0131 belirterek, <em>&#8220;Gen\u00e7 nesil, enerjiyi verimli kullanman\u0131n \u00f6nemini erken ya\u015fta \u00f6\u011frenmeli. Bu y\u00fczden, ilk\u00f6\u011fretimden liseye kadar t\u00fcm \u00f6\u011frencilerimize enerji verimlili\u011fi konusunda bilgi vermek istedik. Sergimizde \u00f6\u011frencilerimizin b\u00fcy\u00fck ilgisini g\u00f6rmek, bizim i\u00e7in \u00e7ok de\u011ferli. Bu konuda deste\u011fini esirgemeyen il ve il\u00e7e milli e\u011fitim m\u00fcd\u00fcrl\u00fcklerine te\u015fekk\u00fcr ediyorum,&#8221;<\/em> dedi. MEPA\u015e Genel M\u00fcd\u00fcr\u00fc son olarak, sergimize katk\u0131 sa\u011flayarak robotlar\u0131 ve projeleriyle bizi destekleyen ASELSAN MTAL ve Bilim Konya \u00f6\u011frenci ve \u00f6\u011fretmenlerine de te\u015fekk\u00fcrlerini sunarak konu\u015fmas\u0131n\u0131 tamamlad\u0131. Enerji alan\u0131ndaki yenilikleri ve \u00e7evresel bilinci \u00f6n planda tutan MEPA\u015e, bu etkinlikle toplumun geni\u015f kesimlerine ula\u015farak enerji verimlili\u011fi konusunda bir \u00e7al\u0131\u015fmay\u0131 daha tamamlad\u0131.<\/p>\n<p>Yay\u0131na Alan: Alperen ERTA\u015e &#8211; <a href=\"mailto:alperen.ertas@enerjigazetesi.ist\" target=\"_blank\" rel=\"noopener\">alperen.ertas@enerjigazetesi.ist<\/a><\/p>","protected":false},"excerpt":{"rendered":"<p>Sorry, this entry is only available in Turkish. For the sake of viewer convenience, the content is shown below in the alternative language. You may click the link to switch the active language. Enerji verimlili\u011fi haftas\u0131 kapsam\u0131nda MEPA\u015e elektri\u011fin tarih\u00e7esini ke\u015ffetmek ve enerji verimlili\u011finin \u00f6nemini vurgulamak amac\u0131yla 3. Geleneksel &#8220;Elektrik, Elektri\u011fin Tarih\u00e7esi ve Enerji Verimlili\u011fi&#8221; [&hellip;]<\/p>\n","protected":false},"author":19,"featured_media":194508,"comment_status":"open","ping_status":"open","sticky":false,"template":"","format":"standard","meta":[],"categories":[51,53,52],"tags":[115870,68,2873,12,10783,99489,793],"views":24,"_links":{"self":[{"href":"https:\/\/www.enerjigazetesi.ist\/en\/wp-json\/wp\/v2\/posts\/194504"}],"collection":[{"href":"https:\/\/www.enerjigazetesi.ist\/en\/wp-json\/wp\/v2\/posts"}],"about":[{"href":"https:\/\/www.enerjigazetesi.ist\/en\/wp-json\/wp\/v2\/types\/post"}],"author":[{"embeddable":true,"href":"https:\/\/www.enerjigazetesi.ist\/en\/wp-json\/wp\/v2\/users\/19"}],"replies":[{"embeddable":true,"href":"https:\/\/www.enerjigazetesi.ist\/en\/wp-json\/wp\/v2\/comments?post=194504"}],"version-history":[{"count":0,"href":"https:\/\/www.enerjigazetesi.ist\/en\/wp-json\/wp\/v2\/posts\/194504\/revisions"}],"wp:featuredmedia":[{"embeddable":true,"href":"https:\/\/www.enerjigazetesi.ist\/en\/wp-json\/wp\/v2\/media\/194508"}],"wp:attachment":[{"href":"https:\/\/www.enerjigazetesi.ist\/en\/wp-json\/wp\/v2\/media?parent=194504"}],"wp:term":[{"taxonomy":"category","embeddable":true,"href":"https:\/\/www.enerjigazetesi.ist\/en\/wp-json\/wp\/v2\/categories?post=194504"},{"taxonomy":"post_tag","embeddable":true,"href":"https:\/\/www.enerjigazetesi.ist\/en\/wp-json\/wp\/v2\/tags?post=194504"}],"curies":[{"name":"wp","href":"https:\/\/api.w.org\/{rel}","templated":true}]}}