{"id":194482,"date":"2025-01-24T13:29:34","date_gmt":"2025-01-24T10:29:34","guid":{"rendered":"https:\/\/www.enerjigazetesi.ist\/?p=194482"},"modified":"2025-01-24T13:29:34","modified_gmt":"2025-01-24T10:29:34","slug":"ab-elektrik-uretiminde-gunes-2024te-ilk-kez-komuru-geride-birakti","status":"publish","type":"post","link":"https:\/\/www.enerjigazetesi.ist\/en\/ab-elektrik-uretiminde-gunes-2024te-ilk-kez-komuru-geride-birakti\/","title":{"rendered":"(Turkish) AB Elektrik \u00dcretiminde G\u00fcne\u015f 2024\u2019te \u0130lk Kez K\u00f6m\u00fcr\u00fc Geride B\u0131rakt\u0131"},"content":{"rendered":"<p class=\"qtranxs-available-languages-message qtranxs-available-languages-message-en\">Sorry, this entry is only available in <a href=\"https:\/\/www.enerjigazetesi.ist\/tr\/wp-json\/wp\/v2\/posts\/194482\" class=\"qtranxs-available-language-link qtranxs-available-language-link-tr\" title=\"Turkish\">Turkish<\/a>. For the sake of viewer convenience, the content is shown below in the alternative language. You may click the link to switch the active language.<\/p><p><\/p>\n<h2><strong>Londra merkezli uluslararas\u0131 enerji d\u00fc\u015f\u00fcnce kurulu\u015fu Ember\u2019in Avrupa Elektrik De\u011ferlendirmesi raporuna g\u00f6re, AB\u2019nin elektrik sekt\u00f6r\u00fc Avrupa Ye\u015fil Anla\u015fmas\u0131 ile derin bir d\u00f6n\u00fc\u015f\u00fcm ya\u015f\u0131yor.<\/strong><\/h2>\n<p style=\"text-align: center;\"><img loading=\"lazy\" class=\"aligncenter wp-image-194484\" src=\"https:\/\/www.enerjigazetesi.ist\/wp-content\/uploads\/2025\/01\/ab-elektrik-uretiminde-gunes-2024te-ilk-kez-komuru-geride-birakti.jpg\" alt=\"\" width=\"500\" height=\"333\" srcset=\"https:\/\/www.enerjigazetesi.ist\/wp-content\/uploads\/2025\/01\/ab-elektrik-uretiminde-gunes-2024te-ilk-kez-komuru-geride-birakti.jpg 550w, https:\/\/www.enerjigazetesi.ist\/wp-content\/uploads\/2025\/01\/ab-elektrik-uretiminde-gunes-2024te-ilk-kez-komuru-geride-birakti-300x200.jpg 300w, https:\/\/www.enerjigazetesi.ist\/wp-content\/uploads\/2025\/01\/ab-elektrik-uretiminde-gunes-2024te-ilk-kez-komuru-geride-birakti-500x333.jpg 500w, https:\/\/www.enerjigazetesi.ist\/wp-content\/uploads\/2025\/01\/ab-elektrik-uretiminde-gunes-2024te-ilk-kez-komuru-geride-birakti-75x50.jpg 75w, https:\/\/www.enerjigazetesi.ist\/wp-content\/uploads\/2025\/01\/ab-elektrik-uretiminde-gunes-2024te-ilk-kez-komuru-geride-birakti-450x300.jpg 450w\" sizes=\"(max-width: 500px) 100vw, 500px\" \/><\/p>\n<p>AB\u2019nin elektrik \u00fcretiminde ge\u00e7en y\u0131l g\u00fcne\u015f enerjisinin pay\u0131 y\u00fczde 11\u2019e ula\u015f\u0131rken, k\u00f6m\u00fcr\u00fcn pay\u0131 ilk kez y\u00fczde 10\u2019un alt\u0131na d\u00fc\u015ft\u00fc. B\u00f6ylece, AB\u2019nin elektrik \u00fcretiminde g\u00fcne\u015f enerjisinin pay\u0131 2024\u2019te ilk kez k\u00f6m\u00fcr\u00fc geride b\u0131rakt\u0131. Elektrik \u00fcretiminde r\u00fczgar enerjisinin pay\u0131 y\u00fczde 17, do\u011fal gaz\u0131n pay\u0131 ise y\u00fczde 16 seviyesinde ger\u00e7ekle\u015fti.<\/p>\n<p>G\u00fcne\u015f enerjisindeki g\u00fc\u00e7l\u00fc b\u00fcy\u00fcme ve hidroelektrikten \u00fcretimin toparlanmas\u0131yla AB ge\u00e7en y\u0131l elektri\u011finin y\u00fczde 47\u2019sini yenilenebilir enerji kaynaklar\u0131ndan sa\u011flad\u0131. Fosil yak\u0131tlar\u0131n elektrik \u00fcretimindeki toplam pay\u0131 y\u00fczde 29 oldu. \u00dcretimin kalan\u0131 n\u00fckleer enerji dahil olmak \u00fczere di\u011fer kaynaklardan kar\u015f\u0131land\u0131. AB\u2019de Ye\u015fil Anla\u015fma \u00f6ncesi 2019\u2019da fosil yak\u0131tlar\u0131n elektrik \u00fcretimindeki pay\u0131 y\u00fczde 39 ve yenilenebilir kaynaklar\u0131n pay\u0131 y\u00fczde 34 olarak hesaplanm\u0131\u015ft\u0131.<\/p>\n<h3><strong>G\u00dcNE\u015e ENERJ\u0130S\u0130 HER AB \u00dcLKES\u0130NDE B\u00dcY\u00dcYOR<\/strong><\/h3>\n<p>Rapora g\u00f6re, AB \u00fclkelerinin yar\u0131s\u0131n\u0131n hali haz\u0131rda elektrik \u00fcretiminde k\u00f6m\u00fcr yok veya y\u00fczde 5\u2019in alt\u0131nda bulunurken, her AB \u00fclkesinde g\u00fcne\u015ften \u00fcretim b\u00fcy\u00fcme g\u00f6steriyor. K\u00f6m\u00fcr 2019\u2019da AB\u2019nin en b\u00fcy\u00fck \u00fc\u00e7\u00fcnc\u00fc elektrik \u00fcretim kayna\u011f\u0131 olmu\u015ftu. AB\u2019de do\u011fal gazdan elektrik \u00fcretimi de d\u00fc\u015f\u00fc\u015f e\u011filimini \u00fcst \u00fcste be\u015finci y\u0131la ta\u015f\u0131d\u0131. Ember, AB\u2019nin son 5 y\u0131ldaki yeni r\u00fczgar ve g\u00fcne\u015f enerjisi kapasitesiyle 59 milyar dolarl\u0131k fosil yak\u0131t ithalat\u0131ndan kurtuldu\u011funu hesaplad\u0131.<\/p>\n<p><strong>Ember K\u0131demli Analisti ve raporun ba\u015fyazar\u0131 Chris Rosslowe<\/strong>, g\u00fcne\u015f ve r\u00fczgar enerjisiyle AB\u2019nin k\u00f6m\u00fcrden elektrik \u00fcretimini ciddi \u00f6l\u00e7\u00fcde azaltt\u0131\u011f\u0131n\u0131 ve gaz kullan\u0131m\u0131n\u0131n yap\u0131sal bir d\u00fc\u015f\u00fc\u015fe ge\u00e7ti\u011fini belirterek, <em>\u201cAB\u2019nin elektrik d\u00f6n\u00fc\u015f\u00fcm s\u00fcreci son 5 y\u0131lda beklenenden daha h\u0131zl\u0131 ilerledi ama daha fazla geli\u015fim ya\u015fanmas\u0131na kesin g\u00f6z\u00fcyle bakamay\u0131z. \u00d6zellikle kendine \u00f6zg\u00fc zorluklarla ve artan bir teslimat a\u00e7\u0131\u011f\u0131yla kar\u015f\u0131 kar\u015f\u0131ya olan r\u00fczgar sekt\u00f6r\u00fcnde teslimat\u0131n h\u0131zland\u0131r\u0131lmas\u0131 gerekiyor. 2030\u2019a kadar, y\u0131ll\u0131k ilave r\u00fczgar enerjisi kurulumlar\u0131n\u0131n 2024 seviyelerine k\u0131yasla iki kat\u0131ndan fazla olmas\u0131 gerekiyor.\u201d<\/em> ifadelerini kulland\u0131.<\/p>\n<p><strong>Raporun Tamam\u0131na Ula\u015fmak \u0130\u00e7in <a href=\"https:\/\/ember-energy.org\/app\/uploads\/2025\/01\/EER_2025_22012025.pdf\" target=\"_blank\" rel=\"noopener noreferrer\">TIKLAYIN &gt;&gt;<\/a><\/strong><\/p>","protected":false},"excerpt":{"rendered":"<p>Sorry, this entry is only available in Turkish. For the sake of viewer convenience, the content is shown below in the alternative language. You may click the link to switch the active language. Londra merkezli uluslararas\u0131 enerji d\u00fc\u015f\u00fcnce kurulu\u015fu Ember\u2019in Avrupa Elektrik De\u011ferlendirmesi raporuna g\u00f6re, AB\u2019nin elektrik sekt\u00f6r\u00fc Avrupa Ye\u015fil Anla\u015fmas\u0131 ile derin bir d\u00f6n\u00fc\u015f\u00fcm [&hellip;]<\/p>\n","protected":false},"author":1,"featured_media":194484,"comment_status":"open","ping_status":"open","sticky":false,"template":"","format":"standard","meta":[],"categories":[51,53,49,24649],"tags":[115863,65497,2873,69720,13,1675,508],"views":16,"_links":{"self":[{"href":"https:\/\/www.enerjigazetesi.ist\/en\/wp-json\/wp\/v2\/posts\/194482"}],"collection":[{"href":"https:\/\/www.enerjigazetesi.ist\/en\/wp-json\/wp\/v2\/posts"}],"about":[{"href":"https:\/\/www.enerjigazetesi.ist\/en\/wp-json\/wp\/v2\/types\/post"}],"author":[{"embeddable":true,"href":"https:\/\/www.enerjigazetesi.ist\/en\/wp-json\/wp\/v2\/users\/1"}],"replies":[{"embeddable":true,"href":"https:\/\/www.enerjigazetesi.ist\/en\/wp-json\/wp\/v2\/comments?post=194482"}],"version-history":[{"count":0,"href":"https:\/\/www.enerjigazetesi.ist\/en\/wp-json\/wp\/v2\/posts\/194482\/revisions"}],"wp:featuredmedia":[{"embeddable":true,"href":"https:\/\/www.enerjigazetesi.ist\/en\/wp-json\/wp\/v2\/media\/194484"}],"wp:attachment":[{"href":"https:\/\/www.enerjigazetesi.ist\/en\/wp-json\/wp\/v2\/media?parent=194482"}],"wp:term":[{"taxonomy":"category","embeddable":true,"href":"https:\/\/www.enerjigazetesi.ist\/en\/wp-json\/wp\/v2\/categories?post=194482"},{"taxonomy":"post_tag","embeddable":true,"href":"https:\/\/www.enerjigazetesi.ist\/en\/wp-json\/wp\/v2\/tags?post=194482"}],"curies":[{"name":"wp","href":"https:\/\/api.w.org\/{rel}","templated":true}]}}