{"id":194411,"date":"2025-01-23T13:29:12","date_gmt":"2025-01-23T10:29:12","guid":{"rendered":"https:\/\/www.enerjigazetesi.ist\/?p=194411"},"modified":"2025-01-23T13:29:12","modified_gmt":"2025-01-23T10:29:12","slug":"turkiye-sinai-kalkinma-bankasinda-ust-duzey-atama-yapildi","status":"publish","type":"post","link":"https:\/\/www.enerjigazetesi.ist\/en\/turkiye-sinai-kalkinma-bankasinda-ust-duzey-atama-yapildi\/","title":{"rendered":"(Turkish) T\u00fcrkiye S\u0131nai Kalk\u0131nma Bankas\u0131\u2019nda \u00dcst D\u00fczey Atama Yap\u0131ld\u0131"},"content":{"rendered":"<p class=\"qtranxs-available-languages-message qtranxs-available-languages-message-en\">Sorry, this entry is only available in <a href=\"https:\/\/www.enerjigazetesi.ist\/tr\/wp-json\/wp\/v2\/posts\/194411\" class=\"qtranxs-available-language-link qtranxs-available-language-link-tr\" title=\"Turkish\">Turkish<\/a>. For the sake of viewer convenience, the content is shown below in the alternative language. You may click the link to switch the active language.<\/p><p><\/p>\n<h2><strong>T\u00fcrkiye S\u0131nai Kalk\u0131nma Bankas\u0131\u2019ndan Kamuoyu Ayd\u0131nlatma Platformu\u2019na (KAP) 21.01.2025 tarihinde yap\u0131lan a\u00e7\u0131klamaya g\u00f6re, Ozan Uyar Genel M\u00fcd\u00fcr Yard\u0131mc\u0131l\u0131\u011f\u0131 g\u00f6revine atand\u0131.<\/strong><\/h2>\n<p style=\"text-align: center;\"><img loading=\"lazy\" class=\"aligncenter wp-image-194413\" src=\"https:\/\/www.enerjigazetesi.ist\/wp-content\/uploads\/2025\/01\/OzanUyar.jpg\" alt=\"\" width=\"500\" height=\"358\" srcset=\"https:\/\/www.enerjigazetesi.ist\/wp-content\/uploads\/2025\/01\/OzanUyar.jpg 550w, https:\/\/www.enerjigazetesi.ist\/wp-content\/uploads\/2025\/01\/OzanUyar-300x215.jpg 300w, https:\/\/www.enerjigazetesi.ist\/wp-content\/uploads\/2025\/01\/OzanUyar-500x358.jpg 500w, https:\/\/www.enerjigazetesi.ist\/wp-content\/uploads\/2025\/01\/OzanUyar-70x50.jpg 70w\" sizes=\"(max-width: 500px) 100vw, 500px\" \/><\/p>\n<p>1974 y\u0131l\u0131nda Eski\u015fehir\u2019de do\u011fan Ozan Uyar, Orta Do\u011fu Teknik \u00dcniversitesi \u0130ktisadi ve \u0130dari Bilimler Fak\u00fcltesi \u0130\u015fletme B\u00f6l\u00fcm\u00fc\u2019nden mezun oldu. Uyar, profesyonel kariyerine 1997 y\u0131l\u0131nda, T\u00fcrkiye \u0130\u015f Bankas\u0131 A.\u015e. Tefti\u015f Kurulu Ba\u015fkanl\u0131\u011f\u0131\u2019nda M\u00fcfetti\u015f Yard\u0131mc\u0131s\u0131 olarak ba\u015flad\u0131. 2006-2015 y\u0131llar\u0131 aras\u0131nda T\u00fcrkiye \u0130\u015f Bankas\u0131 A.\u015e. Ticari Krediler Tahsis B\u00f6l\u00fcm\u00fc\u2019nde M\u00fcd\u00fcr Yard\u0131mc\u0131s\u0131 ve Birim M\u00fcd\u00fcr\u00fc olarak g\u00f6rev yapan Uyar, 2015 y\u0131l\u0131nda Krediler Portf\u00f6y Y\u00f6netimi M\u00fcd\u00fcr\u00fc, 2017 y\u0131l\u0131nda Kurumsal Bankac\u0131l\u0131k Pazarlama ve Sat\u0131\u015f M\u00fcd\u00fcr\u00fc, 2020 y\u0131l\u0131nda Kurumsal Krediler Tahsis M\u00fcd\u00fcr\u00fc ve 2021 y\u0131l\u0131nda Proje Finansman\u0131 M\u00fcd\u00fcr\u00fc g\u00f6revlerini \u00fcstlendi. 2022 y\u0131l\u0131ndan itibaren T\u00fcrkiye \u0130\u015f Bankas\u0131 A.\u015e. kurumsal \u015fubelerinde m\u00fcd\u00fcrl\u00fck g\u00f6revini s\u00fcrd\u00fcren Uyar, <strong>Kredi Tahsis, Finansal Analiz ve Kredi Operasyonlar\u0131 departmanlar\u0131ndan sorumlu<\/strong> olacak.<\/p>\n<p>Ozan Uyar\u2019\u0131n TSKB\u2019nin 21.01.2025 tarihli Y\u00f6netim Kurulu karar\u0131yla, Genel M\u00fcd\u00fcr Yard\u0131mc\u0131s\u0131 kadrosuna atanmas\u0131na ve Bankac\u0131l\u0131k Kanunu&#8217;nda belirtilen yasal prosed\u00fcr tamamland\u0131\u011f\u0131nda yeni g\u00f6revine ba\u015flamas\u0131na karar verildi.<\/p>","protected":false},"excerpt":{"rendered":"<p>Sorry, this entry is only available in Turkish. For the sake of viewer convenience, the content is shown below in the alternative language. You may click the link to switch the active language. T\u00fcrkiye S\u0131nai Kalk\u0131nma Bankas\u0131\u2019ndan Kamuoyu Ayd\u0131nlatma Platformu\u2019na (KAP) 21.01.2025 tarihinde yap\u0131lan a\u00e7\u0131klamaya g\u00f6re, Ozan Uyar Genel M\u00fcd\u00fcr Yard\u0131mc\u0131l\u0131\u011f\u0131 g\u00f6revine atand\u0131. 1974 y\u0131l\u0131nda [&hellip;]<\/p>\n","protected":false},"author":1,"featured_media":194414,"comment_status":"open","ping_status":"open","sticky":false,"template":"","format":"standard","meta":[],"categories":[53],"tags":[4781,18729,2834,1489,3865],"views":30,"_links":{"self":[{"href":"https:\/\/www.enerjigazetesi.ist\/en\/wp-json\/wp\/v2\/posts\/194411"}],"collection":[{"href":"https:\/\/www.enerjigazetesi.ist\/en\/wp-json\/wp\/v2\/posts"}],"about":[{"href":"https:\/\/www.enerjigazetesi.ist\/en\/wp-json\/wp\/v2\/types\/post"}],"author":[{"embeddable":true,"href":"https:\/\/www.enerjigazetesi.ist\/en\/wp-json\/wp\/v2\/users\/1"}],"replies":[{"embeddable":true,"href":"https:\/\/www.enerjigazetesi.ist\/en\/wp-json\/wp\/v2\/comments?post=194411"}],"version-history":[{"count":0,"href":"https:\/\/www.enerjigazetesi.ist\/en\/wp-json\/wp\/v2\/posts\/194411\/revisions"}],"wp:featuredmedia":[{"embeddable":true,"href":"https:\/\/www.enerjigazetesi.ist\/en\/wp-json\/wp\/v2\/media\/194414"}],"wp:attachment":[{"href":"https:\/\/www.enerjigazetesi.ist\/en\/wp-json\/wp\/v2\/media?parent=194411"}],"wp:term":[{"taxonomy":"category","embeddable":true,"href":"https:\/\/www.enerjigazetesi.ist\/en\/wp-json\/wp\/v2\/categories?post=194411"},{"taxonomy":"post_tag","embeddable":true,"href":"https:\/\/www.enerjigazetesi.ist\/en\/wp-json\/wp\/v2\/tags?post=194411"}],"curies":[{"name":"wp","href":"https:\/\/api.w.org\/{rel}","templated":true}]}}