{"id":194367,"date":"2025-01-21T15:31:32","date_gmt":"2025-01-21T12:31:32","guid":{"rendered":"https:\/\/www.enerjigazetesi.ist\/?p=194367"},"modified":"2025-01-21T15:31:32","modified_gmt":"2025-01-21T12:31:32","slug":"legrand-turkiye-grubu-geleneksel-bayi-toplantisi-gerceklesti-2","status":"publish","type":"post","link":"https:\/\/www.enerjigazetesi.ist\/en\/legrand-turkiye-grubu-geleneksel-bayi-toplantisi-gerceklesti-2\/","title":{"rendered":"(Turkish) &#8217;Legrand T\u00fcrkiye Grubu&#8217; Geleneksel Bayi Toplant\u0131s\u0131 Ger\u00e7ekle\u015fti"},"content":{"rendered":"<p class=\"qtranxs-available-languages-message qtranxs-available-languages-message-en\">Sorry, this entry is only available in <a href=\"https:\/\/www.enerjigazetesi.ist\/tr\/wp-json\/wp\/v2\/posts\/194367\" class=\"qtranxs-available-language-link qtranxs-available-language-link-tr\" title=\"Turkish\">Turkish<\/a>. For the sake of viewer convenience, the content is shown below in the alternative language. You may click the link to switch the active language.<\/p><p><\/p>\n<h2><strong>Bina, elektrik ve dijital altyap\u0131lar i\u00e7in geli\u015ftirdi\u011fi \u00fcr\u00fcn ve sistemler konusunda uzman olan Legrand T\u00fcrkiye Grubu, 14 \u2013 16 Ocak tarihleri aras\u0131nda geleneksel bayi toplant\u0131s\u0131n\u0131 K\u0131br\u0131s\u2019ta ger\u00e7ekle\u015ftirdi. 200\u2019\u00fc a\u015fk\u0131n i\u015f orta\u011f\u0131n\u0131n kat\u0131l\u0131m g\u00f6sterdi\u011fi bayi toplant\u0131s\u0131nda, 2024 de\u011ferlendirmesinin yan\u0131 s\u0131ra sekt\u00f6rel geli\u015fmeler ile birlikte yeni piyasaya s\u00fcr\u00fclecek \u00fcr\u00fcnlerin detaylar\u0131 aktar\u0131ld\u0131. Legrand T\u00fcrkiye Grubu \u00dclke M\u00fcd\u00fcr\u00fc ve CEO\u2019su Levent Ilg\u0131n 2024 y\u0131l\u0131n\u0131 yine b\u00fcy\u00fcme ile kapatt\u0131klar\u0131n\u0131 belirtti.<\/strong><\/h2>\n<p style=\"text-align: center;\"><img loading=\"lazy\" class=\"aligncenter wp-image-194369\" src=\"https:\/\/www.enerjigazetesi.ist\/wp-content\/uploads\/2025\/01\/legrand-turkiye-grubu-geleneksel-bayi-toplantisi-gerceklesti-2.jpg\" alt=\"\" width=\"500\" height=\"292\" srcset=\"https:\/\/www.enerjigazetesi.ist\/wp-content\/uploads\/2025\/01\/legrand-turkiye-grubu-geleneksel-bayi-toplantisi-gerceklesti-2.jpg 550w, https:\/\/www.enerjigazetesi.ist\/wp-content\/uploads\/2025\/01\/legrand-turkiye-grubu-geleneksel-bayi-toplantisi-gerceklesti-2-300x175.jpg 300w, https:\/\/www.enerjigazetesi.ist\/wp-content\/uploads\/2025\/01\/legrand-turkiye-grubu-geleneksel-bayi-toplantisi-gerceklesti-2-500x292.jpg 500w, https:\/\/www.enerjigazetesi.ist\/wp-content\/uploads\/2025\/01\/legrand-turkiye-grubu-geleneksel-bayi-toplantisi-gerceklesti-2-80x47.jpg 80w\" sizes=\"(max-width: 500px) 100vw, 500px\" \/><\/p>\n<p>Bina, elektrik ve dijital altyap\u0131lar i\u00e7in geli\u015ftirdi\u011fi \u00fcr\u00fcn ve sistemler konusunda uzman olan Legrand T\u00fcrkiye Grubu, 14 \u2013 16 Ocak 2025 tarihleri aras\u0131nda K\u0131br\u0131s\u2019ta d\u00fczenledi\u011fi geleneksel bayi toplant\u0131s\u0131nda i\u015f ortaklar\u0131yla bir araya geldi. \u201cZirve Yolculu\u011fu\u201d temas\u0131 ile ger\u00e7ekle\u015fen toplant\u0131, T\u00fcrkiye\u2019nin d\u00f6rt bir yan\u0131ndan kat\u0131l\u0131m sa\u011flayan bayi temsilcileri ve \u00fcst d\u00fczey y\u00f6neticiler ile sekt\u00f6re dair \u00f6nemli geli\u015fmelerin payla\u015f\u0131ld\u0131\u011f\u0131 bir platform oldu. 200\u2019den fazla i\u015f orta\u011f\u0131n\u0131n kat\u0131l\u0131m\u0131yla d\u00fczenlenen etkinlikte, 2025 y\u0131l\u0131n\u0131n hedefleri masaya yat\u0131r\u0131l\u0131rken, Legrand T\u00fcrkiye Grubu\u2019nun yenilik\u00e7i \u00fcr\u00fcn portf\u00f6y\u00fc de tan\u0131t\u0131ld\u0131. Bayi toplant\u0131s\u0131n\u0131n g\u00fcndeminde, \u015firketin s\u00fcrd\u00fcr\u00fclebilirlik vizyonu, enerji verimlili\u011fi ile veri merkezlerine odaklanan \u00e7\u00f6z\u00fcmler yer ald\u0131. Toplant\u0131da dijital \u015fov ile Legrand T\u00fcrkiye Grubu\u2019nun s\u00fcrd\u00fcr\u00fclebilirlik i\u00e7in ald\u0131\u011f\u0131 inisiyatifler anlat\u0131l\u0131rken, yenilenen koruma grubu mod\u00fcler \u00fcr\u00fcn serisi P3 ve y\u00fcksek g\u00fc\u00e7 Solutio UPS tan\u0131t\u0131ld\u0131.<\/p>\n<div id=\"attachment_194370\" style=\"width: 510px\" class=\"wp-caption aligncenter\"><img aria-describedby=\"caption-attachment-194370\" loading=\"lazy\" class=\"wp-image-194370\" src=\"https:\/\/www.enerjigazetesi.ist\/wp-content\/uploads\/2025\/01\/legrand-turkiye-grubu-geleneksel-bayi-toplantisi-gerceklesti-3.jpg\" alt=\"\" width=\"500\" height=\"356\" srcset=\"https:\/\/www.enerjigazetesi.ist\/wp-content\/uploads\/2025\/01\/legrand-turkiye-grubu-geleneksel-bayi-toplantisi-gerceklesti-3.jpg 550w, https:\/\/www.enerjigazetesi.ist\/wp-content\/uploads\/2025\/01\/legrand-turkiye-grubu-geleneksel-bayi-toplantisi-gerceklesti-3-300x214.jpg 300w, https:\/\/www.enerjigazetesi.ist\/wp-content\/uploads\/2025\/01\/legrand-turkiye-grubu-geleneksel-bayi-toplantisi-gerceklesti-3-500x356.jpg 500w, https:\/\/www.enerjigazetesi.ist\/wp-content\/uploads\/2025\/01\/legrand-turkiye-grubu-geleneksel-bayi-toplantisi-gerceklesti-3-70x50.jpg 70w\" sizes=\"(max-width: 500px) 100vw, 500px\" \/><p id=\"caption-attachment-194370\" class=\"wp-caption-text\">Legrand Grup Avrupa B\u00f6lgesi Pazarlama Direkt\u00f6r\u00fc Alban Jauffret, Legrand T\u00fcrkiye Grubu \u00dclke M\u00fcd\u00fcr\u00fc ve CEO&#8217;su Levent Ilg\u0131n, Legrand T\u00fcrkiye Grubu CMO&#8217;su G\u00fcl Sevin\u00e7 Sel\u00e7uk, Legrand Grup Strateji, Markalar ve Dijital Direkt\u00f6r\u00fc Juan Moreno-Alamo<\/p><\/div>\n<h3><strong>\u201cAmac\u0131m\u0131z Bireysel De\u011fil, Her Zaman Toplu Kalk\u0131nma Oldu<\/strong>\u201d<\/h3>\n<p><strong>Legrand T\u00fcrkiye Grubu \u00dclke M\u00fcd\u00fcr\u00fc ve CEO\u2019su Levent Ilg\u0131n<\/strong>,<em> \u201cBizler, hep beraber 2016\u2019dan beri ekonomik ve k\u00fcresel bir\u00e7ok sert r\u00fczg\u00e2rla, f\u0131rt\u0131nayla m\u00fccadele ettik. Ancak do\u011fru ad\u0131mlar\u0131 atarak, birbirimize g\u00fcvenip, inan\u0131p, kenetlenerek, bu zorluklar\u0131n da \u00fcstesinden gelmekle kalmad\u0131k, hep beraber b\u00fcy\u00fcd\u00fck, geli\u015ftik ve g\u00fc\u00e7lendik. Bu salonda 8 sene \u00f6ncesine g\u00f6re b\u00fcy\u00fcy\u00fcp, g\u00fc\u00e7lenmeyen hi\u00e7bir i\u015f orta\u011f\u0131m\u0131z yoktur. \u00c7\u00fcnk\u00fc bizim amac\u0131m\u0131z bireysel de\u011fil, her zaman toplu kalk\u0131nma oldu ve olmaya da devam edecek. 2025 y\u0131l\u0131 \u00e7ok kolay bir y\u0131l olmasa da 2024 kadar zor olmayacakt\u0131r. Faizlerin a\u015fa\u011f\u0131 y\u00f6nl\u00fc hareketiyle pazar hareketi toparlanma s\u00fcrecine girece\u011fine inan\u0131yoruz. Bu s\u00fcre\u00e7te Legrand T\u00fcrkiye Grubu olarak 2024 y\u0131l\u0131n\u0131 da \u00f6nemli bir b\u00fcy\u00fcme ile kapatt\u0131k ve yat\u0131r\u0131mlar\u0131m\u0131za h\u0131z kesmeden devam ediyoruz.<\/em><\/p>\n<p><em>Legrand T\u00fcrkiye Grubu olarak yat\u0131r\u0131mlar\u0131m\u0131za devam ediyoruz. Ger\u00e7ekle\u015ftirdi\u011fimiz yeni makine yat\u0131r\u0131m\u0131 ve geli\u015fmi\u015f \u00fcretim tekniklerimizle Legrand Global\u2019den Gebze fabrikam\u0131z Platin \u00f6d\u00fcl ald\u0131. Bununla birlikte, gen\u00e7lere yat\u0131r\u0131m yapmaya devam ediyoruz. Yar\u0131n\u0131n gen\u00e7lerini \u015fimdiden haz\u0131rl\u0131yoruz ki miras\u0131m\u0131z emin ellerde b\u00fcy\u00fcyerek kald\u0131\u011f\u0131 yerden devam etsin.\u201d<\/em> \u015feklinde konu\u015ftu.<\/p>\n<h3><strong>\u201c\u0130\u015f Ortaklar\u0131m\u0131zla Olan \u0130\u015f Birli\u011fimiz, Ba\u015far\u0131lar\u0131m\u0131z\u0131n Temelini Olu\u015fturuyor\u201d<\/strong><\/h3>\n<p>Etkinlikte konu\u015fan\u00a0<strong>Legrand T\u00fcrkiye Grubu CMO\u2019su G\u00fcl Sevin\u00e7 Sel\u00e7uk<\/strong>, <em>\u201cDe\u011fi\u015fime uyum ve \u00f6nc\u00fcl\u00fck etme s\u00fcrd\u00fcr\u00fclebilir ba\u015far\u0131m\u0131z\u0131 destekleyen g\u00fc\u00e7l\u00fc y\u00f6nlerimiz. Sekt\u00f6r\u00fcm\u00fcz\u00fcn geli\u015fimine do\u011frudan katk\u0131 sa\u011flayacak k\u00fcresel trendler aras\u0131nda ilk 2 s\u0131ray\u0131 elektrifikasyon ve enerji verimlili\u011fi al\u0131yor. Elektrifikasyondaki h\u0131zl\u0131 y\u00fckseli\u015f ile k\u00fcresel elektrik talebinin 2050 y\u0131l\u0131na kadar 2 kat\u0131na \u00e7\u0131kmas\u0131 bekleniyor. Elektri\u011fe \u00e7ok fazla ihtiya\u00e7 duyulan \u00e7a\u011f\u0131m\u0131zda m\u00fc\u015fteri beklentilerine h\u0131zl\u0131, etkin ve \u00e7evreye duyarl\u0131 \u00e7\u00f6z\u00fcmler \u00fcreterek s\u00fcrd\u00fcr\u00fclebilir b\u00fcy\u00fcmemizi desteklemeyi hedefliyoruz. Devrim niteli\u011findeki yapay zeka ise 2030 y\u0131l\u0131na kadar veri merkezlerinin %40 kapasitesini kullanacak ve veri merkezlerinin b\u00fcy\u00fcmesine %14 katk\u0131 sa\u011flayacak. Bu do\u011frultuda; yenilik\u00e7i, enerji verimlili\u011fi sa\u011flayan ve farkl\u0131 segmentlere hizmet eden \u00fcr\u00fcnlerimiz ve \u00e7\u00f6z\u00fcmlerimiz, \u00f6nc\u00fc kimli\u011fimizi peki\u015ftirirken sekt\u00f6r\u00fcm\u00fcz\u00fcn de geli\u015fmesine katk\u0131 sa\u011fl\u0131yor. Legrand T\u00fcrkiye Grubu olarak bizde de\u011fi\u015fmeyen 2 temel \u00f6ge var, i\u015f ortaklar\u0131m\u0131zla olan sars\u0131lmaz i\u015f birli\u011fimiz ve s\u00fcrd\u00fcr\u00fclebilir ba\u015far\u0131m\u0131z.\u201d<\/em> dedi.<\/p>\n<p>Konu\u015fmas\u0131nda Legrand Avrupa B\u00f6lgesi i\u00e7in Legrand T\u00fcrkiye Grubu\u2019nun hayati \u00f6nemini vurgulayan Legrand Grup Avrupa B\u00f6lgesi Pazarlama Direkt\u00f6r\u00fc\u00a0<strong>Alban Jauffret<\/strong>, bug\u00fcn T\u00fcrkiye\u2019nin Avrupa\u2019daki en iyi 5 \u00fclke aras\u0131nda yer ald\u0131\u011f\u0131n\u0131 ve Legrand T\u00fcrkiye Grubu\u2019nun b\u00fcy\u00fcme ve inovasyon stratejilerinde \u00f6nemli bir rol oynad\u0131\u011f\u0131n\u0131 belirtti. Yeni mod\u00fcler koruma serisi P3 lansman\u0131n\u0131 birlikte kutlamaktan dolay\u0131 mutluluk duyduklar\u0131n\u0131 dile getiren\u00a0<strong>Alban Jauffret<\/strong>, <em>\u201cBu yenilik, projelerinizin en zorlu gereksinimlerini kar\u015f\u0131lamak i\u00e7in optimum koruma ve art\u0131r\u0131lm\u0131\u015f esneklik sunan \u00fcr\u00fcn yelpazemizde \u00f6nemli bir ilerlemeyi temsil ediyor. Yeni serimizin T\u00fcrkiye pazar\u0131nda h\u0131zla bir referans haline gelece\u011finden eminiz. Birlikte, yar\u0131n\u0131n zorluklar\u0131n\u0131n \u00fcstesinden gelebilir, daha g\u00fcvenli ve daha verimli bir elektrik gelece\u011fi in\u015fa edebiliriz.\u201d<\/em> dedi.<\/p>\n<p>Legrand\u2019ta uzun vadeli ba\u015far\u0131 i\u00e7in net bir vizyonun \u015fart oldu\u011funa inand\u0131klar\u0131n\u0131 dile getiren\u00a0<strong>Legrand Grup Strateji, \u0130leti\u015fim, End\u00fcstriyel Tasar\u0131m ve Dijital D\u00f6n\u00fc\u015f\u00fcmden Sorumlu Direkt\u00f6r\u00fc Juan Moreno-Alamo<\/strong>, Legrand Grup\u2019un \u201cHedef 2030\u201d vizyonundan bahsetti.\u00a0<strong>Juan Moreno-Alamo<\/strong>, \u201cHedef 2030, bug\u00fcnk\u00fc y\u0131ll\u0131k sat\u0131\u015flar\u0131m\u0131z\u0131 8,5 milyar Euro\u2019dan 2030 y\u0131l\u0131na kadar 15 Milyar Euro\u2019ya, yani neredeyse iki kat\u0131na \u00e7\u0131karma plan\u0131m\u0131z\u0131 kaps\u0131yor. Hedef 2030 vizyonunu, enerji, dijital d\u00f6n\u00fc\u015f\u00fcm \u00e7\u00f6z\u00fcmlerinde b\u00fcy\u00fcmeyi h\u0131zland\u0131rma ve temel bina altyap\u0131lar\u0131nda istikrarl\u0131 b\u00fcy\u00fcmeyi s\u00fcrd\u00fcrme \u00fczerine in\u015fa ettiklerini ifade eden\u00a0<strong>Alamo<\/strong>, bu vizyonu k\u00fcresel trendler etraf\u0131nda belirlediklerini belirtti.<\/p>\n<p>Konu\u015fmas\u0131nda kurumsal sosyal sorumluluk (KSS) \u00e7al\u0131\u015fmalar\u0131na da de\u011finen\u00a0<strong>Alamo<\/strong>, <em>\u201c20 y\u0131ll\u0131k ba\u011fl\u0131l\u0131k ve yak\u0131nda piyasaya s\u00fcr\u00fclecek 6. yol haritas\u0131yla KSS, m\u00fc\u015fterilerimiz, \u00e7al\u0131\u015fanlar\u0131m\u0131z ve payda\u015flar\u0131m\u0131z i\u00e7in de\u011fer yaratmaya devam edecek. Y\u0131ll\u0131k sat\u0131\u015flar\u0131m\u0131z\u0131n %5\u2019ini olu\u015fturan s\u00fcrd\u00fcr\u00fclebilir Ar-Ge yat\u0131r\u0131mlar\u0131 bizi trendlerin \u00f6n saflar\u0131nda tutuyor. Ek olarak, m\u00fc\u015fteri memnuniyeti temel odak noktam\u0131z olmaya devam ediyor. 2024&#8217;te M\u00fc\u015fteri Memnuniyeti Endeksimiz (CSAT) %80&#8217;e ula\u015ft\u0131 ve Net Tavsiye Skorumuz (NPS) da de\u011ferli geri bildirimler sayesinde 51&#8217;e y\u00fckseldi. \u00d6n\u00fcm\u00fczdeki d\u00f6nemde %50 organik b\u00fcy\u00fcme, %50&#8217;si birle\u015fme ve sat\u0131n almalarla y\u00f6nlendirilen sat\u0131\u015flar\u0131 neredeyse iki kat\u0131na \u00e7\u0131karaca\u011f\u0131z. \u00d6n\u00fcm\u00fczdeki be\u015f y\u0131l i\u00e7inde Ar-Ge&#8217;ye 3 milyar Euro ve birle\u015fme ve sat\u0131n almalara 5 milyar Euro yat\u0131r\u0131m yapaca\u011f\u0131z.\u201d<\/em> a\u00e7\u0131klamalar\u0131nda bulundu.<\/p>\n<h3><strong>Ba\u015far\u0131l\u0131 Bayiler \u00d6d\u00fcllendirildi<\/strong><\/h3>\n<p>Veri merkezleri konulu \u00e7al\u0131\u015ftaylar\u0131n ard\u0131ndan d\u00fczenlenen gala yeme\u011fi ile son bulan Legrand T\u00fcrkiye Grubu geleneksel bayi toplant\u0131s\u0131nda 2024\u2019te ba\u015far\u0131 g\u00f6steren bayilere \u00f6d\u00fclleri takdim edildi.<\/p>","protected":false},"excerpt":{"rendered":"<p>Sorry, this entry is only available in Turkish. For the sake of viewer convenience, the content is shown below in the alternative language. You may click the link to switch the active language. Bina, elektrik ve dijital altyap\u0131lar i\u00e7in geli\u015ftirdi\u011fi \u00fcr\u00fcn ve sistemler konusunda uzman olan Legrand T\u00fcrkiye Grubu, 14 \u2013 16 Ocak tarihleri aras\u0131nda [&hellip;]<\/p>\n","protected":false},"author":1,"featured_media":194369,"comment_status":"open","ping_status":"open","sticky":false,"template":"","format":"standard","meta":[],"categories":[51,53],"tags":[1762,115822,68,12,65905,3754,115823,112146,83175,23777],"views":24,"_links":{"self":[{"href":"https:\/\/www.enerjigazetesi.ist\/en\/wp-json\/wp\/v2\/posts\/194367"}],"collection":[{"href":"https:\/\/www.enerjigazetesi.ist\/en\/wp-json\/wp\/v2\/posts"}],"about":[{"href":"https:\/\/www.enerjigazetesi.ist\/en\/wp-json\/wp\/v2\/types\/post"}],"author":[{"embeddable":true,"href":"https:\/\/www.enerjigazetesi.ist\/en\/wp-json\/wp\/v2\/users\/1"}],"replies":[{"embeddable":true,"href":"https:\/\/www.enerjigazetesi.ist\/en\/wp-json\/wp\/v2\/comments?post=194367"}],"version-history":[{"count":0,"href":"https:\/\/www.enerjigazetesi.ist\/en\/wp-json\/wp\/v2\/posts\/194367\/revisions"}],"wp:featuredmedia":[{"embeddable":true,"href":"https:\/\/www.enerjigazetesi.ist\/en\/wp-json\/wp\/v2\/media\/194369"}],"wp:attachment":[{"href":"https:\/\/www.enerjigazetesi.ist\/en\/wp-json\/wp\/v2\/media?parent=194367"}],"wp:term":[{"taxonomy":"category","embeddable":true,"href":"https:\/\/www.enerjigazetesi.ist\/en\/wp-json\/wp\/v2\/categories?post=194367"},{"taxonomy":"post_tag","embeddable":true,"href":"https:\/\/www.enerjigazetesi.ist\/en\/wp-json\/wp\/v2\/tags?post=194367"}],"curies":[{"name":"wp","href":"https:\/\/api.w.org\/{rel}","templated":true}]}}