{"id":194323,"date":"2025-01-21T11:22:16","date_gmt":"2025-01-21T08:22:16","guid":{"rendered":"https:\/\/www.enerjigazetesi.ist\/?p=194323"},"modified":"2025-01-21T11:22:16","modified_gmt":"2025-01-21T08:22:16","slug":"orman-yangini-mudahalesinde-iletisim","status":"publish","type":"post","link":"https:\/\/www.enerjigazetesi.ist\/en\/orman-yangini-mudahalesinde-iletisim\/","title":{"rendered":"(Turkish) Orman Yang\u0131n\u0131 M\u00fcdahalesinde \u0130leti\u015fim"},"content":{"rendered":"<p class=\"qtranxs-available-languages-message qtranxs-available-languages-message-en\">Sorry, this entry is only available in <a href=\"https:\/\/www.enerjigazetesi.ist\/tr\/wp-json\/wp\/v2\/posts\/194323\" class=\"qtranxs-available-language-link qtranxs-available-language-link-tr\" title=\"Turkish\">Turkish<\/a>. For the sake of viewer convenience, the content is shown below in the alternative language. You may click the link to switch the active language.<\/p><p><\/p>\n<h2>\u0130klim de\u011fi\u015fikli\u011fi ilerledik\u00e7e, orman yang\u0131nlar\u0131 gibi do\u011fal afetler d\u00fcnya \u00e7ap\u0131nda daha s\u0131k ve \u015fiddetli hale geliyor. World Resources Institute verilerine g\u00f6re, orman yang\u0131nlar\u0131 20 y\u0131l \u00f6ncesine k\u0131yasla bug\u00fcn neredeyse iki kat daha fazla orman \u00f6rt\u00fcs\u00fcn\u00fc yok ediyor.<\/h2>\n<div id=\"attachment_194325\" style=\"width: 510px\" class=\"wp-caption aligncenter\"><img aria-describedby=\"caption-attachment-194325\" loading=\"lazy\" class=\"wp-image-194325\" src=\"https:\/\/www.enerjigazetesi.ist\/wp-content\/uploads\/2025\/01\/Rolf-Wener.jpg\" alt=\"\" width=\"500\" height=\"371\" srcset=\"https:\/\/www.enerjigazetesi.ist\/wp-content\/uploads\/2025\/01\/Rolf-Wener.jpg 550w, https:\/\/www.enerjigazetesi.ist\/wp-content\/uploads\/2025\/01\/Rolf-Wener-300x223.jpg 300w, https:\/\/www.enerjigazetesi.ist\/wp-content\/uploads\/2025\/01\/Rolf-Wener-500x371.jpg 500w, https:\/\/www.enerjigazetesi.ist\/wp-content\/uploads\/2025\/01\/Rolf-Wener-67x50.jpg 67w\" sizes=\"(max-width: 500px) 100vw, 500px\" \/><p id=\"caption-attachment-194325\" class=\"wp-caption-text\">Dr Rolf Werner, Nokia Mobil A\u011flar \u0130\u015f Grubu Avrupa K\u0131demli Ba\u015fkan Yard\u0131mc\u0131s\u0131<\/p><\/div>\n<p>Son y\u0131llarda Avustralya, Brezilya, Amerika Birle\u015fik Devletleri, Kanada, Rusya, Endonezya ve Bat\u0131 Avrupa dahil olmak \u00fczere d\u00fcnyan\u0131n d\u00f6rt bir yan\u0131nda meydana gelen \u00f6nemli orman yang\u0131nlar\u0131, artan s\u0131cakl\u0131klar ve de\u011fi\u015fen hava modelleriyle daha da k\u00f6t\u00fcle\u015fen k\u00fcresel bir e\u011filim g\u00f6stermektedir.<\/p>\n<p>\u0130klim modelleri, orman yang\u0131nlar\u0131na e\u011filimli ko\u015fullar\u0131n daha da yayg\u0131nla\u015faca\u011f\u0131n\u0131 ve bu durumun yang\u0131nla m\u00fccadele kurulu\u015flar\u0131 ile d\u00fcnyan\u0131n d\u00f6rt bir yan\u0131ndaki insanlar i\u00e7in b\u00fcy\u00fck sorunlar yarataca\u011f\u0131n\u0131 \u00f6ng\u00f6r\u00fcyor. Orman yang\u0131nlar\u0131, m\u00fclk, altyap\u0131, \u00e7evre ve ekonomi \u00fczerinde \u00f6nemli etkiler meydana getiriyor.<\/p>\n<p>Ayr\u0131ca, d\u00fcnya \u00e7ap\u0131ndaki yang\u0131n ve kurtarma hizmetleri \u00fczerinde b\u00fcy\u00fck \u00a0bir bask\u0131 olu\u015fturarak, di\u011fer acil durumlar i\u00e7in kullan\u0131labilecek kaynaklar\u0131 ba\u015fka yerlere y\u00f6nlendirir ve itfaiyecilerin ve hizmet ettikleri toplumlar\u0131n g\u00fcvenli\u011fi i\u00e7in ciddi tehlikeler olu\u015fturur.<\/p>\n<p>\u0130ngiltere merkezli \u0130tfaiye Te\u015fkilatlar\u0131 Birli\u011fi taraf\u0131ndan yap\u0131lan yeni bir ara\u015ft\u0131rmaya g\u00f6re, orman yang\u0131nlar\u0131na m\u00fcdahale eden kurumlar, bu felaketlerin artan s\u0131kl\u0131\u011f\u0131yla ba\u015fa \u00e7\u0131kmak i\u00e7in \u201cne yaz\u0131k ki haz\u0131rl\u0131ks\u0131z\u201d durumda.<\/p>\n<p>D\u00fcnya, iklim de\u011fi\u015fikli\u011finin bir sonucu olarak artan orman yang\u0131nlar\u0131n\u0131n tehdidi alt\u0131ndayken acil durum m\u00fcdahalesinde her saniye \u00f6nemlidir. Acil durum m\u00fcdahale ekipleri h\u0131zl\u0131 hareket edebilmeli ve durumu de\u011ferlendirip harekete ge\u00e7mek i\u00e7in gerekli bilgilere sahip olmal\u0131d\u0131r. \u00d6zel kablosuz a\u011flar bu konuda \u00f6nemli bir rol oynamaktad\u0131r.<\/p>\n<h3><strong>\u00d6zel A\u011flar<\/strong><\/h3>\n<p>Kamusal a\u011flar\u0131n \u00fczerine a\u015f\u0131r\u0131 y\u00fck bindi\u011fi veya hi\u00e7 bulunmayabilece\u011fi orman gibi zorlu ve uzak yerler i\u00e7in \u00f6zel kablosuz a\u011flar g\u00fcvenilir ve \u00f6zel ileti\u015fim kanallar\u0131 sunar.<\/p>\n<p>En y\u00fcksek seviyede g\u00fcvenli\u011fi temin eden bu a\u011flar, kamusal a\u011flar ar\u0131zaland\u0131\u011f\u0131nda bile kesintisiz ileti\u015fimi m\u00fcmk\u00fcn k\u0131lar. \u00d6rne\u011fin, b\u00fcy\u00fck bir orman yang\u0131n\u0131 s\u0131ras\u0131nda a\u015f\u0131r\u0131 y\u00fcklenme ve altyap\u0131ya gelebilecek olas\u0131 bir hasar nedeniyle kamusal a\u011flarda trafik olabilir veya bu hatlar \u00e7\u00f6kebilir. \u00d6zel bir kablosuz a\u011f, dayan\u0131kl\u0131 ve g\u00fcvenli bir ileti\u015fim platformu sunarak bu riskleri azalt\u0131r.<\/p>\n<p>B\u00f6yle bir \u00f6zel a\u011f, acil durum m\u00fcdahale ekiplerinin daha verimli bir \u015fekilde koordine olmas\u0131n\u0131, \u00f6nemli bilgileri h\u0131zl\u0131 bir \u015fekilde payla\u015fmas\u0131n\u0131 ve ger\u00e7ek zamanl\u0131 kararlar almas\u0131n\u0131 sa\u011flayarak m\u00fcdahale s\u00fcrelerini \u00f6nemli \u00f6l\u00e7\u00fcde k\u0131salt\u0131r ve operasyonel verimlili\u011fi art\u0131r\u0131r.<\/p>\n<p>Ayr\u0131ca, \u00f6zel kablosuz a\u011flardaki son geli\u015fmeler, bunlar\u0131n acil durum y\u00f6netimindeki artan \u00f6nemini g\u00f6stermektedir. AirForestry AB, Tele2 ve Nokia ile birlikte son teknoloji bir 5G \u00f6zel mobil a\u011f kurarak orman yang\u0131nlar\u0131na kar\u015f\u0131 \u00f6nleyici tedbirler ald\u0131. Bu a\u011f, orman seyreltme i\u00e7in kullan\u0131lan y\u00fcksek kapasiteli dronlar\u0131n kontrol\u00fcne olanak tan\u0131yacak.<\/p>\n<p>Bu yenilik\u00e7i yakla\u015f\u0131m, \u00f6zel a\u011flar\u0131n uzak yerlerdeki karma\u015f\u0131k i\u015fleri \u00fcstlenebilme yeteneklerini g\u00f6stermekle kalm\u0131yor, ayn\u0131 zamanda acil durum m\u00fcdahale ekiplerine ger\u00e7ek zamanl\u0131 operasyonlarda yard\u0131mc\u0131 olma potansiyellerinin de alt\u0131n\u0131 \u00e7iziyor.<\/p>\n<h3><strong>B\u00fcy\u00fck Miktarda Veri<\/strong><\/h3>\n<p>\u00d6zel a\u011flar, verileri ger\u00e7ek zamanl\u0131 olarak analiz edebilen yapay zeka ve makine \u00f6\u011frenimi algoritmalar\u0131n\u0131 destekler. Bu teknolojiler, yang\u0131n\u0131n davran\u0131\u015f\u0131 \u00fczerinde \u00f6ng\u00f6r\u00fclebilir bir analiz yapmay\u0131 sa\u011flayarak, orman yang\u0131nlar\u0131n\u0131n yay\u0131lmas\u0131n\u0131 ve yo\u011funlu\u011funu tahmin etmeye yard\u0131mc\u0131 olur.<\/p>\n<p>Yapay zeka uydu g\u00f6r\u00fcnt\u00fcleri, hava durumu tahminleri ve sens\u00f6r verileri gibi \u00e7e\u015fitli kaynaklardan gelen b\u00fcy\u00fck miktarda veriyi i\u015fleyerek yang\u0131n noktalar\u0131n\u0131 ve olas\u0131 \u00e7\u0131k\u0131\u015f noktalar\u0131n\u0131 tahmin edebilir. \u00d6rne\u011fin, makine \u00f6\u011frenimi algoritmalar\u0131 verilerdeki kal\u0131plar\u0131 ve korelasyonlar\u0131 belirleyerek orman yang\u0131n\u0131 olas\u0131l\u0131\u011f\u0131n\u0131n ve davran\u0131\u015f\u0131n\u0131n tahmin edilmesini sa\u011flayabilir.<\/p>\n<p>Yapay zeka destekli modeller, orman yang\u0131nlar\u0131n\u0131 kontrol alt\u0131na alma ve tahliye i\u00e7in en iyi stratejileri \u00f6nerebilir; acil m\u00fcdahale ekiplerine kaynaklar\u0131 y\u00f6netmek ve personeli daha etkili bir \u015fekilde konu\u015fland\u0131rmak i\u00e7in uygulanabilir i\u00e7 g\u00f6r\u00fcler sa\u011flayabilir. Acil durum m\u00fcdahale ekipleri, yapay zekay\u0131 operasyonlar\u0131na dahil ederek orman yang\u0131nlar\u0131n\u0131n \u00f6n\u00fcne ge\u00e7ebilir, etkilerini s\u0131n\u0131rlayabilir ve genel g\u00fcvenli\u011fi art\u0131rabilir.<\/p>\n<p>Nokia&#8217;n\u0131n 2024 End\u00fcstriyel Dijitalle\u015fme Raporuna g\u00f6re, \u00f6zel kablosuz a\u011flar\u0131 kullanan i\u015fletmelerin %39&#8217;u dijitalle\u015fme s\u00fcrecini g\u00fc\u00e7lendirmek ve yapay zeka ve analitik gibi tamamlay\u0131c\u0131 teknolojileri desteklemek i\u00e7in u\u00e7 bili\u015fim teknolojileri veya yeni end\u00fcstriyel cihaz se\u00e7imlerini \u00e7oktan uygulad\u0131; %52&#8217;si ise bunu yapmay\u0131 planl\u0131yor. Bu entegrasyon, \u00f6zel a\u011flar\u0131n geli\u015fmi\u015f yapay zeka uygulamalar\u0131n\u0131 bar\u0131nd\u0131rma kapasitesini g\u00fc\u00e7lendirerek, acil durum m\u00fcdahale ekiplerinin eri\u015febilece\u011fi analitik ve tahmine dayal\u0131 ara\u00e7lar\u0131 geli\u015ftirmektedir.<\/p>\n<h3><strong>Sens\u00f6rlerin Rol\u00fc<\/strong><\/h3>\n<p>Ayr\u0131ca s\u0131cakl\u0131k, duman, nem alg\u0131lama ve hava kalitesini \u00f6l\u00e7en sens\u00f6rler gibi Nesnelerin \u0130nterneti (Internet of Things, IoT) cihazlar\u0131 sahaya konu\u015fland\u0131r\u0131labilir ve a\u011fa entegre edilebilir. Bu sens\u00f6rler yang\u0131n tahmini ve y\u00f6netimi i\u00e7in faydal\u0131 bilgiler toplayarak durumsal fark\u0131ndal\u0131\u011f\u0131 ve karar verme s\u00fcrecini iyile\u015ftirir.<\/p>\n<p>IoT cihazlar\u0131 \u00e7evresel ko\u015fullar\u0131 s\u00fcrekli olarak izleyerek kumanda merkezlerine ger\u00e7ek zamanl\u0131 uyar\u0131lar g\u00f6nderebilir. Acil bir durum tespit edilir edilmez, kumanda merkezi en yak\u0131n itfaiye istasyonunu uyarabilir ve b\u00f6ylece h\u0131zl\u0131 ve do\u011frudan hedef odakl\u0131 bir m\u00fcdahale yap\u0131labilir.<\/p>\n<p>IoT entegrasyonu, ayr\u0131nt\u0131l\u0131 verilerin toplanmas\u0131n\u0131 sa\u011flayarak, sahadaki duruma dair kapsaml\u0131 bir g\u00f6r\u00fcn\u00fcm sunar. Bu veri odakl\u0131 yakla\u015f\u0131m daha g\u00fc\u00e7l\u00fc bir koordinasyon ve daha bilin\u00e7li kararlar alma imkan\u0131 sunarak nihayetinde orman yang\u0131nlar\u0131na daha etkili m\u00fcdahale etmeyi kolayla\u015ft\u0131r\u0131r.<\/p>\n<p>IoT cihazlar\u0131 ayr\u0131ca olay sonras\u0131 analiz s\u00fcrecinde de yard\u0131mc\u0131 olarak yang\u0131n\u0131n davran\u0131\u015f\u0131 ve kullan\u0131lan m\u00fcdahale stratejilerinin etkinli\u011fi hakk\u0131nda i\u00e7 g\u00f6r\u00fcler sa\u011flayabilir.<\/p>\n<p>Artan orman yang\u0131n\u0131 tehdidi, acil m\u00fcdahale konusunda proaktif bir yakla\u015f\u0131m gerektiriyor. Acil durum m\u00fcdahale ekiplerinin kullan\u0131m\u0131na tahsis edilecek \u00f6zel kablosuz a\u011flar ve modern teknoloji, orman yang\u0131nlar\u0131n\u0131 etkili bir \u015fekilde y\u00f6netme kabiliyetini \u00f6nemli \u00f6l\u00e7\u00fcde iyile\u015ftirebilir.<\/p>\n<p>Ya\u015famlar\u0131 ve m\u00fclkleri iklim de\u011fi\u015fikli\u011finin artan tehditlerinden korumak, en ileri ileti\u015fim teknolojilerinin kullan\u0131lmas\u0131n\u0131 gerektirir. Yapay zeka ve IoT cihazlar\u0131n\u0131n \u00f6zel kablosuz a\u011flar \u00fczerinden birbirine ba\u011flanmas\u0131 ve birlikte \u00e7al\u0131\u015fmas\u0131n\u0131 kolayla\u015ft\u0131rarak, orman yang\u0131nlar\u0131na m\u00fcdahalenin daha verimli olmas\u0131n\u0131 ve iyi koordine edilmesini sa\u011flayabilir, b\u00f6ylece orman yang\u0131n\u0131n\u0131n etkilerini azaltarak toplumu g\u00fcvende tutabiliriz.<\/p>","protected":false},"excerpt":{"rendered":"<p>Sorry, this entry is only available in Turkish. For the sake of viewer convenience, the content is shown below in the alternative language. You may click the link to switch the active language. \u0130klim de\u011fi\u015fikli\u011fi ilerledik\u00e7e, orman yang\u0131nlar\u0131 gibi do\u011fal afetler d\u00fcnya \u00e7ap\u0131nda daha s\u0131k ve \u015fiddetli hale geliyor. World Resources Institute verilerine g\u00f6re, orman [&hellip;]<\/p>\n","protected":false},"author":1,"featured_media":194326,"comment_status":"open","ping_status":"open","sticky":false,"template":"","format":"standard","meta":[],"categories":[53,157],"tags":[115808,115806,1999,68598,115809,4149,13250,115805,115807],"views":14,"_links":{"self":[{"href":"https:\/\/www.enerjigazetesi.ist\/en\/wp-json\/wp\/v2\/posts\/194323"}],"collection":[{"href":"https:\/\/www.enerjigazetesi.ist\/en\/wp-json\/wp\/v2\/posts"}],"about":[{"href":"https:\/\/www.enerjigazetesi.ist\/en\/wp-json\/wp\/v2\/types\/post"}],"author":[{"embeddable":true,"href":"https:\/\/www.enerjigazetesi.ist\/en\/wp-json\/wp\/v2\/users\/1"}],"replies":[{"embeddable":true,"href":"https:\/\/www.enerjigazetesi.ist\/en\/wp-json\/wp\/v2\/comments?post=194323"}],"version-history":[{"count":0,"href":"https:\/\/www.enerjigazetesi.ist\/en\/wp-json\/wp\/v2\/posts\/194323\/revisions"}],"wp:featuredmedia":[{"embeddable":true,"href":"https:\/\/www.enerjigazetesi.ist\/en\/wp-json\/wp\/v2\/media\/194326"}],"wp:attachment":[{"href":"https:\/\/www.enerjigazetesi.ist\/en\/wp-json\/wp\/v2\/media?parent=194323"}],"wp:term":[{"taxonomy":"category","embeddable":true,"href":"https:\/\/www.enerjigazetesi.ist\/en\/wp-json\/wp\/v2\/categories?post=194323"},{"taxonomy":"post_tag","embeddable":true,"href":"https:\/\/www.enerjigazetesi.ist\/en\/wp-json\/wp\/v2\/tags?post=194323"}],"curies":[{"name":"wp","href":"https:\/\/api.w.org\/{rel}","templated":true}]}}