{"id":194275,"date":"2025-01-20T12:09:25","date_gmt":"2025-01-20T09:09:25","guid":{"rendered":"https:\/\/www.enerjigazetesi.ist\/?p=194275"},"modified":"2025-01-20T12:10:11","modified_gmt":"2025-01-20T09:10:11","slug":"gunes-enerjisinde-yerlilesme-hamlesi","status":"publish","type":"post","link":"https:\/\/www.enerjigazetesi.ist\/en\/gunes-enerjisinde-yerlilesme-hamlesi\/","title":{"rendered":"(Turkish) G\u00fcne\u015f Enerjisinde Yerlile\u015fme Hamlesi"},"content":{"rendered":"<p class=\"qtranxs-available-languages-message qtranxs-available-languages-message-en\">Sorry, this entry is only available in <a href=\"https:\/\/www.enerjigazetesi.ist\/tr\/wp-json\/wp\/v2\/posts\/194275\" class=\"qtranxs-available-language-link qtranxs-available-language-link-tr\" title=\"Turkish\">Turkish<\/a>. For the sake of viewer convenience, the content is shown below in the alternative language. You may click the link to switch the active language.<\/p><p><\/p>\n<h2>Enerji ve Tabii Kaynaklar Bakan\u0131 Alparslan Bayraktar, Alia\u011fa G\u00fcne\u015f H\u00fccresi ve Paneli Entegre \u00dcretim Tesisi\u2019nin a\u00e7\u0131l\u0131\u015f t\u00f6renine kat\u0131ld\u0131. Tesisin\u00a0y\u0131ll\u0131k 800 megavat kapasite ile g\u00fcne\u015f h\u00fccresi \u00fcretece\u011fini ifade eden Bakan Bayraktar, <em>\u201cFabrikam\u0131z, g\u00fcne\u015f paneli \u00fcretiminde neredeyse tamam\u0131 ithal olarak temin edilen g\u00fcne\u015f h\u00fccrelerini yerlile\u015ftirecek. Bu alandaki d\u0131\u015fa ba\u011f\u0131ml\u0131l\u0131\u011f\u0131m\u0131z\u0131 ve dolay\u0131s\u0131yla cari a\u00e7\u0131\u011f\u0131m\u0131z\u0131 azaltacak.\u201d<\/em> dedi.<\/h2>\n<p style=\"text-align: center;\"><img loading=\"lazy\" class=\"aligncenter wp-image-194291\" src=\"https:\/\/www.enerjigazetesi.ist\/wp-content\/uploads\/2025\/01\/gunes-enerjisinde-yerlilesme-hamlesi.jpg\" alt=\"\" width=\"500\" height=\"329\" srcset=\"https:\/\/www.enerjigazetesi.ist\/wp-content\/uploads\/2025\/01\/gunes-enerjisinde-yerlilesme-hamlesi.jpg 550w, https:\/\/www.enerjigazetesi.ist\/wp-content\/uploads\/2025\/01\/gunes-enerjisinde-yerlilesme-hamlesi-300x197.jpg 300w, https:\/\/www.enerjigazetesi.ist\/wp-content\/uploads\/2025\/01\/gunes-enerjisinde-yerlilesme-hamlesi-500x329.jpg 500w, https:\/\/www.enerjigazetesi.ist\/wp-content\/uploads\/2025\/01\/gunes-enerjisinde-yerlilesme-hamlesi-76x50.jpg 76w\" sizes=\"(max-width: 500px) 100vw, 500px\" \/><\/p>\n<h3><strong>\u0130zmir\u2019de A\u00e7\u0131l\u0131\u015f T\u00f6reni\u00a0<\/strong><\/h3>\n<p>Smart G\u00fcne\u015f Teknolojileri Y\u00f6netim Kurulu Ba\u015fkan\u0131 Halil Demirda\u011f\u2019\u0131n ev sahipli\u011findeki a\u00e7\u0131l\u0131\u015f t\u00f6renine Sanayi ve Teknoloji Bakan\u0131 Mehmet Fatih Kac\u0131r, \u0130zmir Valisi S\u00fcleyman Elban ve EPDK Ba\u015fkan\u0131 Mustafa Y\u0131lmaz da kat\u0131ld\u0131.<\/p>\n<h3><strong>Her Derde Deva<\/strong><\/h3>\n<p>T\u00f6rende konu\u015fan Bakan Bayraktar, t\u00fcm d\u00fcnyada enerjinin d\u00f6n\u00fc\u015ft\u00fc\u011f\u00fcn\u00fc, T\u00fcrkiye\u2019nin de yeni bir enerji mimarisi i\u00e7in \u00e7aba harcad\u0131\u011f\u0131n\u0131 kaydetti. Bayraktar, burada \u00fc\u00e7 temel \u00f6nceli\u011fin arz g\u00fcvenli\u011fini sa\u011flamak, d\u0131\u015fa ba\u011f\u0131ml\u0131l\u0131\u011f\u0131 azaltmak ve iklim de\u011fi\u015fikli\u011fiyle m\u00fccadele oldu\u011funu vurgulayarak <em>\u201cYenilenebilir enerji, adeta her derde deva. Yenilenebilir enerji yat\u0131r\u0131mlar\u0131na yo\u011funla\u015farak artan talebi kar\u015f\u0131lay\u0131p d\u0131\u015fa ba\u011f\u0131ml\u0131l\u0131\u011f\u0131 azaltarak karbonsuz \u00fcretim ile net s\u0131f\u0131r emisyon hedefine katk\u0131 sa\u011fl\u0131yoruz.\u201d<\/em> dedi.<\/p>\n<h3><strong>Sessiz Devrim<\/strong><\/h3>\n<p>T\u00fcrkiye\u2019nin son 15 y\u0131lda yenilenebilir enerjide sessiz bir devrim ger\u00e7ekle\u015ftirdi\u011finin alt\u0131n\u0131 \u00e7izen Bayraktar, <em>\u201cR\u00fczg\u00e2r ve g\u00fcne\u015fte neredeyse s\u0131f\u0131r olan kurulu g\u00fcc\u00fcm\u00fcz\u00fc yakla\u015f\u0131k 33 bin megavata getirdik. Bug\u00fcn itibar\u0131yla sadece g\u00fcne\u015fte yakla\u015f\u0131k 20 bin megavatl\u0131k bir kurulu g\u00fcce eri\u015ftik. R\u00fczg\u00e2r ve g\u00fcne\u015ften \u00fcretti\u011fimiz elektrik, \u00fclkemizdeki t\u00fcm hanelerin y\u0131ll\u0131k elektrik ihtiyac\u0131n\u0131 kar\u015f\u0131lar hale geldi.\u201d<\/em> diye konu\u015ftu.<\/p>\n<h3><strong>\u0130haleleri Tamamlayaca\u011f\u0131z<\/strong><\/h3>\n<p>Bayraktar, \u201cYenilenebilir Enerji 2035\u201d yol haritas\u0131 do\u011frultusunda yakla\u015f\u0131k 80 milyar dolarl\u0131k yeni yat\u0131r\u0131mla 120 bin megavatl\u0131k bir kurulu g\u00fcce ula\u015facaklar\u0131na i\u015faret ederek yeni bir YEKA\u00a0modeli geli\u015ftirdiklerini s\u00f6yledi. Bu modelle 2035 y\u0131l\u0131na kadar her y\u0131l en az 2 bin megavatl\u0131k YEKA yar\u0131\u015fmas\u0131 yapacaklar\u0131n\u0131 bildiren Bayraktar, \u201c2024 y\u0131l\u0131 i\u00e7in YEKA RES ve YEKA GES yar\u0131\u015fmalar\u0131, bu y\u0131l Ocak ve \u015eubat aylar\u0131nda tamamlanacak. 2025 RES ve GES YEKA yar\u0131\u015fmalar\u0131n\u0131 da bu y\u0131l sonunda yapmay\u0131 hedefliyoruz.\u201d dedi.<\/p>\n<h3><strong>Yat\u0131r\u0131m Ortam\u0131<\/strong><\/h3>\n<p>Politikalar\u0131 olu\u015ftururken bir ba\u011f\u0131ml\u0131l\u0131ktan kurtar\u0131p di\u011ferine teslim olmamaya dikkat ettiklerini belirten Bayraktar, <em>\u201cBug\u00fcn d\u00fcnyada panel \u00fcretiminin y\u00fczde 75\u2019i, h\u00fccre \u00fcretiminin y\u00fczde 85\u2019i, wafer \u00fcretiminin de y\u00fczde 97\u2019si tek bir \u00fclkede ger\u00e7ekle\u015fiyor. Bu nedenle biz yerli sanayimizi te\u015fvik amac\u0131yla YEKA yar\u0131\u015fmalar\u0131nda RES\u2019lerde kullan\u0131lacak olan t\u00fcrbinlerin asgari 55 puanl\u0131k yerlilik \u015fart\u0131n\u0131, GES\u2019lerde kullan\u0131lacak olan panellerde de asgari y\u00fczde 75 yerlilik oran\u0131n\u0131 s\u00fcrd\u00fcrmeye devam edece\u011fiz. Ortaya koydu\u011fumuz uzun d\u00f6nemli, \u00f6l\u00e7ek ekonomisine sahip ve \u00f6ng\u00f6r\u00fclebilir politikalarla daha g\u00fcvenli bir yat\u0131r\u0131m ortam\u0131 olu\u015fturmaya gayret ediyoruz.\u201d<\/em> de\u011ferlendirmesini yapt\u0131.<\/p>\n<h3><strong>Yerli G\u00fcne\u015f H\u00fccresi<\/strong><\/h3>\n<p>Bayraktar, a\u00e7\u0131l\u0131\u015f\u0131 yap\u0131lan y\u0131ll\u0131k 800 megavat kapasiteli h\u00fccre \u00fcretim tesisi hakk\u0131nda bilgi vererek <em>\u201cFabrikam\u0131z, g\u00fcne\u015f paneli \u00fcretiminde neredeyse tamam\u0131 ithal olarak temin edilen g\u00fcne\u015f h\u00fccrelerini yerlile\u015ftirecek. Bu alandaki d\u0131\u015fa ba\u011f\u0131ml\u0131l\u0131\u011f\u0131m\u0131z\u0131 ve dolay\u0131s\u0131yla cari a\u00e7\u0131\u011f\u0131m\u0131z\u0131 azaltacak. \u00dclkemizin g\u00fcc\u00fcne g\u00fc\u00e7 katacak.\u201d<\/em> ifadelerini kulland\u0131.<\/p>\n<p>Kaynak: <a href=\"https:\/\/enerji.gov.tr\/haber-detay?id=21438\" target=\"_blank\" rel=\"noopener\">ETKB<\/a><\/p>\n<p>Yay\u0131na Alan: Alperen ERTA\u015e &#8211; <a href=\"mailto:alperen.ertas@enerjigazetesi.ist\" target=\"_blank\" rel=\"noopener\">alperen.ertas@enerjigazetesi.ist<\/a><\/p>","protected":false},"excerpt":{"rendered":"<p>Sorry, this entry is only available in Turkish. For the sake of viewer convenience, the content is shown below in the alternative language. You may click the link to switch the active language. Enerji ve Tabii Kaynaklar Bakan\u0131 Alparslan Bayraktar, Alia\u011fa G\u00fcne\u015f H\u00fccresi ve Paneli Entegre \u00dcretim Tesisi\u2019nin a\u00e7\u0131l\u0131\u015f t\u00f6renine kat\u0131ld\u0131. Tesisin\u00a0y\u0131ll\u0131k 800 megavat kapasite [&hellip;]<\/p>\n","protected":false},"author":19,"featured_media":194291,"comment_status":"open","ping_status":"open","sticky":false,"template":"","format":"standard","meta":[],"categories":[51,53,49],"tags":[115795,61,13,21925,8255,98348,27987],"views":11,"_links":{"self":[{"href":"https:\/\/www.enerjigazetesi.ist\/en\/wp-json\/wp\/v2\/posts\/194275"}],"collection":[{"href":"https:\/\/www.enerjigazetesi.ist\/en\/wp-json\/wp\/v2\/posts"}],"about":[{"href":"https:\/\/www.enerjigazetesi.ist\/en\/wp-json\/wp\/v2\/types\/post"}],"author":[{"embeddable":true,"href":"https:\/\/www.enerjigazetesi.ist\/en\/wp-json\/wp\/v2\/users\/19"}],"replies":[{"embeddable":true,"href":"https:\/\/www.enerjigazetesi.ist\/en\/wp-json\/wp\/v2\/comments?post=194275"}],"version-history":[{"count":0,"href":"https:\/\/www.enerjigazetesi.ist\/en\/wp-json\/wp\/v2\/posts\/194275\/revisions"}],"wp:featuredmedia":[{"embeddable":true,"href":"https:\/\/www.enerjigazetesi.ist\/en\/wp-json\/wp\/v2\/media\/194291"}],"wp:attachment":[{"href":"https:\/\/www.enerjigazetesi.ist\/en\/wp-json\/wp\/v2\/media?parent=194275"}],"wp:term":[{"taxonomy":"category","embeddable":true,"href":"https:\/\/www.enerjigazetesi.ist\/en\/wp-json\/wp\/v2\/categories?post=194275"},{"taxonomy":"post_tag","embeddable":true,"href":"https:\/\/www.enerjigazetesi.ist\/en\/wp-json\/wp\/v2\/tags?post=194275"}],"curies":[{"name":"wp","href":"https:\/\/api.w.org\/{rel}","templated":true}]}}