{"id":194258,"date":"2025-01-17T15:41:53","date_gmt":"2025-01-17T12:41:53","guid":{"rendered":"https:\/\/www.enerjigazetesi.ist\/?p=194258"},"modified":"2025-01-17T15:41:53","modified_gmt":"2025-01-17T12:41:53","slug":"tat-gida-manisada-gunes-enerjisi-santrali-kuracak","status":"publish","type":"post","link":"https:\/\/www.enerjigazetesi.ist\/en\/tat-gida-manisada-gunes-enerjisi-santrali-kuracak\/","title":{"rendered":"(Turkish) &#8217;Tat G\u0131da&#8217; Manisa\u2019da G\u00fcne\u015f Enerjisi Santrali Kuracak"},"content":{"rendered":"<p class=\"qtranxs-available-languages-message qtranxs-available-languages-message-en\">Sorry, this entry is only available in <a href=\"https:\/\/www.enerjigazetesi.ist\/tr\/wp-json\/wp\/v2\/posts\/194258\" class=\"qtranxs-available-language-link qtranxs-available-language-link-tr\" title=\"Turkish\">Turkish<\/a>. For the sake of viewer convenience, the content is shown below in the alternative language. You may click the link to switch the active language.<\/p><p><\/p>\n<header class=\"col-12\">\n<h2>Tat G\u0131da, s\u00fcrd\u00fcr\u00fclebilirlik hedefleri do\u011frultusunda Manisa Yunusemre Ak\u00e7ak\u00f6y&#8217;de 1,1 milyon dolar yat\u0131r\u0131mla g\u00fcne\u015f enerjisi santrali (GES) kuruyor. 2.316 kWp g\u00fcc\u00fcndeki santral sayesinde \u015firket, enerji t\u00fcketiminin %19,49\u2019unu yenilenebilir kaynaklardan kar\u015f\u0131layarak karbon ayak izini 1.679 ton azaltmay\u0131 hedefliyor.<\/h2>\n<p style=\"text-align: center;\"><img loading=\"lazy\" class=\"aligncenter wp-image-194260\" src=\"https:\/\/www.enerjigazetesi.ist\/wp-content\/uploads\/2025\/01\/tat-gida-manisada-gunes-enerjisi-santrali-kuracak.jpg\" alt=\"\" width=\"500\" height=\"393\" srcset=\"https:\/\/www.enerjigazetesi.ist\/wp-content\/uploads\/2025\/01\/tat-gida-manisada-gunes-enerjisi-santrali-kuracak.jpg 550w, https:\/\/www.enerjigazetesi.ist\/wp-content\/uploads\/2025\/01\/tat-gida-manisada-gunes-enerjisi-santrali-kuracak-300x236.jpg 300w, https:\/\/www.enerjigazetesi.ist\/wp-content\/uploads\/2025\/01\/tat-gida-manisada-gunes-enerjisi-santrali-kuracak-500x393.jpg 500w, https:\/\/www.enerjigazetesi.ist\/wp-content\/uploads\/2025\/01\/tat-gida-manisada-gunes-enerjisi-santrali-kuracak-64x50.jpg 64w\" sizes=\"(max-width: 500px) 100vw, 500px\" \/><\/p>\n<p>Y\u00f6netim Kurulu Ba\u015fkan\u0131 Veysel Memi\u015f, 2050&#8217;de net s\u0131f\u0131r karbon hedefine ula\u015fmay\u0131 ama\u00e7lad\u0131klar\u0131n\u0131 ve \u00e7evre dostu \u00fcretim modellerine yat\u0131r\u0131m yapmaya devam edeceklerini vurgulad\u0131.<\/p>\n<p><strong>Tat G\u0131da Sanayi A\u015e<\/strong>, s\u00fcrd\u00fcr\u00fclebilirlik hedefleri do\u011frultusunda Manisa\u2019n\u0131n Yunusemre il\u00e7esine ba\u011fl\u0131 Ak\u00e7ak\u00f6y\u2019de 1,1 milyon dolar yat\u0131r\u0131mla 2.316 kilowatt pik (kWp) g\u00fcc\u00fcnde\u00a0<strong>g\u00fcne\u015f enerjisi santrali (GES)<\/strong>\u00a0kuracak. Bu yat\u0131r\u0131mla \u015firket, y\u0131ll\u0131k enerji ihtiyac\u0131n\u0131n yakla\u015f\u0131k y\u00fczde 19,49\u2019unu yenilenebilir kaynaklardan kar\u015f\u0131layarak karbon ayak izini 1.679 ton azaltmay\u0131 hedefliyor.<\/p>\n<p>\u015eirketin \u00e7evre dostu \u00fcretim hedeflerine uygun olarak hayata ge\u00e7irdi\u011fi proje kapsam\u0131nda, 27.570 metrekarelik alanda kurulacak santral, bu y\u0131l\u0131n ilk \u00e7eyre\u011finde tamamlanarak devreye al\u0131nacak. Tat G\u0131da, bu santral sayesinde y\u0131ll\u0131k 3.800 megavat saat (MWh) elektrik \u00fcretecek.<\/p>\n<h3>Net S\u0131f\u0131r Karbon Hedefine Do\u011fru<\/h3>\n<p>Tat G\u0131da Y\u00f6netim Kurulu Ba\u015fkan\u0131 <strong>Veysel Memi\u015f<\/strong>, s\u00fcrd\u00fcr\u00fclebilirlik hedeflerinin k\u00fcresel \u00e7evre politikalar\u0131yla uyumlu oldu\u011funu belirtti. Memi\u015f, karbon ayak izini 2030 y\u0131l\u0131na kadar y\u00fczde 55 azaltmay\u0131 ve 2050\u2019ye kadar t\u00fcm \u00fcretim s\u00fcre\u00e7lerinde net s\u0131f\u0131r karbon hedefine ula\u015fmay\u0131 ama\u00e7lad\u0131klar\u0131n\u0131 ifade etti.<\/p>\n<p>Memi\u015f, \u00e7evre dostu \u00fcretim modellerine verdikleri \u00f6neme vurgu yaparak <span style=\"text-decoration: underline;\">\u015funlar\u0131 s\u00f6yledi:<\/span><\/p>\n<p><em>&#8220;\u00dcretim s\u00fcre\u00e7lerimizde yenilenebilir enerji kaynaklar\u0131ndan en y\u00fcksek d\u00fczeyde faydalanaca\u011f\u0131z. Manisa\u2019dan sonra Afyonkarahisar \u00c7i\u00e7ektepe\u2019de 7,3 megavat elektrik (MWe) kurulu g\u00fcce sahip yeni bir GES yat\u0131r\u0131m\u0131n\u0131 da bu y\u0131l i\u00e7erisinde hayata ge\u00e7irmeyi planl\u0131yoruz.&#8221;<\/em><\/p>\n<h3>43 \u00dclkeye \u0130hracat, Ye\u015fil Mutabakat Uyumu<\/h3>\n<p>Tat G\u0131da, halihaz\u0131rda 43 \u00fclkeye ihracat yaparken, \u00f6zellikle Avrupa Birli\u011fi pazar\u0131n\u0131 stratejik \u00f6ncelikleri aras\u0131nda de\u011ferlendiriyor. Avrupa Ye\u015fil Mutabakat\u0131 kriterlerine uyumlu \u015fekilde \u00fcretim s\u00fcre\u00e7lerini geli\u015ftirmeyi hedefleyen \u015firket, 2050\u2019de tamamen net s\u0131f\u0131r karbon bir yap\u0131 olu\u015fturmay\u0131 ama\u00e7l\u0131yor.<\/p>\n<p>Bu kapsamda, do\u011fay\u0131 koruyarak kaliteli ve sa\u011fl\u0131kl\u0131 \u00fcr\u00fcnler \u00fcretmeye devam ettiklerini belirten Memi\u015f, gelecek nesiller i\u00e7in g\u00fcvenli bir g\u0131da ekosistemi olu\u015fturma hedeflerinin \u00f6ncelikleri aras\u0131nda oldu\u011funu vurgulad\u0131.<\/p>\n<\/header>\n<p><\/p>","protected":false},"excerpt":{"rendered":"<p>Sorry, this entry is only available in Turkish. For the sake of viewer convenience, the content is shown below in the alternative language. You may click the link to switch the active language. Tat G\u0131da, s\u00fcrd\u00fcr\u00fclebilirlik hedefleri do\u011frultusunda Manisa Yunusemre Ak\u00e7ak\u00f6y&#8217;de 1,1 milyon dolar yat\u0131r\u0131mla g\u00fcne\u015f enerjisi santrali (GES) kuruyor. 2.316 kWp g\u00fcc\u00fcndeki santral sayesinde [&hellip;]<\/p>\n","protected":false},"author":1,"featured_media":194260,"comment_status":"open","ping_status":"open","sticky":false,"template":"","format":"standard","meta":[],"categories":[51,53,49],"tags":[2326,2569,115788,115787],"views":44,"_links":{"self":[{"href":"https:\/\/www.enerjigazetesi.ist\/en\/wp-json\/wp\/v2\/posts\/194258"}],"collection":[{"href":"https:\/\/www.enerjigazetesi.ist\/en\/wp-json\/wp\/v2\/posts"}],"about":[{"href":"https:\/\/www.enerjigazetesi.ist\/en\/wp-json\/wp\/v2\/types\/post"}],"author":[{"embeddable":true,"href":"https:\/\/www.enerjigazetesi.ist\/en\/wp-json\/wp\/v2\/users\/1"}],"replies":[{"embeddable":true,"href":"https:\/\/www.enerjigazetesi.ist\/en\/wp-json\/wp\/v2\/comments?post=194258"}],"version-history":[{"count":0,"href":"https:\/\/www.enerjigazetesi.ist\/en\/wp-json\/wp\/v2\/posts\/194258\/revisions"}],"wp:featuredmedia":[{"embeddable":true,"href":"https:\/\/www.enerjigazetesi.ist\/en\/wp-json\/wp\/v2\/media\/194260"}],"wp:attachment":[{"href":"https:\/\/www.enerjigazetesi.ist\/en\/wp-json\/wp\/v2\/media?parent=194258"}],"wp:term":[{"taxonomy":"category","embeddable":true,"href":"https:\/\/www.enerjigazetesi.ist\/en\/wp-json\/wp\/v2\/categories?post=194258"},{"taxonomy":"post_tag","embeddable":true,"href":"https:\/\/www.enerjigazetesi.ist\/en\/wp-json\/wp\/v2\/tags?post=194258"}],"curies":[{"name":"wp","href":"https:\/\/api.w.org\/{rel}","templated":true}]}}