{"id":194225,"date":"2025-01-17T12:19:17","date_gmt":"2025-01-17T09:19:17","guid":{"rendered":"https:\/\/www.enerjigazetesi.ist\/?p=194225"},"modified":"2025-01-17T12:19:17","modified_gmt":"2025-01-17T09:19:17","slug":"kuveyt-turk-ispartadaki-gesini-devreye-aldi","status":"publish","type":"post","link":"https:\/\/www.enerjigazetesi.ist\/en\/kuveyt-turk-ispartadaki-gesini-devreye-aldi\/","title":{"rendered":"(Turkish) Kuveyt T\u00fcrk Isparta\u2019daki GES&#8217;ini Devreye Ald\u0131"},"content":{"rendered":"<p class=\"qtranxs-available-languages-message qtranxs-available-languages-message-en\">Sorry, this entry is only available in <a href=\"https:\/\/www.enerjigazetesi.ist\/tr\/wp-json\/wp\/v2\/posts\/194225\" class=\"qtranxs-available-language-link qtranxs-available-language-link-tr\" title=\"Turkish\">Turkish<\/a>. For the sake of viewer convenience, the content is shown below in the alternative language. You may click the link to switch the active language.<\/p><p><\/p>\n<h2>Kuveyt T\u00fcrk, yenilenebilir enerji hedefleri do\u011frultusunda 13,7 MWp g\u00fcc\u00fcndeki g\u00fcne\u015f enerji santralini Isparta\u2019da devreye ald\u0131.<\/h2>\n<p style=\"text-align: center;\"><img loading=\"lazy\" class=\"aligncenter wp-image-194227\" src=\"https:\/\/www.enerjigazetesi.ist\/wp-content\/uploads\/2025\/01\/kuveyt-turk-ispartadaki-gesini-devreye-aldi.jpg\" alt=\"\" width=\"500\" height=\"407\" srcset=\"https:\/\/www.enerjigazetesi.ist\/wp-content\/uploads\/2025\/01\/kuveyt-turk-ispartadaki-gesini-devreye-aldi.jpg 550w, https:\/\/www.enerjigazetesi.ist\/wp-content\/uploads\/2025\/01\/kuveyt-turk-ispartadaki-gesini-devreye-aldi-300x244.jpg 300w, https:\/\/www.enerjigazetesi.ist\/wp-content\/uploads\/2025\/01\/kuveyt-turk-ispartadaki-gesini-devreye-aldi-491x400.jpg 491w, https:\/\/www.enerjigazetesi.ist\/wp-content\/uploads\/2025\/01\/kuveyt-turk-ispartadaki-gesini-devreye-aldi-61x50.jpg 61w, https:\/\/www.enerjigazetesi.ist\/wp-content\/uploads\/2025\/01\/kuveyt-turk-ispartadaki-gesini-devreye-aldi-500x407.jpg 500w\" sizes=\"(max-width: 500px) 100vw, 500px\" \/><\/p>\n<p>Kuveyt T\u00fcrk, genel m\u00fcd\u00fcrl\u00fck ve bankac\u0131l\u0131k \u00fcss\u00fc dahil \u00fclke genelindeki t\u00fcm lokasyonlar\u0131n\u0131n elektrik ihtiyac\u0131n\u0131n y\u00fczde 80\u2019ini yenilenebilir enerjiden kar\u015f\u0131l\u0131yor.<\/p>\n<p>T\u00fcrkiye\u2019nin \u00f6nc\u00fc kat\u0131l\u0131m finans kurulu\u015fu Kuveyt T\u00fcrk, yenilenebilir enerji kaynaklar\u0131 kullanarak \u00e7evreye olan katk\u0131s\u0131n\u0131 art\u0131rmaya ve s\u00fcrd\u00fcr\u00fclebilir bir gelecek i\u00e7in \u00f6nemli ad\u0131mlar atmaya devam ediyor. Bu kapsamda Isparta\u2019daki 133 d\u00f6n\u00fcml\u00fck araziye kurulu 13,7 MWp g\u00fcc\u00fcndeki g\u00fcne\u015f enerji santralini devreye ald\u0131. Enerji santrali, Kuveyt T\u00fcrk\u2019\u00fcn genel m\u00fcd\u00fcrl\u00fck ve bankac\u0131l\u0131k \u00fcss\u00fcn\u00fcn yan\u0131 s\u0131ra T\u00fcrkiye genelindeki t\u00fcm \u015fubelerinin elektrik ihtiyac\u0131n\u0131 \u00f6nemli \u00f6l\u00e7\u00fcde kar\u015f\u0131l\u0131yor.<\/p>\n<h3>\u201cYenilenebilir Enerjiyle Karbon Emisyonumuzu Azaltmay\u0131 Hedefliyoruz\u201d<\/h3>\n<p><strong>Kuveyt T\u00fcrk Genel M\u00fcd\u00fcr\u00fc Ufuk Uyan<\/strong> <em>\u201cDo\u011fay\u0131 ve \u00e7evreyi korumay\u0131 kurum k\u00fclt\u00fcr\u00fcm\u00fcz\u00fcn temeli olarak g\u00f6r\u00fcyoruz. Bu kapsamda, gelecek nesillerin enerji ihtiyac\u0131n\u0131 kar\u015f\u0131lamak ve \u00e7evreye verilen zarar\u0131 azaltmak amac\u0131yla yenilenebilir enerji kaynaklar\u0131n\u0131n kullan\u0131m\u0131na ve karbon ayak izinin azalt\u0131lmas\u0131na b\u00fcy\u00fck \u00f6nem veriyoruz. Kurumsal stratejilerimiz aras\u0131nda yer alan \u2018s\u00fcrd\u00fcr\u00fclebilir bir d\u00fcnya in\u015fa etmeye \u00f6nc\u00fcl\u00fck etmek\u2019 hedefimiz do\u011frultusunda, Isparta ili s\u0131n\u0131rlar\u0131 i\u00e7erisinde 133 d\u00f6n\u00fcml\u00fck araziye kurulu 13,7 MWp g\u00fcc\u00fcndeki g\u00fcne\u015f enerji santralini devreye ald\u0131k. GES projemizle birlikte elde edece\u011fimiz yenilenebilir enerji sayesinde 21,3 GWh elektri\u011fi temiz enerji kaynaklar\u0131ndan sa\u011flayarak emisyonlar\u0131m\u0131z\u0131 ciddi miktarda azaltmay\u0131 hedefliyoruz. T\u00fcrkiye genelindeki t\u00fcm lokasyonlar\u0131m\u0131z\u0131n elektrik ihtiyac\u0131n\u0131n %80&#8217;ini bu santral \u00fczerinden kar\u015f\u0131l\u0131yoruz. S\u00fcrd\u00fcr\u00fclebilirli\u011fin kat\u0131l\u0131m finans\u0131n gereksinimlerinden oldu\u011funa inanan bir kurum olarak bu alandaki \u00e7al\u0131\u015fmalar\u0131m\u0131za devam edece\u011fiz\u201d<\/em> dedi.<\/p>","protected":false},"excerpt":{"rendered":"<p>Sorry, this entry is only available in Turkish. For the sake of viewer convenience, the content is shown below in the alternative language. You may click the link to switch the active language. Kuveyt T\u00fcrk, yenilenebilir enerji hedefleri do\u011frultusunda 13,7 MWp g\u00fcc\u00fcndeki g\u00fcne\u015f enerji santralini Isparta\u2019da devreye ald\u0131. Kuveyt T\u00fcrk, genel m\u00fcd\u00fcrl\u00fck ve bankac\u0131l\u0131k \u00fcss\u00fc [&hellip;]<\/p>\n","protected":false},"author":1,"featured_media":194227,"comment_status":"open","ping_status":"open","sticky":false,"template":"","format":"standard","meta":[],"categories":[53,49],"tags":[2326,6014,14167,57359],"views":47,"_links":{"self":[{"href":"https:\/\/www.enerjigazetesi.ist\/en\/wp-json\/wp\/v2\/posts\/194225"}],"collection":[{"href":"https:\/\/www.enerjigazetesi.ist\/en\/wp-json\/wp\/v2\/posts"}],"about":[{"href":"https:\/\/www.enerjigazetesi.ist\/en\/wp-json\/wp\/v2\/types\/post"}],"author":[{"embeddable":true,"href":"https:\/\/www.enerjigazetesi.ist\/en\/wp-json\/wp\/v2\/users\/1"}],"replies":[{"embeddable":true,"href":"https:\/\/www.enerjigazetesi.ist\/en\/wp-json\/wp\/v2\/comments?post=194225"}],"version-history":[{"count":0,"href":"https:\/\/www.enerjigazetesi.ist\/en\/wp-json\/wp\/v2\/posts\/194225\/revisions"}],"wp:featuredmedia":[{"embeddable":true,"href":"https:\/\/www.enerjigazetesi.ist\/en\/wp-json\/wp\/v2\/media\/194227"}],"wp:attachment":[{"href":"https:\/\/www.enerjigazetesi.ist\/en\/wp-json\/wp\/v2\/media?parent=194225"}],"wp:term":[{"taxonomy":"category","embeddable":true,"href":"https:\/\/www.enerjigazetesi.ist\/en\/wp-json\/wp\/v2\/categories?post=194225"},{"taxonomy":"post_tag","embeddable":true,"href":"https:\/\/www.enerjigazetesi.ist\/en\/wp-json\/wp\/v2\/tags?post=194225"}],"curies":[{"name":"wp","href":"https:\/\/api.w.org\/{rel}","templated":true}]}}