{"id":194189,"date":"2025-01-15T16:27:58","date_gmt":"2025-01-15T13:27:58","guid":{"rendered":"https:\/\/www.enerjigazetesi.ist\/?p=194189"},"modified":"2025-01-15T16:27:58","modified_gmt":"2025-01-15T13:27:58","slug":"suriyeye-sagladigimiz-enerjiyi-arttirmayi-planliyoruz","status":"publish","type":"post","link":"https:\/\/www.enerjigazetesi.ist\/en\/suriyeye-sagladigimiz-enerjiyi-arttirmayi-planliyoruz\/","title":{"rendered":"(Turkish) Suriye\u2019ye Sa\u011flad\u0131\u011f\u0131m\u0131z Enerjiyi Artt\u0131rmay\u0131 Planl\u0131yoruz"},"content":{"rendered":"<p class=\"qtranxs-available-languages-message qtranxs-available-languages-message-en\">Sorry, this entry is only available in <a href=\"https:\/\/www.enerjigazetesi.ist\/tr\/wp-json\/wp\/v2\/posts\/194189\" class=\"qtranxs-available-language-link qtranxs-available-language-link-tr\" title=\"Turkish\">Turkish<\/a>. For the sake of viewer convenience, the content is shown below in the alternative language. You may click the link to switch the active language.<\/p><p><\/p>\n<h2>Suriye\u2019nin yeniden in\u015fas\u0131 i\u00e7in \u015eam\u2019a iki farkl\u0131 heyet g\u00f6ndererek durum tespiti yapt\u0131ran Enerji ve Tabii Kaynaklar Bakan\u0131 Alparslan Bayraktar, Birle\u015fik Arap Emirlikleri\u2019nin ba\u015fkenti Abu Dabi\u2019de Suriye mesaj\u0131 verdi. Kom\u015fularla ili\u015fkilerin \u00f6nemine de\u011finen Bakan Bayraktar, \u201cKom\u015fular\u0131m\u0131zla olan enterkonneksiyonlar\u0131m\u0131z\u0131 art\u0131rmay\u0131 ve 3 kat\u0131na \u00e7\u0131karmay\u0131 hedefliyoruz. \u015eu an Irak\u2019a enerji sa\u011fl\u0131yoruz. Yak\u0131n zamanda Suriye&#8217;ye sa\u011flad\u0131\u011f\u0131m\u0131z enerjiyi de art\u0131rmay\u0131 planl\u0131yoruz ve umar\u0131z b\u00f6lgede istikrar sa\u011flan\u0131r.\u201d dedi.<\/h2>\n<p style=\"text-align: center;\"><img loading=\"lazy\" class=\"aligncenter wp-image-194191\" src=\"https:\/\/www.enerjigazetesi.ist\/wp-content\/uploads\/2025\/01\/suriyeye-sagladigimiz-enerjiyi-arttirmayi-planliyoruz.jpg\" alt=\"\" width=\"500\" height=\"329\" srcset=\"https:\/\/www.enerjigazetesi.ist\/wp-content\/uploads\/2025\/01\/suriyeye-sagladigimiz-enerjiyi-arttirmayi-planliyoruz.jpg 550w, https:\/\/www.enerjigazetesi.ist\/wp-content\/uploads\/2025\/01\/suriyeye-sagladigimiz-enerjiyi-arttirmayi-planliyoruz-300x197.jpg 300w, https:\/\/www.enerjigazetesi.ist\/wp-content\/uploads\/2025\/01\/suriyeye-sagladigimiz-enerjiyi-arttirmayi-planliyoruz-500x329.jpg 500w, https:\/\/www.enerjigazetesi.ist\/wp-content\/uploads\/2025\/01\/suriyeye-sagladigimiz-enerjiyi-arttirmayi-planliyoruz-76x50.jpg 76w\" sizes=\"(max-width: 500px) 100vw, 500px\" \/><\/p>\n<h3><strong>D\u00f6n\u00fc\u015f\u00fcm Stratejisini Anlatt\u0131\u00a0<\/strong><\/h3>\n<p>Bakan Bayraktar, Uluslararas\u0131 Yenilenebilir Enerji Ajans\u0131 (IRENA) 15. Genel Kurulu&#8217;na kat\u0131ld\u0131. Genel Kurul kapsam\u0131nda d\u00fczenlenen \u201cGeli\u015fmekte Olan \u00dclkelerde Enerji D\u00f6n\u00fc\u015f\u00fcm Yollar\u0131\u201d ba\u015fl\u0131kl\u0131 panelde konu\u015fan Bakan Bayraktar, T\u00fcrkiye\u2019nin enerji d\u00f6n\u00fc\u015f\u00fcm stratejisini anlatt\u0131.<\/p>\n<h3><strong>Uzun Vadeli Strateji<\/strong><\/h3>\n<p>Bayraktar, T\u00fcrkiye\u2019nin enerji alan\u0131nda; artan enerji talebini kar\u015f\u0131lamak, enerjide d\u0131\u015fa ba\u011f\u0131ml\u0131l\u0131\u011f\u0131 azaltmak ve karbon n\u00f6tr bir ekonomi olmak gibi \u00fc\u00e7 temel meselesinin bulundu\u011funu belirterek bu konularla alakal\u0131 uzun vadeli bir strateji geli\u015ftirdiklerini ifade etti.<\/p>\n<h3><strong>Hanelerin Enerjisi Yenilenebilirden<\/strong><\/h3>\n<p>Bu stratejide yenilenebilir enerjinin \u00f6nemli bir rol oynad\u0131\u011f\u0131na i\u015faret eden Bayraktar, <em>\u201c\u00c7\u00fcnk\u00fc yenilenebilir enerji bu zorlu\u011fu da \u00e7\u00f6zebiliyor.\u201d<\/em> dedi. Bayraktar, T\u00fcrkiye\u2019nin yenilenebilir enerji kurulu g\u00fcc\u00fcn\u00fc 32 gigavata \u00e7\u0131kartt\u0131klar\u0131n\u0131 kaydederek hanelerde kullan\u0131lan elektri\u011fin tamam\u0131n\u0131n g\u00fcne\u015f ve r\u00fczg\u00e2rdan sa\u011fland\u0131\u011f\u0131n\u0131 bildirdi.<\/p>\n<h3><strong>Ye\u015fil \u015eebeke<\/strong><\/h3>\n<p>Yenilenebilir enerjide kurulu g\u00fcc\u00fc 120 gigavata yani 4 kat\u0131na \u00e7\u0131karma hedeflerinin oldu\u011funu anlatan Bayraktar, <em>\u201cBunu ba\u015farmak i\u00e7in yakla\u015f\u0131k 80 milyar dolarl\u0131k bir yat\u0131r\u0131ma ihtiyac\u0131m\u0131z var. Ayr\u0131ca daha dayan\u0131kl\u0131 ve g\u00fc\u00e7l\u00fc bir enerji \u015febekesine de ihtiyac\u0131m\u0131z var. Buna \u2018ye\u015fil \u015febeke\u2019 diyoruz ve iletim 2.0 tarz\u0131nda bir sistem kuraca\u011f\u0131z. \u015eebeke taraf\u0131nda \u00f6n\u00fcm\u00fczdeki 10 y\u0131l i\u00e7inde yakla\u015f\u0131k 28 milyar dolarl\u0131k bir yat\u0131r\u0131ma ihtiyac\u0131m\u0131z olacak.\u201d<\/em> dedi.<\/p>\n<h3><strong>B\u00f6lgesel \u0130\u015f Birlikleri<\/strong><\/h3>\n<p>B\u00f6lgesel i\u015f birliklerinin \u00f6nemine de\u011finen Bayraktar,<em> \u201cKom\u015fular\u0131m\u0131zla olan enterkonneksiyonlar\u0131m\u0131z\u0131 art\u0131rmay\u0131 ve 3 kat\u0131na \u00e7\u0131karmay\u0131 hedefliyoruz. \u015eu an Irak\u2019a enerji sa\u011fl\u0131yoruz. Yak\u0131n zamanda Suriye&#8217;ye sa\u011flad\u0131\u011f\u0131m\u0131z enerjiyi de art\u0131rmay\u0131 planl\u0131yoruz ve umar\u0131z b\u00f6lgede istikrar sa\u011flan\u0131r. Bu nedenle b\u00f6lgesel ba\u011flant\u0131lar ve i\u015f birli\u011fi her zamankinden daha \u00f6nemli.\u201d<\/em> diye konu\u015ftu.<\/p>\n<p>Kaynak: <a href=\"https:\/\/enerji.gov.tr\/haber-detay?id=21436\" target=\"_blank\" rel=\"noopener\">ETKB<\/a><\/p>","protected":false},"excerpt":{"rendered":"<p>Sorry, this entry is only available in Turkish. For the sake of viewer convenience, the content is shown below in the alternative language. You may click the link to switch the active language. Suriye\u2019nin yeniden in\u015fas\u0131 i\u00e7in \u015eam\u2019a iki farkl\u0131 heyet g\u00f6ndererek durum tespiti yapt\u0131ran Enerji ve Tabii Kaynaklar Bakan\u0131 Alparslan Bayraktar, Birle\u015fik Arap Emirlikleri\u2019nin [&hellip;]<\/p>\n","protected":false},"author":1,"featured_media":194191,"comment_status":"open","ping_status":"open","sticky":false,"template":"","format":"standard","meta":[],"categories":[51,53],"tags":[63,7489,4731,115773],"views":15,"_links":{"self":[{"href":"https:\/\/www.enerjigazetesi.ist\/en\/wp-json\/wp\/v2\/posts\/194189"}],"collection":[{"href":"https:\/\/www.enerjigazetesi.ist\/en\/wp-json\/wp\/v2\/posts"}],"about":[{"href":"https:\/\/www.enerjigazetesi.ist\/en\/wp-json\/wp\/v2\/types\/post"}],"author":[{"embeddable":true,"href":"https:\/\/www.enerjigazetesi.ist\/en\/wp-json\/wp\/v2\/users\/1"}],"replies":[{"embeddable":true,"href":"https:\/\/www.enerjigazetesi.ist\/en\/wp-json\/wp\/v2\/comments?post=194189"}],"version-history":[{"count":0,"href":"https:\/\/www.enerjigazetesi.ist\/en\/wp-json\/wp\/v2\/posts\/194189\/revisions"}],"wp:featuredmedia":[{"embeddable":true,"href":"https:\/\/www.enerjigazetesi.ist\/en\/wp-json\/wp\/v2\/media\/194191"}],"wp:attachment":[{"href":"https:\/\/www.enerjigazetesi.ist\/en\/wp-json\/wp\/v2\/media?parent=194189"}],"wp:term":[{"taxonomy":"category","embeddable":true,"href":"https:\/\/www.enerjigazetesi.ist\/en\/wp-json\/wp\/v2\/categories?post=194189"},{"taxonomy":"post_tag","embeddable":true,"href":"https:\/\/www.enerjigazetesi.ist\/en\/wp-json\/wp\/v2\/tags?post=194189"}],"curies":[{"name":"wp","href":"https:\/\/api.w.org\/{rel}","templated":true}]}}